{"id":61165,"date":"2024-08-31T06:48:36","date_gmt":"2024-08-31T04:48:36","guid":{"rendered":"https:\/\/www.infokuryr.cz\/n\/?p=61165"},"modified":"2024-08-31T06:48:36","modified_gmt":"2024-08-31T04:48:36","slug":"brazilsky-soud-zakazal-socialni-sit-x-a-ulozil-pokuty-za-jeji-pouzivani","status":"publish","type":"post","link":"https:\/\/www.infokuryr.cz\/n\/2024\/08\/31\/brazilsky-soud-zakazal-socialni-sit-x-a-ulozil-pokuty-za-jeji-pouzivani\/","title":{"rendered":"Brazilsk\u00fd soud zak\u00e1zal soci\u00e1ln\u00ed s\u00ed\u0165 X a ulo\u017eil pokuty za jej\u00ed pou\u017e\u00edv\u00e1n\u00ed"},"content":{"rendered":"<div id=\"fb-root\"><\/div>\n<p><strong>Nejvy\u0161\u0161\u00ed soud Braz\u00edlie pozastavil provoz soci\u00e1ln\u00ed s\u00edt\u011b X (Twitter) v zemi, uv\u00e1d\u00ed G1.<\/strong><\/p>\n<p><span>Soudce\u00a0<\/span><strong><span>Alexandre Moraes<\/span><\/strong><span>\u00a0se rozhodl pot\u00e9, co X nevyhov\u011bl \u017e\u00e1dosti o jmenov\u00e1n\u00ed nov\u00e9ho pr\u00e1vn\u00edho z\u00e1stupce v zemi. Braz\u00edlie tak\u00e9 zavede pokuty ve v\u00fd\u0161i 50 tis\u00edc brazilsk\u00fdch real\u016f (8,9 tis\u00edce dolar\u016f) za pou\u017e\u00edv\u00e1n\u00ed soci\u00e1ln\u00ed s\u00edt\u011b prost\u0159ednictv\u00edm VPN.<\/span><\/p>\n<p><span>Soud na\u0159\u00eddil brazilsk\u00e9 komunika\u010dn\u00ed agentu\u0159e (ANATEL) zablokovat X v zemi do 24 hodin. Apple a Google dostaly p\u011bt dn\u00ed na odstran\u011bn\u00ed aplikace soci\u00e1ln\u00ed s\u00edt\u011b z obchod\u016f.<\/span><\/p>\n<p><span>28. srpna dal Moraes X 24 hodin na jmenov\u00e1n\u00ed pr\u00e1vn\u00edho z\u00e1stupce v zemi, jinak j\u00ed vyhro\u017eoval, \u017ee ji ze zem\u011b zablokuje. Tato lh\u016fta vypr\u0161ela 29. srpna ve\u010der. Soci\u00e1ln\u00ed s\u00ed\u0165 odm\u00edtla uposlechnout \u201enez\u00e1konn\u00e9 p\u0159\u00edkazy\u201c.<\/span><\/p>\n<p><em>\u201ePo opakovan\u00e9m a \u00famysln\u00e9m nepln\u011bn\u00ed soudn\u00edch p\u0159\u00edkaz\u016f a neplacen\u00ed ulo\u017een\u00fdch pokut, stejn\u011b jako po pokusech nedodr\u017eovat brazilsk\u00e9 z\u00e1kony a soudnictv\u00ed, se na soci\u00e1ln\u00edch s\u00edt\u00edch v Braz\u00edlii vytvo\u0159ila atmosf\u00e9ra naprost\u00e9 beztrestnosti a bezpr\u00e1v\u00ed, a to i b\u011bhem Komun\u00e1ln\u00ed volby 2024,\u201c<span class=\"after-quote\"> &#8211; \u0159ekl soudce.<\/span><\/em><\/p>\n<p><span>Obvinil X z \u201emasivn\u00edho \u0161\u00ed\u0159en\u00ed nen\u00e1visti a rasistick\u00fdch pozn\u00e1mek\u201c a zasahov\u00e1n\u00ed do voleb.<\/span><\/p>\n<p><span>Krom\u011b toho soud na\u0159\u00eddil X, aby zaplatila pokuty ulo\u017een\u00e9 za odm\u00edtnut\u00ed zablokovat \u00fa\u010dty za \u201epad\u011blky\u201c. Hovo\u0159\u00edme o 18 milionech real\u016f (3,2 milionu dolar\u016f).<\/span><\/p>\n<p><span>Majitel X\u00a0<\/span><strong><span>Elon Musk<\/span><\/strong><span> reagoval na Moraesovo ultim\u00e1tum t\u00edm, \u017ee ho nazval \u201ezl\u00fdm dikt\u00e1torem vystupuj\u00edc\u00edm jako soudce\u201c.<\/span><\/p>\n<p><em>&#8222;Zav\u00edraj\u00ed prvn\u00ed zdroj pravdy v Braz\u00edlii&#8220;<span class=\"after-quote\">\u00a0&#8211; \u0159ekl Musk.<\/span><\/em><\/p>\n<p><span>17. srpna X ozn\u00e1mila, \u017ee ukon\u010d\u00ed \u010dinnost v Braz\u00edlii. P\u0159edt\u00edm j\u00ed soud na\u0159\u00eddil zablokovat n\u011bkolik \u00fa\u010dt\u016f kv\u016fli \u201epad\u011blk\u016fm\u201c. Soci\u00e1ln\u00ed s\u00ed\u0165 zpo\u010d\u00e1tku po\u017eadavk\u016fm vyhov\u011bla, ale pot\u00e9 Musk ozn\u00e1mil, \u017ee \u00fa\u010dty budou odblokov\u00e1ny. Moraes zah\u00e1jil proti podnikateli vy\u0161et\u0159ov\u00e1n\u00ed kv\u016fli ma\u0159en\u00ed \u010dinnosti soudu a pohrozil, \u017ee od n\u011bj bude denn\u011b vym\u00e1hat pokutu ve v\u00fd\u0161i 20 tis\u00edc dolar\u016f, dokud nebudou \u00fa\u010dty zablokov\u00e1ny. Musk obvinil soudce z \u201eagresivn\u00ed cenzury\u201c, p\u0159ipom\u00edn\u00e1 RBC.<\/span><\/p>\n<p><img decoding=\"async\" loading=\"lazy\" class=\"alignnone size-full wp-image-1185\" src=\"http:\/\/www.infokuryr.cz\/n\/wp-content\/uploads\/2021\/04\/kuryr-podpis.png\" alt=\"\" width=\"84\" height=\"24\" \/><\/p>\n<p>&nbsp;<\/p>\n","protected":false},"excerpt":{"rendered":"<p>Nejvy\u0161\u0161\u00ed soud Braz\u00edlie pozastavil provoz soci\u00e1ln\u00ed s\u00edt\u011b X (Twitter) v zemi, uv\u00e1d\u00ed G1. Soudce\u00a0Alexandre Moraes\u00a0se&#8230;<\/p>\n","protected":false},"author":2,"featured_media":61166,"comment_status":"closed","ping_status":"closed","sticky":false,"template":"","format":"standard","meta":[],"categories":[7],"tags":[288,7842,324,5795,720],"_links":{"self":[{"href":"https:\/\/www.infokuryr.cz\/n\/wp-json\/wp\/v2\/posts\/61165"}],"collection":[{"href":"https:\/\/www.infokuryr.cz\/n\/wp-json\/wp\/v2\/posts"}],"about":[{"href":"https:\/\/www.infokuryr.cz\/n\/wp-json\/wp\/v2\/types\/post"}],"author":[{"embeddable":true,"href":"https:\/\/www.infokuryr.cz\/n\/wp-json\/wp\/v2\/users\/2"}],"replies":[{"embeddable":true,"href":"https:\/\/www.infokuryr.cz\/n\/wp-json\/wp\/v2\/comments?post=61165"}],"version-history":[{"count":0,"href":"https:\/\/www.infokuryr.cz\/n\/wp-json\/wp\/v2\/posts\/61165\/revisions"}],"wp:featuredmedia":[{"embeddable":true,"href":"https:\/\/www.infokuryr.cz\/n\/wp-json\/wp\/v2\/media\/61166"}],"wp:attachment":[{"href":"https:\/\/www.infokuryr.cz\/n\/wp-json\/wp\/v2\/media?parent=61165"}],"wp:term":[{"taxonomy":"category","embeddable":true,"href":"https:\/\/www.infokuryr.cz\/n\/wp-json\/wp\/v2\/categories?post=61165"},{"taxonomy":"post_tag","embeddable":true,"href":"https:\/\/www.infokuryr.cz\/n\/wp-json\/wp\/v2\/tags?post=61165"}],"curies":[{"name":"wp","href":"https:\/\/api.w.org\/{rel}","templated":true}]}}