{"id":61150,"date":"2024-08-31T06:00:45","date_gmt":"2024-08-31T04:00:45","guid":{"rendered":"https:\/\/www.infokuryr.cz\/n\/?p=61150"},"modified":"2024-08-31T06:00:45","modified_gmt":"2024-08-31T04:00:45","slug":"ockovaci-kampan-v-gaze-vymyceni-obrny-nebo-prechod-k-biologicke-valce","status":"publish","type":"post","link":"https:\/\/www.infokuryr.cz\/n\/2024\/08\/31\/ockovaci-kampan-v-gaze-vymyceni-obrny-nebo-prechod-k-biologicke-valce\/","title":{"rendered":"O\u010dkovac\u00ed kampa\u0148 v Gaze: Vym\u00fdcen\u00ed obrny, nebo p\u0159echod k biologick\u00e9 v\u00e1lce?"},"content":{"rendered":"<div id=\"fb-root\"><\/div>\n<p><span style=\"font-size: 18pt;\"><strong>Tohle je v\u00e1\u017en\u011b d\u011bsiv\u00e9<\/strong><\/span><\/p>\n<p><strong>V\u00edce ne\u017e milion d\u00e1vek vakc\u00edny proti d\u011btsk\u00e9 obrn\u011b bylo odesl\u00e1no do Izraele v r\u00e1mci p\u0159\u00edprav na masovou o\u010dkovac\u00ed kampa\u0148 v Gaze. Vakc\u00edny jsou nouzovou reakc\u00ed na prvn\u00ed potvrzen\u00fd p\u0159\u00edpad d\u011btsk\u00e9 obrny, kter\u00fd byl v Gaze zaznamen\u00e1n minul\u00fd m\u011bs\u00edc. Podle \u010dl\u00e1nku v New York Times:<\/strong><\/p>\n<section class=\"perex\"><i>UNICEF, d\u011btsk\u00fd fond OSN, uvedl, \u017ee\u00a0<b>vakc\u00edny dod\u00e1v\u00e1 ve spolupr\u00e1ci se Sv\u011btovou zdravotnickou organizac\u00ed&#8230;<\/b>\u00a0UNRWA a dal\u0161\u00edmi skupinami. P\u0159edstavitel\u00e9 UNRWA uvedli, \u017ee doufaj\u00ed, \u017ee\u00a0<b>prvn\u00ed vakc\u00edny budou gazansk\u00fdm d\u011btem dod\u00e1vat od soboty&#8230;<\/b>.<\/i>.<\/p>\n<\/section>\n<section class=\"clanek-obsah\"><em>Ministerstvo zdravotnictv\u00ed Gazy potvrdilo, \u017ee vakc\u00edny dorazily do Gazy a \u017ee\u00a0<b>prob\u00edhaj\u00ed p\u0159\u00edpravy na zah\u00e1jen\u00ed kampan\u011b o\u010dkov\u00e1n\u00ed d\u011bt\u00ed mlad\u0161\u00edch 10 let<\/b>&#8230;..OSN v pond\u011bl\u00ed uvedla, \u017ee jej\u00ed ji\u017e tak zt\u00ed\u017een\u00e9 humanit\u00e1rn\u00ed operace byly do\u010dasn\u011b zastaveny pot\u00e9, co izraelsk\u00e1 arm\u00e1da na\u0159\u00eddila evakuaci Deir al-Balah, kde m\u00e1 agentura sv\u00e9 centr\u00e1ln\u00ed operace.<\/em><\/p>\n<p><em><b>Vysoce postaven\u00fd p\u0159edstavitel OSN v\u0161ak &#8230; uvedl&#8230;, \u017ee nedo\u0161lo k \u017e\u00e1dn\u00e9 zm\u011bn\u011b pl\u00e1n\u016f na zah\u00e1jen\u00ed o\u010dkov\u00e1n\u00ed proti d\u011btsk\u00e9 obrn\u011b<\/b>, p\u0159esto\u017ee do\u0161lo k do\u010dasn\u00e9mu pozastaven\u00ed humanit\u00e1rn\u00ed mise OSN. Vakc\u00edny proti obrn\u011b dorazily do Gazy, ale jejich distribuce je dal\u0161\u00edm probl\u00e9mem,\u00a0<a href=\"https:\/\/www.nytimes.com\/2024\/08\/26\/world\/middleeast\/gaza-polio-vaccine.html\" target=\"_blank\" rel=\"external noopener\">New York Times<\/a><\/em><\/p>\n<p>Tak\u017ee OSN nen\u00ed schopna distribuovat humanit\u00e1rn\u00ed pomoc Palestinc\u016fm, ale p\u0159esto se pou\u0161t\u00ed do masov\u00e9 o\u010dkovac\u00ed kampan\u011b?<\/p>\n<p>Nezn\u00ed to trochu divn\u011b? Nezapome\u0148te, \u017ee Izraelci ji\u017e n\u011bkolik m\u011bs\u00edc\u016f br\u00e1n\u00ed p\u0159\u00edsunu potravin, vody a l\u00e9k\u016f do Gazy, co\u017e vede k masov\u00e9mu hladomoru a prudk\u00e9mu n\u00e1r\u016fstu nemoc\u00ed, kter\u00fdm lze p\u0159edch\u00e1zet. Ale te\u010f m\u00e1me v\u011b\u0159it, \u017ee jim z\u00e1le\u017e\u00ed na fyzick\u00e9m blahu lid\u00ed, kter\u00e9 posledn\u00edch deset m\u011bs\u00edc\u016f bombarduj\u00ed?<\/p>\n<p>Nev\u011b\u0159\u00edm tomu. Tady je v\u00edce informac\u00ed z Times\u016f:<\/p>\n<p><em>Rose z UNRWA uvedl, \u017ee do o\u010dkovac\u00ed kampan\u011b se zapoj\u00ed v\u00edce ne\u017e 3 000 lid\u00ed, z toho asi t\u0159etina z UNRWA. Mobiln\u00ed zdravotnick\u00e9 t\u00fdmy budou pom\u00e1hat rozv\u00e1\u017eet vakc\u00edny do p\u0159\u00edst\u0159e\u0161k\u016f, klinik a \u0161kol, ale \u0159ekl, \u017ee je nutn\u00e1 humanit\u00e1rn\u00ed p\u0159est\u00e1vka, aby se rodi\u010de a d\u011bti mohli bezpe\u010dn\u011b setkat s humanit\u00e1rn\u00edmi pracovn\u00edky na t\u011bchto m\u00edstech.<\/em><\/p>\n<p><em>Pracovn\u00edci humanit\u00e1rn\u00edch organizac\u00ed \u201eud\u011blaj\u00ed pro doru\u010den\u00ed kampan\u011b naprost\u00e9 maximum, proto\u017ee v\u00edme, \u017ee bez n\u00ed budou podm\u00ednky jednou jen hor\u0161\u00ed,\u201c \u0159ekl pan Rose. \u201eNen\u00ed zaru\u010deno, \u017ee bude \u00fasp\u011b\u0161n\u00e1.\u201c<\/em><\/p>\n<p><em>Dodal, \u017ee pro d\u011bti, kter\u00e9 se nakaz\u00ed obrnou, z\u016fst\u00e1vaj\u00ed vyhl\u00eddky na \u0159\u00e1dnou l\u00e9\u010dbu \u201eneuv\u011b\u0159iteln\u011b \u0161patn\u00e9\u201c, zat\u00edmco mnoho nemocnic a zdravotnick\u00fdch klinik v Gaze je v d\u016fsledku konfliktu uzav\u0159eno nebo funguje jen \u010d\u00e1ste\u010dn\u011b.\u00a0<a href=\"https:\/\/www.nytimes.com\/2024\/08\/26\/world\/middleeast\/gaza-polio-vaccine.html\" target=\"_blank\" rel=\"external noopener\">New York Times<\/a><\/em><\/p>\n<p>Propaga\u010dn\u00ed video ke kampani na o\u010dkov\u00e1n\u00ed proti obrn\u011b v Gaze<\/p>\n<div class=\"twitter-tweet twitter-tweet-rendered\"><iframe id=\"twitter-widget-0\" class=\"\" title=\"X Post\" src=\"https:\/\/platform.twitter.com\/embed\/Tweet.html?dnt=false&amp;embedId=twitter-widget-0&amp;features=eyJ0ZndfdGltZWxpbmVfbGlzdCI6eyJidWNrZXQiOltdLCJ2ZXJzaW9uIjpudWxsfSwidGZ3X2ZvbGxvd2VyX2NvdW50X3N1bnNldCI6eyJidWNrZXQiOnRydWUsInZlcnNpb24iOm51bGx9LCJ0ZndfdHdlZXRfZWRpdF9iYWNrZW5kIjp7ImJ1Y2tldCI6Im9uIiwidmVyc2lvbiI6bnVsbH0sInRmd19yZWZzcmNfc2Vzc2lvbiI6eyJidWNrZXQiOiJvbiIsInZlcnNpb24iOm51bGx9LCJ0ZndfZm9zbnJfc29mdF9pbnRlcnZlbnRpb25zX2VuYWJsZWQiOnsiYnVja2V0Ijoib24iLCJ2ZXJzaW9uIjpudWxsfSwidGZ3X21peGVkX21lZGlhXzE1ODk3Ijp7ImJ1Y2tldCI6InRyZWF0bWVudCIsInZlcnNpb24iOm51bGx9LCJ0ZndfZXhwZXJpbWVudHNfY29va2llX2V4cGlyYXRpb24iOnsiYnVja2V0IjoxMjA5NjAwLCJ2ZXJzaW9uIjpudWxsfSwidGZ3X3Nob3dfYmlyZHdhdGNoX3Bpdm90c19lbmFibGVkIjp7ImJ1Y2tldCI6Im9uIiwidmVyc2lvbiI6bnVsbH0sInRmd19kdXBsaWNhdGVfc2NyaWJlc190b19zZXR0aW5ncyI6eyJidWNrZXQiOiJvbiIsInZlcnNpb24iOm51bGx9LCJ0ZndfdXNlX3Byb2ZpbGVfaW1hZ2Vfc2hhcGVfZW5hYmxlZCI6eyJidWNrZXQiOiJvbiIsInZlcnNpb24iOm51bGx9LCJ0ZndfdmlkZW9faGxzX2R5bmFtaWNfbWFuaWZlc3RzXzE1MDgyIjp7ImJ1Y2tldCI6InRydWVfYml0cmF0ZSIsInZlcnNpb24iOm51bGx9LCJ0ZndfbGVnYWN5X3RpbWVsaW5lX3N1bnNldCI6eyJidWNrZXQiOnRydWUsInZlcnNpb24iOm51bGx9LCJ0ZndfdHdlZXRfZWRpdF9mcm9udGVuZCI6eyJidWNrZXQiOiJvbiIsInZlcnNpb24iOm51bGx9fQ%3D%3D&amp;frame=false&amp;hideCard=false&amp;hideThread=false&amp;id=1825993714537304205&amp;lang=cs&amp;origin=https%3A%2F%2Fzvedavec.news%2Fkomentare%2F2024%2F08%2F10210-ockovaci-kampan-v-gaze-vymyceni-obrny-nebo-prechod-k-biologicke-valce.htm&amp;sessionId=cf79f09610d1c4b146425334b71ed42c47843654&amp;theme=light&amp;widgetsVersion=2615f7e52b7e0%3A1702314776716&amp;width=550px\" frameborder=\"0\" scrolling=\"no\" allowfullscreen=\"allowfullscreen\" data-tweet-id=\"1825993714537304205\" data-mce-fragment=\"1\"><\/iframe><\/div>\n<p>Je to \u010d\u00edm d\u00e1l divn\u011bj\u0161\u00ed.<\/p>\n<p>Tak\u017ee \u2013 podle Times\u016f- budou humanit\u00e1rn\u00edpracovn\u00edci vy\u017eadovat \u201ehumanit\u00e1rn\u00ed pauzu\u201c (neboli p\u0159\u00edm\u011b\u0159\u00ed), kterou Netanjahu u\u017e deset m\u011bs\u00edc\u016f tvrdo\u0161\u00edjn\u011b odm\u00edt\u00e1. Ale nyn\u00ed \u2013 po pouh\u00e9m jednom potvrzen\u00e9m p\u0159\u00edpadu d\u011btsk\u00e9 obrny \u2013 se od n\u011bj o\u010dek\u00e1v\u00e1, \u017ee tuto politiku zm\u011bn\u00ed, aby zachr\u00e1nil tyt\u00e9\u017e lidi, kter\u00e9 posledn\u00ed rok pr\u00e1\u0161koval? Ne\u0159\u00edkaj\u00ed to snad Timesy ?<\/p>\n<p>A jak si vysv\u011btlit n\u00e1hlou starost pana Rose o mal\u00e9 Palestince, kdy\u017e nebyl nikde k nalezen\u00ed, kdy\u017e t\u011bm sam\u00fdm d\u011btem amputovali ruce a nohy bez anestezie, l\u00e9k\u016f a dokonce i bez \u0159\u00e1dn\u00e9 hygieny. Je to skute\u010dn\u00e1 z\u00e1hada. Tady je v\u00edce:<\/p>\n<p><em>\u0160\u00e9f Sv\u011btov\u00e9 zdravotnick\u00e9 organizace Tedros Adhanom Ghebreyesus ve \u010dtvrtek v prohl\u00e1\u0161en\u00ed uvedl, \u017ee desetim\u011bs\u00ed\u010dn\u00ed d\u00edt\u011b v Gaze onemocn\u011blo d\u011btskou obrnou a ochrnulo na jednu nohu(NYTimes).<\/em>Jedno d\u00edt\u011b? D\u011bl\u00e1 si legraci?<\/p>\n<p>Copak si Tedros nev\u0161iml hory masakru, kter\u00e1 se nahromadila v cel\u00e9 25kilometrov\u00e9 pekeln\u00e9 krajin\u011b Gazy, nebo byl posledn\u00ed rok v o\u010dkov\u00e1n\u00edm vyvolan\u00e9m k\u00f3matu?<\/p>\n<p>V\u0161echno kolem t\u00e9to masov\u00e9 o\u010dkovac\u00ed kampan\u011b smrd\u00ed na sto hon\u016f. To posledn\u00ed, co Izrael chce, je v\u00edce zdrav\u00fdch Palestinc\u016f. To v\u00edme zcela jist\u011b. Tady je dal\u0161\u00ed informace:<\/p>\n<p><em>UNICEF a Sv\u011btov\u00e1 humanit\u00e1rn\u00ed organizace vyzvaly \u201ev\u0161echny strany\u201c konfliktu, aby v Gaze zavedly t\u00fddenn\u00ed humanit\u00e1rn\u00ed pauzu, kter\u00e1 by umo\u017enila doru\u010den\u00ed obou kol vakc\u00edn, a uvedly, \u017ee \u201ebez humanit\u00e1rn\u00ed pauzy nebude mo\u017en\u00e9 kampa\u0148 uskute\u010dnit\u201c.<\/em><\/p>\n<p><em>COGAT, agentura izraelsk\u00e9ho ministerstva obrany, kter\u00e1 dohl\u00ed\u017e\u00ed na politiku pro palestinsk\u00e1 \u00fazem\u00ed, v pond\u011bl\u00ed ve sv\u00e9m prohl\u00e1\u0161en\u00ed uvedla, \u017ee vakc\u00edny byly do Gazy dod\u00e1ny p\u0159es hrani\u010dn\u00ed p\u0159echod Kerem \u0160alom s Izraelem. Agentura dodala, \u017ee kampa\u0148 bude prob\u00edhat v koordinaci s izraelskou arm\u00e1dou \u201ev r\u00e1mci b\u011b\u017en\u00fdch humanit\u00e1rn\u00edch pauz\u201c, kter\u00e9 dodr\u017euje a kter\u00e9 podle n\u00ed umo\u017en\u00ed Palestinc\u016fm dostat se do o\u010dkovac\u00edch center. (NYTimes)<\/em><\/p>\n<p>Zachytili jste tu posledn\u00ed \u010d\u00e1st? Kampa\u0148 bude \u201eprob\u00edhat v koordinaci\u201c s touto skv\u011blou humanit\u00e1rn\u00ed organizac\u00ed, izraelsk\u00fdmi obrann\u00fdmi silami. Jak to jde dohromady s t\u00edm, \u017ee Izrael pova\u017euje palestinsk\u00e9 d\u011bti za Am\u00e1leka? Cht\u011bj\u00ed je snad zachr\u00e1nit p\u0159ed d\u011btskou obrnou, aby je mohli n\u011bkdy v budoucnu post\u0159\u00edlet v ulic\u00edch Gazy? Jak p\u0159esn\u011b to funguje?<\/p>\n<p>A pro\u010d proboha Netanjahu souhlasil s \u201et\u00fddenn\u00ed humanit\u00e1rn\u00ed pauzou v Gaze\u201c, kdy\u017e bezosty\u0161n\u011b odm\u00edtl Bidenem podporovan\u00e9 p\u0159\u00edm\u011b\u0159\u00ed, p\u0159\u00edm\u011b\u0159\u00ed podporovan\u00e9 Radou bezpe\u010dnosti OSN a ne\u00fanavn\u00e9 v\u00fdzvy k p\u0159\u00edm\u011b\u0159\u00ed od naprost\u00e9 v\u011bt\u0161iny zem\u00ed sv\u011bta? Jak ho WHO p\u0159esv\u011bd\u010dila, aby zm\u011bnil n\u00e1zor, kdy\u017e v\u0161ichni ostatn\u00ed selhali?<\/p>\n<p>Bu\u010fte si v\u0161ak jisti, \u017ee Netanjahu by nikdy nesouhlasil s humanit\u00e1rn\u00ed pauzou, pokud by to nepomohlo k prosazen\u00ed jeho vlastn\u00ed politick\u00e9 agendy, kterou je \u00fapln\u00e9 vyhn\u00e1n\u00ed p\u016fvodn\u00edho obyvatelstva. To je jedin\u00fd d\u016fvod, pro\u010d by Bibi zm\u011bnil svou politiku. Proto m\u00e1me podez\u0159en\u00ed, \u017ee je v tom v\u00edc, ne\u017e se na prvn\u00ed pohled zd\u00e1.<\/p>\n<p>P\u0159ekvapilo by v\u00e1s, kdybyste v\u011bd\u011bli, \u017ee vakc\u00edny byly v Africe, Nikaragui, Mexiku a na Filip\u00edn\u00e1ch pou\u017e\u00edv\u00e1ny jako l\u00e9ky proti plodnosti? \u0160okovalo by v\u00e1s, kdybyste v\u011bd\u011bli, \u017ee z\u00e1padn\u00ed elity vyu\u017e\u00edvaly o\u010dkovac\u00ed kampan\u011b k tomu, aby se zam\u011b\u0159ily na lidi, kte\u0159\u00ed si neuv\u011bdomovali, \u017ee jsou vyu\u017e\u00edv\u00e1ni jako laboratorn\u00ed krysy v ohavn\u00e9m eugenick\u00e9m experimentu? To je z\u00a0<a href=\"https:\/\/www.globalresearch.ca\/mass-sterilization-kenyan-doctors-find-anti-fertility-agent-un-tetanus-vaccine-2\/5678295\" target=\"_blank\" rel=\"external noopener\">\u010dl\u00e1nku na Global Research<\/a>:<\/p>\n<p><em>\u201ePodle LifeSiteNews&#8230; Ke\u0148sk\u00e1 asociace katolick\u00fdch l\u00e9ka\u0159\u016f obvi\u0148uje UNICEF a WHO ze sterilizace milion\u016f d\u00edvek a \u017een pod z\u00e1minkou programu o\u010dkov\u00e1n\u00ed proti tetanu, kter\u00fd sponzorovala ke\u0148sk\u00e1 vl\u00e1da&#8230;<\/em><\/p>\n<p><em>&#8230; v\u0161ech \u0161est vzork\u016f bylo pozitivn\u00edch na antigen HCG. Antigen HCG se pou\u017e\u00edv\u00e1 ve vakc\u00edn\u00e1ch proti neplodnosti, ale jeho p\u0159\u00edtomnost byla zji\u0161t\u011bna i ve vakc\u00edn\u00e1ch proti tetanu ur\u010den\u00fdch mlad\u00fdm d\u00edvk\u00e1m a \u017een\u00e1m v plodn\u00e9m v\u011bku. Dr. Ngare, mluv\u010d\u00ed Ke\u0148sk\u00e9 asociace katolick\u00fdch l\u00e9ka\u0159\u016f, uvedl v bulletinu vydan\u00e9m 4. listopadu:<\/em><\/p>\n<p><em>\u201ePotvrdily se tak na\u0161e nejhor\u0161\u00ed obavy, \u017ee c\u00edlem t\u00e9to kampan\u011b WHO nen\u00ed vym\u00fdtit novorozeneck\u00fd tetanus, ale dob\u0159e koordinovan\u00e1 n\u00e1siln\u00e1 masov\u00e1 sterilizace s vyu\u017eit\u00edm osv\u011bd\u010den\u00e9 vakc\u00edny reguluj\u00edc\u00ed plodnost. Tyto d\u016fkazy byly p\u0159edlo\u017eeny ministerstvu zdravotnictv\u00ed p\u0159ed t\u0159et\u00edm kolem o\u010dkov\u00e1n\u00ed, ale byly ignorov\u00e1ny. Hromadn\u00e1 sterilizace\u201c: \u201e<a href=\"https:\/\/www.globalresearch.ca\/mass-sterilization-kenyan-doctors-find-anti-fertility-agent-un-tetanus-vaccine-2\/5678295\" target=\"_blank\" rel=\"external noopener\">Ke\u0148\u0161t\u00ed l\u00e9ka\u0159i na\u0161li ve vakc\u00edn\u011b OSN proti tetanu l\u00e1tku proti plodnosti?<\/a>\u201c, Global Research.<\/em><\/p>\n<p><span style=\"font-size: 18pt;\"><b>RFK Jr. o vakc\u00edn\u011b proti obrn\u011b<\/b><\/span><\/p>\n<div class=\"twitter-tweet twitter-tweet-rendered\"><iframe id=\"twitter-widget-1\" class=\"\" title=\"X Post\" src=\"https:\/\/platform.twitter.com\/embed\/Tweet.html?dnt=false&amp;embedId=twitter-widget-1&amp;features=eyJ0ZndfdGltZWxpbmVfbGlzdCI6eyJidWNrZXQiOltdLCJ2ZXJzaW9uIjpudWxsfSwidGZ3X2ZvbGxvd2VyX2NvdW50X3N1bnNldCI6eyJidWNrZXQiOnRydWUsInZlcnNpb24iOm51bGx9LCJ0ZndfdHdlZXRfZWRpdF9iYWNrZW5kIjp7ImJ1Y2tldCI6Im9uIiwidmVyc2lvbiI6bnVsbH0sInRmd19yZWZzcmNfc2Vzc2lvbiI6eyJidWNrZXQiOiJvbiIsInZlcnNpb24iOm51bGx9LCJ0ZndfZm9zbnJfc29mdF9pbnRlcnZlbnRpb25zX2VuYWJsZWQiOnsiYnVja2V0Ijoib24iLCJ2ZXJzaW9uIjpudWxsfSwidGZ3X21peGVkX21lZGlhXzE1ODk3Ijp7ImJ1Y2tldCI6InRyZWF0bWVudCIsInZlcnNpb24iOm51bGx9LCJ0ZndfZXhwZXJpbWVudHNfY29va2llX2V4cGlyYXRpb24iOnsiYnVja2V0IjoxMjA5NjAwLCJ2ZXJzaW9uIjpudWxsfSwidGZ3X3Nob3dfYmlyZHdhdGNoX3Bpdm90c19lbmFibGVkIjp7ImJ1Y2tldCI6Im9uIiwidmVyc2lvbiI6bnVsbH0sInRmd19kdXBsaWNhdGVfc2NyaWJlc190b19zZXR0aW5ncyI6eyJidWNrZXQiOiJvbiIsInZlcnNpb24iOm51bGx9LCJ0ZndfdXNlX3Byb2ZpbGVfaW1hZ2Vfc2hhcGVfZW5hYmxlZCI6eyJidWNrZXQiOiJvbiIsInZlcnNpb24iOm51bGx9LCJ0ZndfdmlkZW9faGxzX2R5bmFtaWNfbWFuaWZlc3RzXzE1MDgyIjp7ImJ1Y2tldCI6InRydWVfYml0cmF0ZSIsInZlcnNpb24iOm51bGx9LCJ0ZndfbGVnYWN5X3RpbWVsaW5lX3N1bnNldCI6eyJidWNrZXQiOnRydWUsInZlcnNpb24iOm51bGx9LCJ0ZndfdHdlZXRfZWRpdF9mcm9udGVuZCI6eyJidWNrZXQiOiJvbiIsInZlcnNpb24iOm51bGx9fQ%3D%3D&amp;frame=false&amp;hideCard=false&amp;hideThread=false&amp;id=1632765548197994501&amp;lang=cs&amp;origin=https%3A%2F%2Fzvedavec.news%2Fkomentare%2F2024%2F08%2F10210-ockovaci-kampan-v-gaze-vymyceni-obrny-nebo-prechod-k-biologicke-valce.htm&amp;sessionId=cf79f09610d1c4b146425334b71ed42c47843654&amp;theme=light&amp;widgetsVersion=2615f7e52b7e0%3A1702314776716&amp;width=550px\" frameborder=\"0\" scrolling=\"no\" allowfullscreen=\"allowfullscreen\" data-tweet-id=\"1632765548197994501\" data-mce-fragment=\"1\"><\/iframe><\/div>\n<p>A zde je dal\u0161\u00ed \u010dl\u00e1nek z Global Research s n\u00e1zvem\u00a0<a href=\"https:\/\/www.globalresearch.ca\/un-forced-admit-gates-funded-vaccine-causing-polio-outbreak-africa\/5723137\" target=\"_blank\" rel=\"external noopener\">OSN je nucena p\u0159iznat, \u017ee vakc\u00edna financovan\u00e1 Gatesem zp\u016fsobuje vypuknut\u00ed obrny v Africe<\/a>:<\/p>\n<p><em>Organizace spojen\u00fdch n\u00e1rod\u016f byla nucena p\u0159iznat, \u017ee hlavn\u00ed mezin\u00e1rodn\u00ed iniciativa v oblasti o\u010dkov\u00e1n\u00ed ve skute\u010dnosti zp\u016fsobuje vypuknut\u00ed smrt\u00edc\u00ed epidemie pr\u00e1v\u011b t\u00e9 nemoci, kterou m\u011bla vym\u00fdtit.<\/em><\/p>\n<p><em>Zat\u00edmco mezin\u00e1rodn\u00ed organizace jako Sv\u011btov\u00e1 zdravotnick\u00e1 organizace (WHO) se pravideln\u011b chlub\u00ed t\u00edm, \u017ee pomoc\u00ed vakc\u00edn \u201evym\u00fdtily d\u011btskou obrnu\u201c, zd\u00e1 se, \u017ee je tomu naopak a \u017ee vakc\u00edny zp\u016fsobuj\u00ed smrt des\u00edtek mlad\u00fdch lid\u00ed \u017eij\u00edc\u00edch v Africe. Zdravotni\u010dt\u00ed \u00fa\u0159edn\u00edci nyn\u00ed p\u0159iznali, \u017ee jejich pl\u00e1n na zastaven\u00ed \u201edivok\u00e9\u201c d\u011btsk\u00e9 obrny se obrac\u00ed proti nim, proto\u017ee des\u00edtky d\u011bt\u00ed jsou ochromeny smrt\u00edc\u00edm kmenem patogenu poch\u00e1zej\u00edc\u00edho z \u017eiv\u00e9 vakc\u00edny \u2013 co\u017e zp\u016fsobuje \u0161\u00ed\u0159en\u00ed virulentn\u00ed vlny d\u011btsk\u00e9 obrny.<\/em><\/p>\n<p><em>Tato nejnov\u011bj\u0161\u00ed pandemie vyvolan\u00e1 farmaceutick\u00fdmi firmami za\u010dala v africk\u00fdch zem\u00edch \u010cad a S\u00fad\u00e1n, p\u0159i\u010dem\u017e za vin\u00edka byl ozna\u010den virus obrny typu 2 odvozen\u00fd od vakc\u00edny. \u00da\u0159edn\u00edci se nyn\u00ed ob\u00e1vaj\u00ed, \u017ee tento nov\u00fd nebezpe\u010dn\u00fd kmen by mohl brzy \u201ep\u0159esko\u010dit kontinenty\u201c a zp\u016fsobit dal\u0161\u00ed smrt\u00edc\u00ed epidemie po cel\u00e9m sv\u011bt\u011b.<\/em><\/p>\n<p><em>A\u010dkoli to zn\u00ed \u0161okuj\u00edc\u00edm zp\u016fsobem, tento debakl Velk\u00e9 farmaceutick\u00e9 spole\u010dnosti nen\u00ed novinkou. Pot\u00e9, co mezin\u00e1rodn\u00ed zdravotnick\u00e9 org\u00e1ny vynalo\u017eily b\u011bhem 30 let p\u0159ibli\u017en\u011b 16 miliard dolar\u016f na vym\u00fdcen\u00ed d\u011btsk\u00e9 obrny, \u201eomylem\u201c znovu zavedly tuto nemoc do P\u00e1kist\u00e1nu, Afgh\u00e1nist\u00e1nu a tak\u00e9 \u00cdr\u00e1nu, proto\u017ee st\u0159edoasijsk\u00fd region zas\u00e1hl virulentn\u00ed kmen d\u011btsk\u00e9 obrny zplozen\u00fd farmaceutickou vakc\u00ednou. V roce 2019 tak\u00e9 etiopsk\u00e1 vl\u00e1da na\u0159\u00eddila zni\u010dit 57 000 lahvi\u010dek or\u00e1ln\u00ed vakc\u00edny proti d\u011btsk\u00e9 obrn\u011b typu 2 (mOPV2) v d\u016fsledku podobn\u00e9ho v\u00fdskytu obrny vyvolan\u00e9 vakc\u00ednou. Ke stejn\u00e9mu incidentu do\u0161lo i v Indii.<\/em><\/p>\n<p><span style=\"font-size: 18pt;\"><b>Joe Rogan o skand\u00e1lu s vakc\u00ednou proti obrn\u011b v Africe<\/b><\/span><\/p>\n<div class=\"twitter-tweet twitter-tweet-rendered\"><iframe id=\"twitter-widget-2\" class=\"\" title=\"X Post\" src=\"https:\/\/platform.twitter.com\/embed\/Tweet.html?dnt=false&amp;embedId=twitter-widget-2&amp;features=eyJ0ZndfdGltZWxpbmVfbGlzdCI6eyJidWNrZXQiOltdLCJ2ZXJzaW9uIjpudWxsfSwidGZ3X2ZvbGxvd2VyX2NvdW50X3N1bnNldCI6eyJidWNrZXQiOnRydWUsInZlcnNpb24iOm51bGx9LCJ0ZndfdHdlZXRfZWRpdF9iYWNrZW5kIjp7ImJ1Y2tldCI6Im9uIiwidmVyc2lvbiI6bnVsbH0sInRmd19yZWZzcmNfc2Vzc2lvbiI6eyJidWNrZXQiOiJvbiIsInZlcnNpb24iOm51bGx9LCJ0ZndfZm9zbnJfc29mdF9pbnRlcnZlbnRpb25zX2VuYWJsZWQiOnsiYnVja2V0Ijoib24iLCJ2ZXJzaW9uIjpudWxsfSwidGZ3X21peGVkX21lZGlhXzE1ODk3Ijp7ImJ1Y2tldCI6InRyZWF0bWVudCIsInZlcnNpb24iOm51bGx9LCJ0ZndfZXhwZXJpbWVudHNfY29va2llX2V4cGlyYXRpb24iOnsiYnVja2V0IjoxMjA5NjAwLCJ2ZXJzaW9uIjpudWxsfSwidGZ3X3Nob3dfYmlyZHdhdGNoX3Bpdm90c19lbmFibGVkIjp7ImJ1Y2tldCI6Im9uIiwidmVyc2lvbiI6bnVsbH0sInRmd19kdXBsaWNhdGVfc2NyaWJlc190b19zZXR0aW5ncyI6eyJidWNrZXQiOiJvbiIsInZlcnNpb24iOm51bGx9LCJ0ZndfdXNlX3Byb2ZpbGVfaW1hZ2Vfc2hhcGVfZW5hYmxlZCI6eyJidWNrZXQiOiJvbiIsInZlcnNpb24iOm51bGx9LCJ0ZndfdmlkZW9faGxzX2R5bmFtaWNfbWFuaWZlc3RzXzE1MDgyIjp7ImJ1Y2tldCI6InRydWVfYml0cmF0ZSIsInZlcnNpb24iOm51bGx9LCJ0ZndfbGVnYWN5X3RpbWVsaW5lX3N1bnNldCI6eyJidWNrZXQiOnRydWUsInZlcnNpb24iOm51bGx9LCJ0ZndfdHdlZXRfZWRpdF9mcm9udGVuZCI6eyJidWNrZXQiOiJvbiIsInZlcnNpb24iOm51bGx9fQ%3D%3D&amp;frame=false&amp;hideCard=false&amp;hideThread=false&amp;id=1631410134604820480&amp;lang=cs&amp;origin=https%3A%2F%2Fzvedavec.news%2Fkomentare%2F2024%2F08%2F10210-ockovaci-kampan-v-gaze-vymyceni-obrny-nebo-prechod-k-biologicke-valce.htm&amp;sessionId=cf79f09610d1c4b146425334b71ed42c47843654&amp;theme=light&amp;widgetsVersion=2615f7e52b7e0%3A1702314776716&amp;width=550px\" frameborder=\"0\" scrolling=\"no\" allowfullscreen=\"allowfullscreen\" data-tweet-id=\"1631410134604820480\" data-mce-fragment=\"1\"><\/iframe><\/div>\n<p>Stoj\u00ed za zm\u00ednku, \u017ee Sv\u011btov\u00e1 zdravotnick\u00e1 organizace nen\u00ed ne\u0161kodnou agenturou ve\u0159ejn\u00e9ho zdrav\u00ed, kter\u00e1 se nezi\u0161tn\u011b sna\u017e\u00ed vym\u00fdtit nemoci a choroby, a\u0165 u\u017e se vyskytuj\u00ed kdekoli. Pr\u00e1v\u011b naopak. Je to st\u00e1do mocichtiv\u00fdch internacionalist\u016f, kte\u0159\u00ed se sna\u017e\u00ed prosadit \u201eglob\u00e1ln\u00ed pandemickou smlouvu&#8230;., kter\u00e1 by j\u00ed poskytla absolutn\u00ed moc nad glob\u00e1ln\u00ed biologickou bezpe\u010dnost\u00ed, nap\u0159\u00edklad pravomoc zav\u00e1d\u011bt digit\u00e1ln\u00ed identity\/o\u010dkovac\u00ed pasy, povinn\u00e9 o\u010dkov\u00e1n\u00ed, omezen\u00ed cestov\u00e1n\u00ed, standardizovanou l\u00e9ka\u0159skou p\u00e9\u010di a dal\u0161\u00ed. (Children&#8217;s Health Defense )\u00a0<a href=\"https:\/\/childrenshealthdefense.org\/defender\/pandemic-treaty-world-health-organization-cola\/\" target=\"_blank\" rel=\"external noopener\">Stru\u010dn\u011b \u0159e\u010deno, WHO je tyransk\u00e1 glob\u00e1ln\u00ed vl\u00e1da, kter\u00e1 se nikomu nezodpov\u00edd\u00e1<\/a>. Zn\u00ed v\u00e1m to pov\u011bdom\u011b?<\/p>\n<p>A pokud se WHO spoj\u00ed s Netanjahuem, aby o\u010dkovali statis\u00edce palestinsk\u00fdch d\u011bt\u00ed v Gaze, m\u016f\u017eeme si b\u00fdt p\u0159im\u011b\u0159en\u011b jisti, \u017ee to nen\u00ed nic dobr\u00e9ho. Ve skute\u010dnosti si t\u00edm m\u016f\u017eeme b\u00fdt naprosto jisti.<\/p>\n<div class=\"podcarou\">\n<p><a href=\"https:\/\/www.unz.com\/mwhitney\/vaccination-campaign-in-gaza-polio-eradication-or-transition-to-bio-warfare\/\" target=\"_blank\" rel=\"external noopener\">Vaccination Campaign in Gaza: Polio Eradication or Transition to Bio-Warfare?<\/a> vy\u0161el 26.8.2024 na unz.com. P\u0159eklad\u00a0<a href=\"https:\/\/zvedavec.news\/komentare\/2024\/08\/10210-ockovaci-kampan-v-gaze-vymyceni-obrny-nebo-prechod-k-biologicke-valce.htm\">Zvedavec.org<\/a><\/p>\n<p>&nbsp;<\/p>\n<\/div>\n<\/section>\n","protected":false},"excerpt":{"rendered":"<p>Tohle je v\u00e1\u017en\u011b d\u011bsiv\u00e9 V\u00edce ne\u017e milion d\u00e1vek vakc\u00edny proti d\u011btsk\u00e9 obrn\u011b bylo odesl\u00e1no do&#8230;<\/p>\n","protected":false},"author":2,"featured_media":23042,"comment_status":"closed","ping_status":"closed","sticky":false,"template":"","format":"standard","meta":[],"categories":[7],"tags":[348,178,107,213],"_links":{"self":[{"href":"https:\/\/www.infokuryr.cz\/n\/wp-json\/wp\/v2\/posts\/61150"}],"collection":[{"href":"https:\/\/www.infokuryr.cz\/n\/wp-json\/wp\/v2\/posts"}],"about":[{"href":"https:\/\/www.infokuryr.cz\/n\/wp-json\/wp\/v2\/types\/post"}],"author":[{"embeddable":true,"href":"https:\/\/www.infokuryr.cz\/n\/wp-json\/wp\/v2\/users\/2"}],"replies":[{"embeddable":true,"href":"https:\/\/www.infokuryr.cz\/n\/wp-json\/wp\/v2\/comments?post=61150"}],"version-history":[{"count":0,"href":"https:\/\/www.infokuryr.cz\/n\/wp-json\/wp\/v2\/posts\/61150\/revisions"}],"wp:featuredmedia":[{"embeddable":true,"href":"https:\/\/www.infokuryr.cz\/n\/wp-json\/wp\/v2\/media\/23042"}],"wp:attachment":[{"href":"https:\/\/www.infokuryr.cz\/n\/wp-json\/wp\/v2\/media?parent=61150"}],"wp:term":[{"taxonomy":"category","embeddable":true,"href":"https:\/\/www.infokuryr.cz\/n\/wp-json\/wp\/v2\/categories?post=61150"},{"taxonomy":"post_tag","embeddable":true,"href":"https:\/\/www.infokuryr.cz\/n\/wp-json\/wp\/v2\/tags?post=61150"}],"curies":[{"name":"wp","href":"https:\/\/api.w.org\/{rel}","templated":true}]}}