{"id":61107,"date":"2024-08-31T00:36:36","date_gmt":"2024-08-30T22:36:36","guid":{"rendered":"https:\/\/www.infokuryr.cz\/n\/?p=61107"},"modified":"2024-08-30T16:56:42","modified_gmt":"2024-08-30T14:56:42","slug":"v-dobe-technofasismu-vlady-nuti-technologicke-spolecnosti-cenzurovat-a-chranit-pred-nezadoucimi-informacemi","status":"publish","type":"post","link":"https:\/\/www.infokuryr.cz\/n\/2024\/08\/31\/v-dobe-technofasismu-vlady-nuti-technologicke-spolecnosti-cenzurovat-a-chranit-pred-nezadoucimi-informacemi\/","title":{"rendered":"V dob\u011b \u201etechnofa\u0161ismu\u201c vl\u00e1dy nut\u00ed technologick\u00e9 spole\u010dnosti cenzurovat a chr\u00e1nit p\u0159ed ne\u017e\u00e1douc\u00edmi informacemi"},"content":{"rendered":"<div id=\"fb-root\"><\/div>\n<div class=\"elementor-element elementor-element-1fb4c2c elementor-widget elementor-widget-theme-post-content\" data-id=\"1fb4c2c\" data-element_type=\"widget\" data-widget_type=\"theme-post-content.default\">\n<div class=\"elementor-widget-container\">\n<p><strong><span>Whitehead: Ve v\u011bku \u201etechnofa\u0161ismu\u201c vl\u00e1dy tla\u010d\u00ed na technologick\u00e9 spole\u010dnosti, aby cenzurovaly n\u00e1s lidi a chr\u00e1nily n\u00e1s p\u0159ed informacemi, kter\u00e9 necht\u011bj\u00ed, abychom v\u011bd\u011bli<\/span><\/strong><\/p>\n<p><span style=\"font-size: 18pt;\"><strong>Zuckerberg p\u0159izn\u00e1v\u00e1, co jsme v\u017edy v\u011bd\u011bli<\/strong><\/span><\/p>\n<p><span>\u201c\u00a0<\/span><em><span>Internetov\u00e9 platformy maj\u00ed silnou motivaci pot\u011b\u0161it kl\u00ed\u010dov\u00e9 feder\u00e1ln\u00ed \u00fa\u0159edn\u00edky a z\u00e1znamy v tomto p\u0159\u00edpad\u011b ukazuj\u00ed, \u017ee\u00a0<\/span><strong><span>vysoce postaven\u00ed \u00fa\u0159edn\u00edci chyt\u0159e vyu\u017eili zranitelnosti Facebooku<\/span><\/strong><span>\u00a0&#8230; Nen\u00ed divu, \u017ee tyto snahy p\u0159inesly ovoce.\u00a0<\/span><\/em><em><span>Facebook p\u0159ijal nov\u00e1 pravidla, kter\u00e1 byla v\u00edce v souladu s p\u0159\u00e1n\u00edmi \u00fa\u0159edn\u00edk\u016f, a mnoho u\u017eivatel\u016f, kte\u0159\u00ed vyj\u00e1d\u0159ili nesouhlas s pandemi\u00ed nebo vakc\u00ednami COVID-19, bylo \u201edeplatformov\u00e1no\u201c nebo jinak po\u0161kozeno \u2013<\/span><\/em><span>\u00a0gener\u00e1ln\u00ed prokur\u00e1tor Samuel Alito,\u00a0<\/span><strong><span>nesouhlasn\u00fd n\u00e1zor<\/span><\/strong><span>\u00a0ve\u00a0<\/span><em><span>v\u011bci Murthy v. Missouri<\/span><\/em><\/p>\n<p><em><span>John Whitehead z Rutherfordova institutu<\/span><\/em><\/p>\n<p><span>Gener\u00e1ln\u00ed \u0159editel spole\u010dnosti Meta Mark Zuckerberg kone\u010dn\u011b p\u0159iznal to, co jsme celou dobu v\u011bd\u011bli: Facebook se spikl s vl\u00e1dou, aby cenzuroval lidi, kte\u0159\u00ed vyjad\u0159uj\u00ed \u201enesouhlasn\u00e9\u201c n\u00e1zory na pandemii COVID-19.<\/span><\/p>\n<p><span>Zuckerbergovo p\u0159izn\u00e1n\u00ed n\u00e1sleduje po s\u00e9rii soudn\u00edch rozhodnut\u00ed, kter\u00e1 hanebn\u011b odsuzuj\u00ed vl\u00e1dn\u00ed technofa\u0161ismus.<\/span><\/p>\n<p><span>V rozhodnut\u00ed 2-1 ve v\u011bci\u00a0<\/span><em><span>Children&#8217;s Health Defense v. Meta<\/span><\/em><span>\u00a0zam\u00edtl odvolac\u00ed soud dev\u00e1t\u00e9ho obvodu \u017ealobu podanou organizac\u00ed Children&#8217;s Health Defense proti platform\u00e1m Meta, kter\u00e1 se sna\u017eila omezit p\u0159\u00edsp\u011bvky CHD, fundraising a reklamu na Facebooku pot\u00e9, co se Meta st\u0159etla s feder\u00e1ln\u00edmi vl\u00e1dn\u00edmi \u00fa\u0159edn\u00edky. komunikoval.<\/span><\/p>\n<p><span>V jednomysln\u00e9m rozhodnut\u00ed v kombinovan\u00fdch p\u0159\u00edpadech\u00a0<\/span><em><span>NetChoice v. Paxton<\/span><\/em><span>\u00a0a\u00a0<\/span><em><span>Moody v. NetChoice<\/span><\/em><span>\u00a0, Nejvy\u0161\u0161\u00ed soud USA, se vyhnul rozhodnut\u00ed o tom, zda st\u00e1ty mohou p\u0159ijmout z\u00e1kony zakazuj\u00edc\u00ed cenzuru spole\u010dnost\u00ed Big Tech na platform\u00e1ch soci\u00e1ln\u00edch m\u00e9di\u00ed, jako je Facebook, TikTok a YouTube.<\/span><\/p>\n<p><span>A rozsudkem 6:3 ve v\u011bci\u00a0<\/span><em><span>Murthy v. Missouri<\/span><\/em><span>\u00a0se Nejvy\u0161\u0161\u00ed soud vyhnul zpochybn\u011bn\u00ed snahy feder\u00e1ln\u00ed vl\u00e1dy p\u0159inutit spole\u010dnosti soci\u00e1ln\u00edch m\u00e9di\u00ed cenzurovat \u0159e\u010d u\u017eivatel\u016f podle prvn\u00edho dodatku.<\/span><\/p>\n<p class=\"has-medium-font-size\"><span style=\"font-size: 18pt;\"><strong>V\u00edtejte ve v\u011bku cenzury technologi\u00ed<\/strong><\/span><\/p>\n<p><span>Na pap\u00ed\u0159e \u2013 alespo\u0148 podle prvn\u00edho dodatku \u2013 m\u016f\u017eeme technicky svobodn\u011b mluvit.<\/span><\/p>\n<p><span>Realita je ale takov\u00e1, \u017ee se m\u016f\u017eeme vyjad\u0159ovat jen tak svobodn\u011b, jak n\u00e1m to dovol\u00ed st\u00e1tn\u00ed \u00fa\u0159edn\u00edk \u2013 nebo spole\u010dnost jako Facebook, Google nebo YouTube.<\/span><\/p>\n<p><span>Nap\u0159\u00edklad: Intern\u00ed dokumenty vydan\u00e9 V\u00fdb\u011brov\u00fdm podv\u00fdborem soudnictv\u00ed Sn\u011bmovny reprezentant\u016f pro zbrojen\u00ed feder\u00e1ln\u00ed vl\u00e1dy potvrzuj\u00ed to, co jsme dlouho tu\u0161ili: \u017ee vl\u00e1da spolupracuje se spole\u010dnostmi soci\u00e1ln\u00edch m\u00e9di\u00ed na cenzu\u0159e \u0159e\u010di.<\/span><\/p>\n<p><span>\u201eCenzurou\u201c rozum\u00edme spole\u010dn\u00e9 \u00fasil\u00ed vl\u00e1dy uml\u010det, uml\u010det nebo odstranit jak\u00fdkoli projev, kter\u00fd je v rozporu s vl\u00e1dou schv\u00e1len\u00fdm vypr\u00e1v\u011bn\u00edm.<\/span><\/p>\n<p><span>To je politick\u00e1 korektnost ve sv\u00e9 nejmraziv\u011bj\u0161\u00ed a nejproblemati\u010dt\u011bj\u0161\u00ed podob\u011b.<\/span><\/p>\n<p><span>Odhalen\u00ed, \u017ee Facebook spolupracoval s Bidenovou administrativou na cenzu\u0159e obsahu souvisej\u00edc\u00edho s COVID-19, v\u010detn\u011b vtipn\u00fdch vtip\u016f, v\u011brohodn\u00fdch informac\u00ed a takzvan\u00fdch dezinformac\u00ed, n\u00e1sledovala po rozhodnut\u00ed feder\u00e1ln\u00edho soudu v Louisian\u011b, kter\u00fd zak\u00e1zal \u00fa\u0159edn\u00edk\u016fm v\u00fdkonn\u00e9 pobo\u010dky tak \u010dinit komunikovat se spole\u010dnostmi soci\u00e1ln\u00edch m\u00e9di\u00ed. o kontroverzn\u00edm obsahu na sv\u00fdch online f\u00f3rech.<\/span><\/p>\n<p><span>Soudce Terry Doughty p\u0159irovnal tvrd\u00e9 pokusy vl\u00e1dy tla\u010dit na spole\u010dnosti soci\u00e1ln\u00edch m\u00e9di\u00ed, aby potla\u010dily obsah kritick\u00fd k vakc\u00edn\u00e1m COVID nebo k volb\u00e1m, k \u201et\u00e9m\u011b\u0159 dystopick\u00e9mu sc\u00e9n\u00e1\u0159i\u201c a varoval, \u017ee \u201evl\u00e1da Spojen\u00fdch st\u00e1t\u016f podle v\u0161eho p\u0159ijala podobnou roli. na orwellovsk\u00e9 \u201eministerstvo pravdy\u201c.<\/span><\/p>\n<p><span>To je samotn\u00e1 definice technofa\u0161ismu.<\/span><\/p>\n<p><span>Technofa\u0161ismus, oble\u010den\u00fd do tyransk\u00e9 sebespravedlnosti, je poh\u00e1n\u011bn technologick\u00fdmi giganty (jak korporacemi, tak vl\u00e1dami), kte\u0159\u00ed spolupracuj\u00ed na dosa\u017een\u00ed spole\u010dn\u00e9ho c\u00edle.<\/span><\/p>\n<p><span>Vl\u00e1da n\u00e1s nechr\u00e1n\u00ed p\u0159ed \u201enebezpe\u010dn\u00fdmi\u201c dezinforma\u010dn\u00edmi kampan\u011bmi. Pokl\u00e1d\u00e1 z\u00e1klad k tomu, abychom n\u00e1s izolovali od \u201enebezpe\u010dn\u00fdch\u201c my\u0161lenek, kter\u00e9 by n\u00e1s mohly v\u00e9st k vlastn\u00edmu my\u0161len\u00ed, a t\u00edm zpochybnit sev\u0159en\u00ed mocensk\u00e9 elity nad na\u0161imi \u017eivoty.<\/span><\/p>\n<p><span>Doposud byli techni\u010dt\u00ed giganti schopni obej\u00edt Prvn\u00ed dodatek kv\u016fli jejich nevl\u00e1dn\u00edmu statutu, ale to je p\u0159inejlep\u0161\u00edm pochybn\u00fd rozd\u00edl, proto\u017ee pochoduj\u00ed v t\u011bsn\u00e9m z\u00e1v\u011bsu s vl\u00e1dn\u00edmi dikt\u00e1ty.<\/span><\/p>\n<p><span>Jak p\u00ed\u0161\u00ed Philip Hamburger a Jenin Younes pro\u00a0<\/span><em><span>Wall Street Journal<\/span><\/em><span>\u00a0, \u201ePrvn\u00ed dodatek zakazuje vl\u00e1d\u011b zkracovat svobodu projevu.\u201c Judikatura Nejvy\u0161\u0161\u00edho soudu jasn\u011b \u0159\u00edk\u00e1, \u017ee vl\u00e1da nem\u016f\u017ee tuto novelu obch\u00e1zet anga\u017eov\u00e1n\u00edm soukrom\u00fdch spole\u010dnost\u00ed.<\/span><\/p>\n<p class=\"has-medium-font-size\"><span style=\"font-size: 18pt;\"><strong>Z toho, \u017ee dovol\u00edme vl\u00e1d\u011b obch\u00e1zet \u00fastavu, nem\u016f\u017ee vzej\u00edt nic dobr\u00e9ho<\/strong><\/span><\/p>\n<p><span>Neust\u00e1l\u00e1, v\u0161udyp\u0159\u00edtomn\u00e1 cenzura, kterou na n\u00e1s vnucuj\u00ed techni\u010dt\u00ed giganti s po\u017eehn\u00e1n\u00edm t\u011bch, kdo jsou u moci, hroz\u00ed, \u017ee povede k restrukturalizaci reality p\u0159\u00edmo z Orwellova roku\u00a0<\/span><em><span>1984<\/span><\/em><span>\u00a0, kde Ministerstvo pravdy kontroluje jazyk a zaji\u0161\u0165uje, \u017ee fakta jsou v souladu. s verz\u00ed reality vl\u00e1dn\u00edch propagandist\u016f.<\/span><\/p>\n<p><span>Orwell cht\u011bl, aby byl\u00a0<\/span><em><span>rok 1984<\/span><\/em><span>\u00a0vn\u00edm\u00e1n jako varov\u00e1n\u00ed. M\u00edsto toho se\u00a0pou\u017e\u00edv\u00e1 jako\u00a0<\/span><strong><span>dystopick\u00e1 p\u0159\u00edru\u010dka pro soci\u00e1ln\u00ed in\u017een\u00fdrstv\u00ed pro populaci\u00a0<\/span><\/strong><strong><span>, kter\u00e1 je poslu\u0161n\u00e1, konformn\u00ed a poslu\u0161n\u00e1 Velk\u00e9mu bratrovi<\/span><\/strong><span>\u00a0.<\/span><\/p>\n<p><span>Ve sv\u011bt\u011b, kter\u00fd je st\u00e1le v\u00edce automatizov\u00e1n a filtrov\u00e1n optikou um\u011bl\u00e9 inteligence, jsme vyd\u00e1ni na milost a nemilost nepru\u017en\u00fdm algoritm\u016fm, kter\u00e9 diktuj\u00ed hranice na\u0161ich svobod.<\/span><\/p>\n<p><span>Jakmile bude um\u011bl\u00e1 inteligence pln\u011b integrov\u00e1na do vl\u00e1dn\u00ed byrokracie, bude jen mal\u00e1 \u0161ance br\u00e1nit se: v\u0161ichni budeme vystaveni ne\u00faprosn\u00fdm soud\u016fm techno-vl\u00e1dc\u016f.<\/span><\/p>\n<p><span style=\"font-size: 18pt;\"><strong>Takhle to za\u010d\u00edn\u00e1<\/strong><\/span><\/p>\n<p><span>Nejprve cenzo\u0159i zas\u00e1hli proti tzv. extremist\u016fm, kte\u0159\u00ed \u0161\u00ed\u0159\u00ed tzv. \u201enen\u00e1vistn\u00e9 projevy\u201c.<\/span><\/p>\n<p><span>Pak \u0161li po takzvan\u00fdch extremistech, kte\u0159\u00ed \u0161\u00ed\u0159\u00ed tzv. \u201edezinformace\u201c o ukraden\u00fdch volb\u00e1ch, holocaustu a Hunteru Bidenovi.<\/span><\/p>\n<p><span>Kdy\u017e se takzvan\u00ed extremist\u00e9 ocitli v hled\u00e1\u010dku \u0161\u00ed\u0159en\u00ed takzvan\u00fdch \u201edezinformac\u00ed\u201c o pandemii COVID-19 a vakc\u00edn\u00e1ch, cenzo\u0159i vyvinuli syst\u00e9m a strategii, jak uml\u010det nonkonformisty.<\/span><\/p>\n<p><span>V z\u00e1vislosti na tom, jak vl\u00e1da a jej\u00ed obchodn\u00ed spojenci definuj\u00ed, co je \u201eextremismus\u201c, bychom mohli b\u00fdt\u00a0<\/span><em><span>v\u0161ichni<\/span><\/em><span>\u00a0shled\u00e1ni vinn\u00fdmi z toho \u010di onoho my\u0161lenkov\u00e9ho zlo\u010dinu.<\/span><\/p>\n<p><span>Cokoli nyn\u00ed tolerujeme \u2013 p\u0159ed \u010d\u00edm zav\u00edr\u00e1me o\u010di \u2013 cokoli racionalizujeme, kdy\u017e p\u016fsob\u00edme na druh\u00e9, a\u0165 u\u017e ve jm\u00e9nu zaji\u0161t\u011bn\u00ed rasov\u00e9 spravedlnosti nebo obrany demokracie nebo boje proti fa\u0161ismu, nakonec se n\u00e1m v\u0161echny vr\u00e1t\u00ed a zamkneme se.<\/span><\/p>\n<p><span style=\"font-size: 18pt;\"><strong>Sledujte a u\u010dte se<\/strong><\/span><\/p>\n<p><span>V\u0161ichni bychom m\u011bli b\u00fdt znepokojeni, kdy\u017e je osoba nebo skupina &#8211; prominentn\u00ed nebo ne &#8211; cenzurov\u00e1na, uml\u010dena a odstran\u011bna z Facebooku, Twitteru, YouTube a Instagramu za vyj\u00e1d\u0159en\u00ed my\u0161lenek, kter\u00e9 jsou pova\u017eov\u00e1ny za politicky nekorektn\u00ed, nen\u00e1vistn\u00e9, nebezpe\u010dn\u00e9 nebo pova\u017eovan\u00e9 za konspirativn\u00ed.<\/span><\/p>\n<p><span>Vzhledem k tomu, co v\u00edme o tendenci vl\u00e1dy definovat svou vlastn\u00ed realitu a p\u0159ipojovat vlastn\u00ed n\u00e1lepky chov\u00e1n\u00ed a prohl\u00e1\u0161en\u00ed, kter\u00e9 zpochyb\u0148uj\u00ed jej\u00ed autoritu, by to m\u011blo b\u00fdt d\u016fvodem k obav\u00e1m nap\u0159\u00ed\u010d politick\u00fdm spektrem.<\/span><\/p>\n<p><span>Tady jde o to: nemus\u00edte m\u00edt r\u00e1di nebo souhlasit s nik\u00fdm, kdo byl uml\u010den nebo uml\u010den online kv\u016fli jeho n\u00e1zor\u016fm, ale ignorovat dlouhodob\u00e9 dopady takov\u00e9 cenzury je nebezpe\u010dn\u011b naivn\u00ed, proto\u017ee jak\u00e9koli pravomoci, kter\u00e9 d\u00e1te vl\u00e1d\u011b a Grantovi va\u0161i firemn\u00ed z\u00e1stupci te\u010f\u00a0<\/span><em><span>,<\/span><\/em><span>\u00a0budou\u00a0<\/span><em><span>nakonec<\/span><\/em><span>\u00a0zneu\u017eiti proti v\u00e1m tyrany va\u0161\u00ed vlastn\u00ed v\u00fdroby.<\/span><\/p>\n<p><span>Jak Glenn Greenwald p\u00ed\u0161e pro\u00a0<\/span><em><span>The Intercept<\/span><\/em><span>\u00a0:<\/span><\/p>\n<p><em><span>Do o\u010d\u00ed bij\u00edc\u00edm omylem, kter\u00fd je v\u017edy z\u00e1kladem zast\u00e1nc\u016f cenzury, je d\u016fv\u011b\u0159iv\u00e1, klamn\u00e1 v\u00edra, \u017ee pravomoci cenzury se pou\u017e\u00edvaj\u00ed pouze k potla\u010den\u00ed n\u00e1zor\u016f, kter\u00e9 se v\u00e1m nel\u00edb\u00ed, ale nikdy ne va\u0161ich vlastn\u00edch n\u00e1zor\u016f&#8230; Facebook nen\u00ed benevolentn\u00ed, laskav\u00fd, soucitn\u00fd jeden z rodi\u010d\u016f nebo podvratn\u00fd, radik\u00e1ln\u00ed herec, kter\u00fd bude hl\u00eddat n\u00e1\u0161 diskurs, aby chr\u00e1nil slab\u00e9 a marginalizovan\u00e9, nebo aby slou\u017eil jako u\u0161lechtil\u00e1 kontrola zlo\u0159\u00e1d\u016f mocn\u00fdch. T\u00e9m\u011b\u0159 v\u017edy ud\u011blaj\u00ed prav\u00fd opak: budou chr\u00e1nit mocn\u00e9 p\u0159ed t\u011bmi, kdo se sna\u017e\u00ed podkopat instituce elity a odm\u00edtaj\u00ed jejich ortodoxn\u00ed n\u00e1zory. Techni\u010dt\u00ed giganti, stejn\u011b jako v\u0161echny spole\u010dnosti, jsou ze z\u00e1kona povinni sledovat zast\u0159e\u0161uj\u00edc\u00ed c\u00edl: maximalizovat hodnotu pro akcion\u00e1\u0159e. V\u017edy budou pou\u017e\u00edvat svou moc, aby uklidnili ty, o kter\u00fdch v\u011b\u0159\u00ed, \u017ee maj\u00ed nejv\u011bt\u0161\u00ed politickou a ekonomickou moc.<\/span><\/em><\/p>\n<p><span>Bu\u010fte varov\u00e1ni: cesta od cenzury takzvan\u00fdch nelegitimn\u00edch my\u0161lenek k potla\u010dov\u00e1n\u00ed pravdy je kamenit\u00e1.<\/span><\/p>\n<p><span>Jak Orwell p\u0159edpov\u011bd\u011bl, \u0159\u00edkat pravdu se nakonec stane revolu\u010dn\u00edm \u010dinem.<\/span><\/p>\n<p><span>Pokud vl\u00e1da m\u016f\u017ee ovl\u00e1dat \u0159e\u010d, m\u016f\u017ee tak\u00e9 ovl\u00e1dat my\u0161lenky, a to zase m\u016f\u017ee ovl\u00e1dat mysl ob\u010dan\u016f.<\/span><\/p>\n<p><span>Jak objas\u0148uji\u00a0ve sv\u00e9 knize\u00a0<\/span><em><span>Battlefield America:\u00a0<\/span><\/em><em><span>The War on the American People<\/span><\/em><span>\u00a0a jej\u00edm fiktivn\u00edm prot\u011bj\u0161ku\u00a0<\/span><em><span>The Erik Blair Diaries , u\u017e se tak d\u011bje.<\/span><\/em><\/p>\n<p><span>S ka\u017ed\u00fdm dal\u0161\u00edm dnem jsme posouv\u00e1ni d\u00e1le k totalitn\u00ed spole\u010dnosti poznamenan\u00e9 st\u00e1tn\u00ed cenzurou, n\u00e1sil\u00edm, korupc\u00ed, pokrytectv\u00edm a nesn\u00e1\u0161enlivost\u00ed, to v\u0161e zabaleno do orwellovsk\u00e9 dvojzna\u010dnosti n\u00e1rodn\u00ed bezpe\u010dnosti, tolerance a pro n\u00e1\u0161 \u00fadajn\u00fd prosp\u011bch tzv. \u201evl\u00e1dn\u00ed \u0159e\u010di\u201c.<\/span><\/p>\n<p><span>To, \u010deho jsme sv\u011bdky, je modern\u00ed ekvivalent p\u00e1len\u00ed knih, eliminuj\u00edc\u00ed nebezpe\u010dn\u00e9 my\u0161lenky \u2013 a\u0165 u\u017e legitimn\u00ed nebo ne \u2013 a lidi, kte\u0159\u00ed je zastupuj\u00ed.<\/span><\/p>\n<p><span>V\u00edce ne\u017e sedmdes\u00e1t let pot\u00e9, co rom\u00e1n Raye Bradburyho\u00a0<\/span><em><span>Fahrenheit 451<\/span><\/em><span>\u00a0zobrazil fiktivn\u00ed sv\u011bt, v n\u011bm\u017e se p\u00e1l\u00ed knihy k potla\u010den\u00ed nesouhlasu, zat\u00edmco televizn\u00ed z\u00e1bava se pou\u017e\u00edv\u00e1 k umrtven\u00ed obyvatelstva a snadno je zti\u0161\u00ed, rozpt\u00fdl\u00ed a ovl\u00e1d\u00e1, se ocit\u00e1me v d\u011bsiv\u011b podobn\u00e9 realit\u011b.<\/span><\/p>\n<p><em>Autor: Leo Hohmann<\/em><\/p>\n<\/div>\n<\/div>\n<div class=\"elementor-element elementor-element-8c57238 quelle dc-has-condition dc-condition-empty elementor-widget elementor-widget-heading\" data-id=\"8c57238\" data-element_type=\"widget\" data-widget_type=\"heading.default\">\n<div class=\"elementor-widget-container\">\n<h3 class=\"elementor-heading-title elementor-size-default\"><span style=\"font-size: 10pt;\"><a href=\"https:\/\/www.rutherford.org\/publications_resources\/john_whiteheads_commentary\/technofascism_the_government_pressured_tech_companies_to_censor_users\" target=\"_blank\" rel=\"nofollow noopener\">Zdroj<\/a><\/span><\/h3>\n<p>&nbsp;<\/p>\n<\/div>\n<\/div>\n","protected":false},"excerpt":{"rendered":"<p>Whitehead: Ve v\u011bku \u201etechnofa\u0161ismu\u201c vl\u00e1dy tla\u010d\u00ed na technologick\u00e9 spole\u010dnosti, aby cenzurovaly n\u00e1s lidi a chr\u00e1nily&#8230;<\/p>\n","protected":false},"author":2,"featured_media":58633,"comment_status":"closed","ping_status":"closed","sticky":false,"template":"","format":"standard","meta":[],"categories":[7],"tags":[63,7837,2452],"_links":{"self":[{"href":"https:\/\/www.infokuryr.cz\/n\/wp-json\/wp\/v2\/posts\/61107"}],"collection":[{"href":"https:\/\/www.infokuryr.cz\/n\/wp-json\/wp\/v2\/posts"}],"about":[{"href":"https:\/\/www.infokuryr.cz\/n\/wp-json\/wp\/v2\/types\/post"}],"author":[{"embeddable":true,"href":"https:\/\/www.infokuryr.cz\/n\/wp-json\/wp\/v2\/users\/2"}],"replies":[{"embeddable":true,"href":"https:\/\/www.infokuryr.cz\/n\/wp-json\/wp\/v2\/comments?post=61107"}],"version-history":[{"count":0,"href":"https:\/\/www.infokuryr.cz\/n\/wp-json\/wp\/v2\/posts\/61107\/revisions"}],"wp:featuredmedia":[{"embeddable":true,"href":"https:\/\/www.infokuryr.cz\/n\/wp-json\/wp\/v2\/media\/58633"}],"wp:attachment":[{"href":"https:\/\/www.infokuryr.cz\/n\/wp-json\/wp\/v2\/media?parent=61107"}],"wp:term":[{"taxonomy":"category","embeddable":true,"href":"https:\/\/www.infokuryr.cz\/n\/wp-json\/wp\/v2\/categories?post=61107"},{"taxonomy":"post_tag","embeddable":true,"href":"https:\/\/www.infokuryr.cz\/n\/wp-json\/wp\/v2\/tags?post=61107"}],"curies":[{"name":"wp","href":"https:\/\/api.w.org\/{rel}","templated":true}]}}