{"id":61105,"date":"2024-08-31T00:35:48","date_gmt":"2024-08-30T22:35:48","guid":{"rendered":"https:\/\/www.infokuryr.cz\/n\/?p=61105"},"modified":"2024-08-30T16:49:56","modified_gmt":"2024-08-30T14:49:56","slug":"nova-vlna-imigrace-do-usa-zahrnuje-mnoho-cinanu-jihoamericanu-a-lidi-ze-stredniho-vychodu","status":"publish","type":"post","link":"https:\/\/www.infokuryr.cz\/n\/2024\/08\/31\/nova-vlna-imigrace-do-usa-zahrnuje-mnoho-cinanu-jihoamericanu-a-lidi-ze-stredniho-vychodu\/","title":{"rendered":"Nov\u00e1 vlna imigrace do USA zahrnuje mnoho \u010c\u00ed\u0148an\u016f, Jihoameri\u010dan\u016f a lid\u00ed ze St\u0159edn\u00edho v\u00fdchodu"},"content":{"rendered":"<div id=\"fb-root\"><\/div>\n<div class=\"elementor-element elementor-element-1fb4c2c elementor-widget elementor-widget-theme-post-content\" data-id=\"1fb4c2c\" data-element_type=\"widget\" data-widget_type=\"theme-post-content.default\">\n<div class=\"elementor-widget-container\">\n<p><strong>Zd\u00e1 se, \u017ee americk\u00e1 vl\u00e1da prov\u00e1d\u00ed protich\u016fdnou politiku: na jedn\u00e9 stran\u011b v\u00e1lka proti Rusku, \u00cdr\u00e1nu a \u010c\u00edn\u011b, na druh\u00e9 stran\u011b destabilizace dom\u00e1c\u00ed fronty prost\u0159ednictv\u00edm masov\u00e9 migrace a oslaben\u00ed americk\u00fdch ozbrojen\u00fdch sil.<\/strong><\/p>\n<p><span>B\u00fdval\u00fd Zelen\u00fd baret a v\u00e1le\u010dn\u00fd zpravodaj Michael Yon\u00a0<\/span><a href=\"https:\/\/michaelyon.locals.com\/\" target=\"_blank\" rel=\"noreferrer noopener\" data-type=\"link\" data-id=\"https:\/\/michaelyon.locals.com\/\"><span>ned\u00e1vno nav\u0161t\u00edvili<\/span><\/a><span>\u00a0migra\u010dn\u00ed t\u00e1bor OSN Darien Gap v Panam\u011b, kde jak OSN, tak vl\u00e1da USA financuj\u00ed masov\u00e9 migra\u010dn\u00ed aktivity s c\u00edlem p\u0159iv\u00e9st migranty z cel\u00e9ho sv\u011bta do Spojen\u00fdch st\u00e1t\u016f.<\/span><\/p>\n<p><span>Jak\u00e1 vl\u00e1da by podnikla tak rozs\u00e1hlou operaci pa\u0161ov\u00e1n\u00ed lid\u00ed v dob\u011b, kdy se chyst\u00e1 zat\u00e1hnout Rusko, \u00cdr\u00e1n a mo\u017en\u00e1 i \u010c\u00ednu do t\u0159et\u00ed sv\u011btov\u00e9 v\u00e1lky?<\/span><\/p>\n<p><span>Jsme sv\u011bdky toho, \u017ee z\u00e1stupci USA \u2013 Ukrajina a Izrael \u2013 jsou ve sv\u00fdch vojensk\u00fdch operac\u00edch st\u00e1le v\u00edce provokativn\u00ed. Ukrajina napad\u00e1 Rusko a Izrael likviduje vysok\u00e9 nep\u0159\u00e1telsk\u00e9 velitele v zahrani\u010dn\u00edch hlavn\u00edch m\u011bstech Libanonu a \u00cdr\u00e1nu. Jsou to odv\u00e1\u017en\u00e9 akce, o kter\u00fdch jen m\u00e1lokdo v\u011b\u0159\u00ed, \u017ee se odehr\u00e1vaj\u00ed bez souhlasu Washingtonu.<\/span><\/p>\n<p><span>I mainstreamov\u00e1 m\u00e9dia si za\u010d\u00ednaj\u00ed uv\u011bdomovat, \u017ee re\u017eim ve Washingtonu a jeho spojenci v Lond\u00fdn\u011b, Pa\u0159\u00ed\u017ei a Berl\u00edn\u011b si z\u0159ejm\u011b p\u0159ej\u00ed t\u0159et\u00ed sv\u011btovou v\u00e1lku.<\/span><\/p>\n<p><span>Za\u010d\u00edn\u00e1me vid\u011bt titulky, jako je tento, kter\u00fd se objevil v Daily Express minul\u00fd t\u00fdden: \u201eUSA na pokraji \u201av\u00e1lky na t\u0159ech front\u00e1ch\u2018 s Ruskem, \u010c\u00ednou a \u00cdr\u00e1nem, proto\u017ee glob\u00e1ln\u00ed nap\u011bt\u00ed roste.\u201c<\/span><\/p>\n<p><span>Tito z\u00e1padn\u00ed globalist\u00e9 nejen\u017ee cht\u011bj\u00ed v\u00e1lku s Ruskem, \u00cdr\u00e1nem a \u010c\u00ednou, ale ze v\u0161ech sil ji prosazuj\u00ed. Ot\u00e1zka zn\u00ed: mohou to vyhr\u00e1t?<\/span><\/p>\n<p><span>Pokus\u00edm se v tomto \u010dl\u00e1nku uk\u00e1zat, \u017ee ve Washingtonu vel\u00ed zr\u00e1dci, kte\u0159\u00ed ve skute\u010dnosti necht\u011bj\u00ed vyhr\u00e1t v\u00e1lku, kterou za\u010dali.<\/span><\/p>\n<p><span>Za prv\u00e9, \u017e\u00e1dn\u00e1 legitimn\u00ed vl\u00e1da by nezvala a nepodporovala masovou imigraci do sv\u00e9 zem\u011b p\u0159ed velkou v\u00e1lkou. To je v rozporu s popul\u00e1rn\u00edm n\u00e1zorem, \u017ee vl\u00e1dy se sna\u017e\u00ed sjednotit sv\u00e9 obyvatelstvo proti spole\u010dn\u00e9mu nep\u0159\u00edteli, ne\u017e p\u016fjdou do v\u00e1lky. Rozhodn\u011b nezvou des\u00edtky milion\u016f cizinc\u016f, jejich\u017e n\u00e1rodnost neznaj\u00ed. Toto je recept na chaos, zlo\u010din, destabilizaci a rozd\u011blen\u00ed \u2013 \u010dty\u0159i v\u011bci, kter\u00fdm se \u010dlov\u011bk sna\u017e\u00ed za ka\u017edou cenu vyhnout v dob\u011b v\u00e1lky.<\/span><\/p>\n<p><span>Mike Adams z Brighteonu se zeptal Michaela Yona na migranty proch\u00e1zej\u00edc\u00ed t\u00edmto t\u00e1borem OSN. Pan Yon poskytl o\u010dit\u00e9 sv\u011bdectv\u00ed o lidech st\u011bhuj\u00edc\u00edch se k americko-mexick\u00e9 hranici ze St\u0159edn\u00edho v\u00fdchodu, Evropy, Haiti, \u010c\u00edny a Ji\u017en\u00ed Ameriky.<\/span><\/p>\n<p><span>Pan Yon uvedl, \u017ee mluvil s \u010d\u00ednsk\u00fdm p\u00e1rem v mandar\u00edn\u0161tin\u011b a byl schopen potvrdit jejich zemi p\u016fvodu (pevninsk\u00e1 \u010c\u00edna) a c\u00edl (Spojen\u00e9 st\u00e1ty americk\u00e9).<\/span><\/p>\n<p><span>Pro\u010d tolik \u010c\u00ed\u0148an\u016f a obyvatel St\u0159edn\u00edho v\u00fdchodu proch\u00e1z\u00ed Darien Gap na cest\u011b do Ameriky?<\/span><\/p>\n<p><span>Yon \u0159ekl, \u017ee prob\u00edh\u00e1 masivn\u00ed roz\u0161i\u0159ov\u00e1n\u00ed t\u00e1bora Organizace spojen\u00fdch n\u00e1rod\u016f, kter\u00e9 pom\u00e1h\u00e1 dostat v\u00edce migrant\u016f p\u0159es Darien Gap, odkud budou p\u0159epraveni k hranic\u00edm s USA, aby ileg\u00e1ln\u011b vstoupili do Spojen\u00fdch st\u00e1t\u016f \u2013 cokoliv s podporou americk\u00e9ho ministerstva vlasti. Bezpe\u010dnost a Bidenova administrativa.<\/span><\/p>\n<p><span>V dob\u011b, kdy americk\u00e1 vl\u00e1da financuje invazi do Ruska prost\u0159ednictv\u00edm sv\u00e9ho z\u00e1stupce, Ukrajiny, umo\u017e\u0148uje invazi Spojen\u00fdch st\u00e1t\u016f. \u017d\u00e1dn\u00e1 rozumn\u00e1 vl\u00e1da by n\u011bco takov\u00e9ho neud\u011blala.<\/span><\/p>\n<p><span>Ale jde o mnohem v\u00edc ne\u017e jen o vl\u00e1du USA. Jde o globalistickou celosv\u011btovou agendu Organizace spojen\u00fdch n\u00e1rod\u016f a Sv\u011btov\u00e9ho ekonomick\u00e9ho f\u00f3ra, kter\u00e1 podle v\u0161eho p\u0159ipravuje USA na kolaps. Neexistuje \u017e\u00e1dn\u00fd jin\u00fd zp\u016fsob, jak vysv\u011btlit rozporuplnou politiku, kter\u00e1 v sou\u010dasnosti p\u0159ich\u00e1z\u00ed z Washingtonu.<\/span><\/p>\n<p><span>Globalist\u00e9, kte\u0159\u00ed maj\u00ed na starosti americkou vl\u00e1du, se nespokojili s t\u00edm, \u017ee zvou sv\u011bt do Ameriky a nab\u00eddnou jim pen\u00edze a v\u00fdhody zdarma. Kdyby to bylo v\u0161e, bylo by to dost \u0161patn\u00e9. Ale tak\u00e9 vypr\u00e1zdnili strategick\u00e9 z\u00e1soby ropy na\u0161\u00ed zem\u011b v dob\u011b, kdy je m\u011bli dopl\u0148ovat \u2013 to by ud\u011blala administrativa, kter\u00e1 se v\u00e1\u017en\u011b p\u0159ipravuje na v\u00e1lku s Ruskem a mo\u017en\u00e1 i \u010c\u00ednou, \u00cdr\u00e1nem a Severn\u00ed Koreou.<\/span><\/p>\n<p><span>P\u0159edepsali tak\u00e9 toxick\u00e9 mRNA vakc\u00edny a zavedli LGBTQ\/diverzitn\u00ed propagandu do \u0159ad americk\u00e9 arm\u00e1dy, dob\u0159e v\u011bd\u011bli, \u017ee tyto typy politik oslab\u00ed samotn\u00e9 obrann\u00e9 s\u00edly nasazen\u00e9 proti Rusku a jeho spojenc\u016fm.<\/span><\/p>\n<p><span>EU i USA prov\u00e1d\u011bj\u00ed politiku radik\u00e1ln\u00ed deindustrializace. To je docela nep\u0159\u00edjemn\u00e9, kdy\u017e jste v z\u00e1stupn\u00e9 v\u00e1lce s Ruskem, zem\u00ed, kter\u00e1 roz\u0161\u00ed\u0159ila svou pr\u016fmyslovou z\u00e1kladnu a aktu\u00e1ln\u011b n\u00e1s p\u0159evy\u0161uje v pom\u011bru 3:1 ve v\u00fdrob\u011b d\u011blost\u0159eleck\u00fdch gran\u00e1t\u016f pro v\u00e1lku na Ukrajin\u011b. \u010c\u00edna m\u00e1 tak\u00e9 obrovskou pr\u016fmyslovou z\u00e1kladnu.<\/span><\/p>\n<p><span>Vyhl\u00e1sily by USA a Evropa tak\u00e9 v\u00e1lku levn\u00e9 energii \u2013 uhl\u00ed, rop\u011b a zemn\u00edmu plynu \u2013 pod z\u00e1minkou \u201ezm\u011bny klimatu\u201c, pokud by cht\u011bly porazit Rusko a \u010c\u00ednu ve t\u0159et\u00ed sv\u011btov\u00e9 v\u00e1lce? nev\u011b\u0159\u00edm.<\/span><\/p>\n<p><span>Pokud by USA a EU myslely jedn\u00e1n\u00ed s Ruskem a \u010c\u00ednou v\u00e1\u017en\u011b, vyhl\u00e1sily by potravin\u00e1m v\u00e1lku a povzbudily by farm\u00e1\u0159e, aby vy\u0159adili z produkce \u00farodnou p\u016fdu a vyu\u017eili ji pro v\u011btrn\u00e9 a sol\u00e1rn\u00ed farmy?<\/span><\/p>\n<p><span>Historie n\u00e1s u\u010d\u00ed, \u017ee v ka\u017ed\u00e9 velk\u00e9 v\u00e1lce v\u00edt\u011bz\u00ed n\u00e1rody s nejlep\u0161\u00edm p\u0159\u00edstupem k levn\u00e9 energii a potravin\u00e1m.<\/span><\/p>\n<p><span>Tak\u017ee toto je z\u00e1v\u011br: globalist\u00e9 na jedn\u00e9 stran\u011b podn\u011bcuj\u00ed t\u0159et\u00ed sv\u011btovou v\u00e1lku a na druh\u00e9 stran\u011b se p\u0159ipravuj\u00ed, \u017ee ji prohraj\u00ed.<\/span><\/p>\n<p><span>Kdybychom \u017eili ve skute\u010dn\u00e9 zemi, byl by to zlo\u010din. \u0158\u00edk\u00e1 se tomu zrada.<\/span><\/p>\n<p><em>Leo Hohmann<\/em><\/p>\n<\/div>\n<\/div>\n<div class=\"elementor-element elementor-element-8c57238 quelle dc-has-condition dc-condition-empty elementor-widget elementor-widget-heading\" data-id=\"8c57238\" data-element_type=\"widget\" data-widget_type=\"heading.default\">\n<div class=\"elementor-widget-container\">\n<h3 class=\"elementor-heading-title elementor-size-default\"><span style=\"font-size: 10pt;\"><a href=\"https:\/\/leohohmann.substack.com\/p\/new-migrant-wave-heading-to-us-includes?utm_source=post-email-title&amp;publication_id=787967&amp;post_id=148164071&amp;utm_campaign=email-post-title&amp;isFreemail=true&amp;r=pf6gr&amp;triedRedirect=true&amp;utm_medium=email\" target=\"_blank\" rel=\"nofollow noopener\">Zdroj<\/a><\/span><\/h3>\n<p>&nbsp;<\/p>\n<\/div>\n<\/div>\n","protected":false},"excerpt":{"rendered":"<p>Zd\u00e1 se, \u017ee americk\u00e1 vl\u00e1da prov\u00e1d\u00ed protich\u016fdnou politiku: na jedn\u00e9 stran\u011b v\u00e1lka proti Rusku, \u00cdr\u00e1nu&#8230;<\/p>\n","protected":false},"author":2,"featured_media":61106,"comment_status":"closed","ping_status":"closed","sticky":false,"template":"","format":"standard","meta":[],"categories":[7],"tags":[119,1503,37],"_links":{"self":[{"href":"https:\/\/www.infokuryr.cz\/n\/wp-json\/wp\/v2\/posts\/61105"}],"collection":[{"href":"https:\/\/www.infokuryr.cz\/n\/wp-json\/wp\/v2\/posts"}],"about":[{"href":"https:\/\/www.infokuryr.cz\/n\/wp-json\/wp\/v2\/types\/post"}],"author":[{"embeddable":true,"href":"https:\/\/www.infokuryr.cz\/n\/wp-json\/wp\/v2\/users\/2"}],"replies":[{"embeddable":true,"href":"https:\/\/www.infokuryr.cz\/n\/wp-json\/wp\/v2\/comments?post=61105"}],"version-history":[{"count":0,"href":"https:\/\/www.infokuryr.cz\/n\/wp-json\/wp\/v2\/posts\/61105\/revisions"}],"wp:featuredmedia":[{"embeddable":true,"href":"https:\/\/www.infokuryr.cz\/n\/wp-json\/wp\/v2\/media\/61106"}],"wp:attachment":[{"href":"https:\/\/www.infokuryr.cz\/n\/wp-json\/wp\/v2\/media?parent=61105"}],"wp:term":[{"taxonomy":"category","embeddable":true,"href":"https:\/\/www.infokuryr.cz\/n\/wp-json\/wp\/v2\/categories?post=61105"},{"taxonomy":"post_tag","embeddable":true,"href":"https:\/\/www.infokuryr.cz\/n\/wp-json\/wp\/v2\/tags?post=61105"}],"curies":[{"name":"wp","href":"https:\/\/api.w.org\/{rel}","templated":true}]}}