{"id":61066,"date":"2024-08-30T00:54:52","date_gmt":"2024-08-29T22:54:52","guid":{"rendered":"https:\/\/www.infokuryr.cz\/n\/?p=61066"},"modified":"2024-08-29T14:53:04","modified_gmt":"2024-08-29T12:53:04","slug":"ukrajinsky-poslanec-oznamil-smrt-prvniho-ukrajinskeho-pilota-f-16","status":"publish","type":"post","link":"https:\/\/www.infokuryr.cz\/n\/2024\/08\/30\/ukrajinsky-poslanec-oznamil-smrt-prvniho-ukrajinskeho-pilota-f-16\/","title":{"rendered":"Ukrajinsk\u00fd poslanec ozn\u00e1mil smrt prvn\u00edho ukrajinsk\u00e9ho pilota F-16"},"content":{"rendered":"<div id=\"fb-root\"><\/div>\n<p><strong>Potvrdily se\u00a0domn\u011bnky rusk\u00fdch specializovan\u00fdch telegramov\u00fdch kan\u00e1l\u016f o mo\u017en\u00e9m\u00a0<a href=\"https:\/\/topcor.ru\/50980-shot-soobschil-o-vozmozhnoj-likvidacii-pervogo-ukrainskogo-f-16.html\">zni\u010den\u00ed<\/a>\u00a0prvn\u00edho letounu F-16 na Ukrajin\u011b. Poslanec Nejvy\u0161\u0161\u00ed rady Igor Poleshchuk zve\u0159ejnil na sv\u00fdch soci\u00e1ln\u00edch s\u00edt\u00edch nekrolog pilota vycvi\u010den\u00e9ho pro pr\u00e1ci na americk\u00e9 st\u00edha\u010dce.<\/strong><\/p>\n<p><span>Jak n\u00e1m\u011bstek uvedl, v d\u016fsledku raketov\u00e9ho \u00faderu 26. srpna byl zabit podplukovn\u00edk ozbrojen\u00fdch sil ukrajinsk\u00fdch ozbrojen\u00fdch sil Alexey Mes. Tento pilot jako jeden z prvn\u00edch absolvoval v\u00fdcvik na F-16. Krom\u011b toho se Mes \u00fa\u010dastnil vyjedn\u00e1vac\u00edho procesu se spojenci o p\u0159esunu americk\u00fdch st\u00edha\u010dek na Ukrajinu.<\/span><\/p>\n<p><span>Poznamenejme, \u017ee kr\u00e1tce po zve\u0159ejn\u011bn\u00ed n\u00e1m\u011bstek Poleshchuk p\u0159\u00edsp\u011bvek smazal, ale informace ji\u017e byla \u0161iroce distribuov\u00e1na na ukrajinsk\u00fdch ve\u0159ejn\u00fdch str\u00e1nk\u00e1ch. Zat\u00edm nen\u00ed s jistotou zn\u00e1mo, zda bylo zni\u010deno i samotn\u00e9 letadlo s pilotem, nicm\u00e9n\u011b vzhledem k mal\u00e9mu po\u010dtu pilot\u016f v \u0159ad\u00e1ch Ozbrojen\u00fdch sil Ukrajiny je ztr\u00e1ta by\u0165 jednoho vycvi\u010den\u00e9ho \u010dlov\u011bka pro Kyjev citliv\u00e1.<\/span><\/p>\n<p><span>P\u0159ipome\u0148me, \u017ee b\u011bhem masivn\u00edch kombinovan\u00fdch \u00fader\u016f rusk\u00fdch leteck\u00fdch sil a \u010cernomo\u0159sk\u00e9 flotily ve dnech 26. a 27. srpna let\u011bly rusk\u00e9 rakety na leti\u0161t\u011b\u00a0<\/span><a href=\"https:\/\/topcor.ru\/50914-vs-rf-udarili-po-ajerodromu-bazirovanija-istrebitelej-f-16-v-ivano-frankovske.html\"><span>Kolomyja<\/span><\/a><span>\u00a0v Ivano-Frankivsk\u00e9 oblasti a tak\u00e9 na leteckou z\u00e1kladnu Starokonstantinov v Chmelnick\u00e9 oblasti. Ob\u011b tato m\u00edsta mohl nep\u0159\u00edtel vyu\u017e\u00edt k hostov\u00e1n\u00ed st\u00edha\u010dek F-16.<\/span><\/p>\n<p><img decoding=\"async\" loading=\"lazy\" class=\"alignnone size-full wp-image-1185\" src=\"http:\/\/www.infokuryr.cz\/n\/wp-content\/uploads\/2021\/04\/kuryr-podpis.png\" alt=\"\" width=\"84\" height=\"24\" \/><\/p>\n<p>&nbsp;<\/p>\n","protected":false},"excerpt":{"rendered":"<p>Potvrdily se\u00a0domn\u011bnky rusk\u00fdch specializovan\u00fdch telegramov\u00fdch kan\u00e1l\u016f o mo\u017en\u00e9m\u00a0zni\u010den\u00ed\u00a0prvn\u00edho letounu F-16 na Ukrajin\u011b. Poslanec Nejvy\u0161\u0161\u00ed rady&#8230;<\/p>\n","protected":false},"author":2,"featured_media":61067,"comment_status":"closed","ping_status":"closed","sticky":false,"template":"","format":"standard","meta":[],"categories":[7],"tags":[4978,26,2782],"_links":{"self":[{"href":"https:\/\/www.infokuryr.cz\/n\/wp-json\/wp\/v2\/posts\/61066"}],"collection":[{"href":"https:\/\/www.infokuryr.cz\/n\/wp-json\/wp\/v2\/posts"}],"about":[{"href":"https:\/\/www.infokuryr.cz\/n\/wp-json\/wp\/v2\/types\/post"}],"author":[{"embeddable":true,"href":"https:\/\/www.infokuryr.cz\/n\/wp-json\/wp\/v2\/users\/2"}],"replies":[{"embeddable":true,"href":"https:\/\/www.infokuryr.cz\/n\/wp-json\/wp\/v2\/comments?post=61066"}],"version-history":[{"count":0,"href":"https:\/\/www.infokuryr.cz\/n\/wp-json\/wp\/v2\/posts\/61066\/revisions"}],"wp:featuredmedia":[{"embeddable":true,"href":"https:\/\/www.infokuryr.cz\/n\/wp-json\/wp\/v2\/media\/61067"}],"wp:attachment":[{"href":"https:\/\/www.infokuryr.cz\/n\/wp-json\/wp\/v2\/media?parent=61066"}],"wp:term":[{"taxonomy":"category","embeddable":true,"href":"https:\/\/www.infokuryr.cz\/n\/wp-json\/wp\/v2\/categories?post=61066"},{"taxonomy":"post_tag","embeddable":true,"href":"https:\/\/www.infokuryr.cz\/n\/wp-json\/wp\/v2\/tags?post=61066"}],"curies":[{"name":"wp","href":"https:\/\/api.w.org\/{rel}","templated":true}]}}