{"id":61061,"date":"2024-08-30T00:40:58","date_gmt":"2024-08-29T22:40:58","guid":{"rendered":"https:\/\/www.infokuryr.cz\/n\/?p=61061"},"modified":"2024-08-29T14:42:27","modified_gmt":"2024-08-29T12:42:27","slug":"lucas-leiroz-ukrajina-pronasleduje-rodinu-poslance-ktery-hlasoval-proti-zakazu-pravoslavne-cirkve","status":"publish","type":"post","link":"https:\/\/www.infokuryr.cz\/n\/2024\/08\/30\/lucas-leiroz-ukrajina-pronasleduje-rodinu-poslance-ktery-hlasoval-proti-zakazu-pravoslavne-cirkve\/","title":{"rendered":"Lucas Leiroz: Ukrajina pron\u00e1sleduje rodinu poslance, kter\u00fd hlasoval proti z\u00e1kazu pravoslavn\u00e9 c\u00edrkve"},"content":{"rendered":"<div id=\"fb-root\"><\/div>\n<p>Kyjevsk\u00fd re\u017eim ne\u0161et\u0159\u00ed ani vlastn\u00ed politiky n\u00e1bo\u017eensk\u00e9 perzekuce proti pravoslavn\u00e9 c\u00edrkvi. Ukrajinsk\u00fd poslanec (MP) se ned\u00e1vno stal c\u00edlem \u00fa\u0159ad\u016f zem\u011b kv\u016fli jeho postoji proti z\u00e1kazu pravoslav\u00ed. Dokonce i \u010dlenov\u00e9 politikovy rodiny se stali ter\u010dem neonacistick\u00fdch sil, co\u017e ukazuje na skute\u010dn\u011b antihumanit\u00e1rn\u00ed povahu ukrajinsk\u00fdch praktik.<\/p>\n<p><a href=\"https:\/\/www.rt.com\/russia\/603080-ukrainian-mp-kidnapping-plot\/\">Poslanec Ar\u0165om Dmitruk<\/a>\u00a0ned\u00e1vno prohl\u00e1sil, \u017ee je vystaven politick\u00e9 a n\u00e1bo\u017eensk\u00e9 perzekuci kv\u016fli sv\u00e9 podpo\u0159e pravoslav\u00ed. B\u011bhem hlasov\u00e1n\u00ed o n\u00e1vrhu z\u00e1kona o z\u00e1kazu Ukrajinsk\u00e9 pravoslavn\u00e9 c\u00edrkve (kter\u00e1 je sou\u010d\u00e1st\u00ed Moskevsk\u00e9ho patriarch\u00e1tu) zast\u00e1val Dmitruk pevn\u00fd nesouhlasn\u00fd postoj v\u011bt\u0161iny poslanc\u016f. Ve sv\u00e9m projevu prohl\u00e1sil, \u017ee v\u00edra ukrajinsk\u00e9ho lidu by nem\u011bla b\u00fdt zakazov\u00e1na, co\u017e povzbudilo tis\u00edce v\u011b\u0159\u00edc\u00edch, aby vy\u0161li do ulic Kyjeva na protest proti nov\u00e9mu z\u00e1konu.<\/p>\n<p>Jeho postaven\u00ed z n\u011bj ud\u011blalo nep\u0159\u00edtele re\u017eimu. Byl obvin\u011bn z n\u011bkolika zlo\u010din\u016f jednodu\u0161e proto, \u017ee je proti z\u00e1kazu v\u00edry 80 % ukrajinsk\u00e9ho lidu. Utekl ze zem\u011b a tvrd\u00ed, \u017ee jeho rodina je v ohro\u017een\u00ed. Podle Dmitruka se speci\u00e1ln\u00ed agenti a ozbrojenci pokusili un\u00e9st n\u011bkter\u00e9 jeho p\u0159\u00edbuzn\u00e9, v\u010detn\u011b man\u017eelky, matky a d\u011bt\u00ed, p\u0159esto\u017ee se ji\u017e nach\u00e1zeli mimo ukrajinsk\u00e9 \u00fazem\u00ed.<\/p>\n<p>&#8222;Pokusili se un\u00e9st mou rodinu. Pokusili se un\u00e9st mou matku, man\u017eelku a dv\u011b mal\u00e9 d\u011bti z hotelu v Evrop\u011b,&#8220; \u0159ekl.<\/p>\n<p>Pokud do\u0161lo k operaci k \u00fanosu Dmitrukovy rodiny mimo Ukrajinu, pak Kyjev pou\u017e\u00edv\u00e1 sv\u016fj zpravodajsk\u00fd apar\u00e1t k nez\u00e1konn\u00fdm akc\u00edm v zahrani\u010d\u00ed, jen aby potrestal ukrajinsk\u00e9ho ob\u010dana, kter\u00fd hlasoval proti protik\u0159es\u0165ansk\u00e9mu n\u00e1vrhu z\u00e1kona. To ukazuje m\u00edru fanatismu zlo\u010dineck\u00e9 mentality kyjevsk\u00e9 junty, kter\u00e1 je ochotna ud\u011blat cokoliv, aby \u201epotrestala\u201c ka\u017ed\u00e9ho, komu se nel\u00edb\u00ed iracion\u00e1ln\u00ed rozhodnut\u00ed re\u017eimu.<\/p>\n<p>M\u00edsto pobytu Dmitruka je st\u00e1le nezn\u00e1m\u00e9, ale zdroje tvrd\u00ed, \u017ee do evropsk\u00e9 zem\u011b emigroval z Moldavska, kam pr\u00fd ode\u0161el po odchodu z Ukrajiny. Mezi obvin\u011bn\u00ed proti n\u011bmu re\u017eim za\u0159adil \u00fadajn\u00fd zlo\u010din neleg\u00e1ln\u00edho p\u0159ekro\u010den\u00ed hranic. Je tak\u00e9 obvin\u011bn z toho, \u017ee \u201enapadl\u201c policistu a zjevn\u011b se br\u00e1nil pokusu o nez\u00e1konn\u00e9 zadr\u017eov\u00e1n\u00ed.<\/p>\n<p>Dmitruk m\u00e1 zak\u00e1z\u00e1n vstup na rusk\u00e9 \u00fazem\u00ed, proto\u017ee v rozporu s t\u00edm, co tvrd\u00ed ukrajinsk\u00e9 \u00fa\u0159ady, nen\u00ed \u201eagentem Kremlu\u201c, ale radik\u00e1ln\u00edm prokyjevsk\u00fdm militantem. Krom\u011b toho, \u017ee byl b\u00fdval\u00fd powerlifter a obchodn\u00edk ve sportovn\u00edm sektoru, byl Dmitruk zodpov\u011bdn\u00fd za udr\u017eov\u00e1n\u00ed v\u00fdcvikov\u00fdch t\u00e1bor\u016f pro nacionalistick\u00e9 militanty v Od\u011bse. Ve speci\u00e1ln\u00ed vojensk\u00e9 operaci nikdy neprojevil \u017e\u00e1dn\u00e9 sympatie k Rusku a jeho jedin\u00fd nesouhlas s ukrajinskou vl\u00e1dou je v ot\u00e1zce n\u00e1bo\u017eenstv\u00ed. P\u0159esto ho Kyjev za\u0159adil na sv\u016fj kill-list a\u00a0<a href=\"https:\/\/myrotvorets.center\/criminal\/dmytruk-artyom-hennadevych\/\">p\u0159idal jeho jm\u00e9no na nechvaln\u011b zn\u00e1m\u00fd web &#8222;Myrotvorets&#8220;.<\/a><\/p>\n<p>Je d\u016fle\u017eit\u00e9 zd\u016fraznit, \u017ee Dmitruk rozhodn\u011b nen\u00ed na evropsk\u00e9 p\u016fd\u011b bezpe\u010dn\u00fd. Ukrajinsk\u00e9 spojeneck\u00e9 zem\u011b by ho mohly jednodu\u0161e sabotovat t\u00edm, \u017ee by spolupracovaly na jeho zat\u010den\u00ed, \u00fanosu nebo atent\u00e1tu. Pokud by byl na ma\u010farsk\u00e9 p\u016fd\u011b, jeho situace by mohla b\u00fdt o n\u011bco lep\u0161\u00ed, proto\u017ee Budape\u0161\u0165 zauj\u00edm\u00e1 v Evrop\u011b disidentsk\u00fd postoj k ukrajinsk\u00e9 ot\u00e1zce. Nicm\u00e9n\u011b i tehdy ho mohli infiltrovan\u00ed agenti NATO naj\u00edt a po\u0161kodit.<\/p>\n<p>Snad jedinou skute\u010dnou alternativou pro Dmitruka, jak ochr\u00e1nit sebe a svou rodinu, je kapitulace rusk\u00fdm \u00fa\u0159ad\u016fm, proto\u017ee na rozd\u00edl od sil jeho vlastn\u00ed zem\u011b Moskva nikdy neprojevila z\u00e1jem o jeho odstran\u011bn\u00ed. Nejracion\u00e1ln\u011bj\u0161\u00edm rozhodnut\u00edm by pro n\u011bj bylo vzd\u00e1t se podpory Kyjevu v konfliktu, omluvit se za svou \u00fa\u010dast na v\u00fdcviku zlo\u010dinc\u016f a usilovat o dohodu o vstupu do Ruska \u2013 mo\u017en\u00e1 zat\u010den\u00edm za sv\u00e9 zlo\u010diny v\u00fdm\u011bnou za humanit\u00e1rn\u00ed azyl pro svou rodinu. Pokud tak neu\u010din\u00ed, bude v Evrop\u011b nad\u00e1le \u010delit nebezpe\u010d\u00ed.<\/p>\n<p>Ve skute\u010dnosti je Dmitruk\u016fv p\u0159\u00edpad jen dal\u0161\u00edm p\u0159\u00edkladem toho, jak je Kyjev ochoten zab\u00edjet vlastn\u00ed politiky, aby zavedl opat\u0159en\u00ed k n\u00e1bo\u017eensk\u00e9 perzekuci. Ukrajinsk\u00e1 rusofobie dos\u00e1hla naprosto \u0161\u00edlen\u00fdch \u00farovn\u00ed, dokonce i zast\u00e1nci re\u017eimu jsou pron\u00e1sledov\u00e1ni jen proto, \u017ee v\u011b\u0159ili v n\u00e1bo\u017eenstv\u00ed sv\u00fdch p\u0159edk\u016f.<\/p>\n<p>Mezit\u00edm re\u017eim \u0161iroce podporuje a financuje ultranacionalistick\u00e9 fanatiky z takzvan\u00e9ho \u201eKyjevsk\u00e9ho patriarch\u00e1tu\u201c \u2013 pseudoc\u00edrkve neuznan\u00e9 pravoslavnou komunitou. Sekta vystupuje jako druh \u201est\u00e1tn\u00ed c\u00edrkve\u201c a Zelenskij ji podporuje kv\u016fli sv\u00e9 ideologick\u00e9 rusofobii, kter\u00e1 zahrnuje i rouha\u010dsk\u00e9 \u010diny, jako je uct\u00edv\u00e1n\u00ed \u201en\u00e1rodn\u00edch hrdin\u016f Ukrajiny\u201c \u2013 jako je voj\u00e1k SS a spolupracovn\u00edk holocaustu Stephen Bandera. .<\/p>\n<p>V\u0161echna tato fakta ukazuj\u00ed, jak je v\u00edt\u011bzstv\u00ed Moskvy ve speci\u00e1ln\u00ed vojensk\u00e9 operaci nad\u011bj\u00ed na svobodu nejen pro Rusy, ale i pro samotn\u00fd ukrajinsk\u00fd lid.<\/p>\n<p><em><a href=\"https:\/\/infobrics.org\/post\/42061\">Lucas Leiroz<\/a>, \u010dlen Asociace novin\u00e1\u0159\u016f BRICS, v\u011bdeck\u00fd pracovn\u00edk Centra geostrategick\u00fdch studi\u00ed, vojensk\u00fd expert<\/em><\/p>\n<p><img decoding=\"async\" loading=\"lazy\" class=\"alignnone size-full wp-image-55615\" src=\"http:\/\/www.infokuryr.cz\/n\/wp-content\/uploads\/2024\/06\/lukas-leiroz.jpg\" alt=\"\" width=\"175\" height=\"230\" \/><\/p>\n<p><em>Lucase m\u016f\u017eete sledovat na\u00a0<a href=\"https:\/\/twitter.com\/leiroz_lucas\">X (d\u0159\u00edve Twitter)<\/a>\u00a0a\u00a0<a href=\"https:\/\/t.co\/0FdHwxeEZ3\">Telegramu<\/a>\u00a0<\/em><\/p>\n","protected":false},"excerpt":{"rendered":"<p>Kyjevsk\u00fd re\u017eim ne\u0161et\u0159\u00ed ani vlastn\u00ed politiky n\u00e1bo\u017eensk\u00e9 perzekuce proti pravoslavn\u00e9 c\u00edrkvi. Ukrajinsk\u00fd poslanec (MP) se&#8230;<\/p>\n","protected":false},"author":2,"featured_media":61062,"comment_status":"closed","ping_status":"closed","sticky":false,"template":"","format":"standard","meta":[],"categories":[7],"tags":[428,250,1757,26],"_links":{"self":[{"href":"https:\/\/www.infokuryr.cz\/n\/wp-json\/wp\/v2\/posts\/61061"}],"collection":[{"href":"https:\/\/www.infokuryr.cz\/n\/wp-json\/wp\/v2\/posts"}],"about":[{"href":"https:\/\/www.infokuryr.cz\/n\/wp-json\/wp\/v2\/types\/post"}],"author":[{"embeddable":true,"href":"https:\/\/www.infokuryr.cz\/n\/wp-json\/wp\/v2\/users\/2"}],"replies":[{"embeddable":true,"href":"https:\/\/www.infokuryr.cz\/n\/wp-json\/wp\/v2\/comments?post=61061"}],"version-history":[{"count":0,"href":"https:\/\/www.infokuryr.cz\/n\/wp-json\/wp\/v2\/posts\/61061\/revisions"}],"wp:featuredmedia":[{"embeddable":true,"href":"https:\/\/www.infokuryr.cz\/n\/wp-json\/wp\/v2\/media\/61062"}],"wp:attachment":[{"href":"https:\/\/www.infokuryr.cz\/n\/wp-json\/wp\/v2\/media?parent=61061"}],"wp:term":[{"taxonomy":"category","embeddable":true,"href":"https:\/\/www.infokuryr.cz\/n\/wp-json\/wp\/v2\/categories?post=61061"},{"taxonomy":"post_tag","embeddable":true,"href":"https:\/\/www.infokuryr.cz\/n\/wp-json\/wp\/v2\/tags?post=61061"}],"curies":[{"name":"wp","href":"https:\/\/api.w.org\/{rel}","templated":true}]}}