{"id":61034,"date":"2024-08-30T00:41:42","date_gmt":"2024-08-29T22:41:42","guid":{"rendered":"https:\/\/www.infokuryr.cz\/n\/?p=61034"},"modified":"2024-08-29T14:27:05","modified_gmt":"2024-08-29T12:27:05","slug":"velmi-drzy-vykon-komentare-ukrajinskeho-ministra-zahranici-ohledne-masakru-na-volyni-za-druhe-svetove-valky-vyvolaly-v-polsku-poboureni","status":"publish","type":"post","link":"https:\/\/www.infokuryr.cz\/n\/2024\/08\/30\/velmi-drzy-vykon-komentare-ukrajinskeho-ministra-zahranici-ohledne-masakru-na-volyni-za-druhe-svetove-valky-vyvolaly-v-polsku-poboureni\/","title":{"rendered":"\u201eVelmi drz\u00fd v\u00fdkon\u201c \u2013 koment\u00e1\u0159e ukrajinsk\u00e9ho ministra zahrani\u010d\u00ed ohledn\u011b masakru na Volyni za druh\u00e9 sv\u011btov\u00e9 v\u00e1lky vyvolaly v Polsku pobou\u0159en\u00ed"},"content":{"rendered":"<div id=\"fb-root\"><\/div>\n<h3 class=\"s-tagline fw-tagline\">Vyj\u00e1d\u0159en\u00ed Dmytra Kuleby k voly\u0148sk\u00e9mu masakru vyvolalo v Polsku silnou reakci a mnoz\u00ed jeho v\u00fdroky odsuzuj\u00ed jako drz\u00e9<\/h3>\n<p>Ukrajinsk\u00fd ministr zahrani\u010d\u00ed Dmytro Kuleba se b\u011bhem n\u00e1v\u0161t\u011bvy Polska z\u00fa\u010dastnil akce Campus Poland of the Future v Olsztyn\u011b, kterou po\u0159\u00e1dal liber\u00e1ln\u00ed starosta Var\u0161avy Rafa\u0142 Trzaskowski. Kdy\u017e se ho jeden z poslucha\u010d\u016f zeptal, kdy bude Polsku kone\u010dn\u011b dovoleno exhumovat ob\u011bti voly\u0148sk\u00e9ho\u00a0<a href=\"https:\/\/rmx.news\/article\/monument-of-wwii-volhynia-massacre-of-poles-by-ukrainians-unveiled-in-poland\/\">masakru<\/a>\u00a0, Kuleba tuto ot\u00e1zku odvr\u00e1til odkazem na operaci \u201eWis\u0142a\u201c z roku 1947, kdy bylo z jihov\u00fdchodn\u00edho Polska deportov\u00e1no kolem 140 000 Ukrajinc\u016f a Lemk\u016f uprost\u0159ed konflikt\u016f. s ukrajinsk\u00fdmi nacionalisty.<\/p>\n<p>Kuleba uvedl, \u017ee tazatel by si m\u011bl b\u00fdt v\u011bdom toho, co operace \u201eWis\u0142a\u201c obn\u00e1\u0161ela a \u017ee tito Ukrajinci byli n\u00e1siln\u011b vyhn\u00e1ni z ukrajinsk\u00fdch \u00fazem\u00ed, aby se usadili v m\u00edstech, jako je Olsztyn.<\/p>\n<p>Kuleba odpov\u011bd\u011bl: \u201eUv\u011bdomujete si, co byla operace \u201aWis\u0142a\u2018? Ti Ukrajinci byli n\u00e1siln\u011b vyhn\u00e1ni ze sv\u00fdch \u00fazem\u00ed, aby \u017eili v m\u00edstech, jako je Olsztyn,\u201c a pokra\u010doval: \u201eAle j\u00e1 o tom nemluv\u00edm. Pokud se za\u010dneme hrabat v historii, rozhovor by byl velmi odli\u0161n\u00fd a mohli bychom j\u00edt velmi hluboko do k\u0159ivd, kter\u00e9 Pol\u00e1ci p\u00e1chali na Ukrajinc\u00edch a naopak.\u201c<\/p>\n<p>Tyto pozn\u00e1mky se v Polsku setkaly s velk\u00fdm nesouhlasem. Prezident Svazu podnikatel\u016f a zam\u011bstnavatel\u016f Cezary Ka\u017amierczak ozna\u010dil Kulebovo vystupov\u00e1n\u00ed za \u201evelmi drz\u00e9\u201c a kritizoval nedostatek reciprocity ve vztahu.<\/p>\n<figure class=\"wp-block-embed is-type-rich is-provider-twitter wp-block-embed-twitter\">\n<div class=\"wp-block-embed__wrapper\">\n<div class=\"twitter-tweet twitter-tweet-rendered\"><iframe id=\"twitter-widget-0\" class=\"\" title=\"P\u0159\u00edsp\u011bvek X\" src=\"https:\/\/platform.twitter.com\/embed\/Tweet.html?creatorScreenName=RMXnews&amp;dnt=true&amp;embedId=twitter-widget-0&amp;features=eyJ0ZndfdGltZWxpbmVfbGlzdCI6eyJidWNrZXQiOltdLCJ2ZXJzaW9uIjpudWxsfSwidGZ3X2ZvbGxvd2VyX2NvdW50X3N1bnNldCI6eyJidWNrZXQiOnRydWUsInZlcnNpb24iOm51bGx9LCJ0ZndfdHdlZXRfZWRpdF9iYWNrZW5kIjp7ImJ1Y2tldCI6Im9uIiwidmVyc2lvbiI6bnVsbH0sInRmd19yZWZzcmNfc2Vzc2lvbiI6eyJidWNrZXQiOiJvbiIsInZlcnNpb24iOm51bGx9LCJ0ZndfZm9zbnJfc29mdF9pbnRlcnZlbnRpb25zX2VuYWJsZWQiOnsiYnVja2V0Ijoib24iLCJ2ZXJzaW9uIjpudWxsfSwidGZ3X21peGVkX21lZGlhXzE1ODk3Ijp7ImJ1Y2tldCI6InRyZWF0bWVudCIsInZlcnNpb24iOm51bGx9LCJ0ZndfZXhwZXJpbWVudHNfY29va2llX2V4cGlyYXRpb24iOnsiYnVja2V0IjoxMjA5NjAwLCJ2ZXJzaW9uIjpudWxsfSwidGZ3X3Nob3dfYmlyZHdhdGNoX3Bpdm90c19lbmFibGVkIjp7ImJ1Y2tldCI6Im9uIiwidmVyc2lvbiI6bnVsbH0sInRmd19kdXBsaWNhdGVfc2NyaWJlc190b19zZXR0aW5ncyI6eyJidWNrZXQiOiJvbiIsInZlcnNpb24iOm51bGx9LCJ0ZndfdXNlX3Byb2ZpbGVfaW1hZ2Vfc2hhcGVfZW5hYmxlZCI6eyJidWNrZXQiOiJvbiIsInZlcnNpb24iOm51bGx9LCJ0ZndfdmlkZW9faGxzX2R5bmFtaWNfbWFuaWZlc3RzXzE1MDgyIjp7ImJ1Y2tldCI6InRydWVfYml0cmF0ZSIsInZlcnNpb24iOm51bGx9LCJ0ZndfbGVnYWN5X3RpbWVsaW5lX3N1bnNldCI6eyJidWNrZXQiOnRydWUsInZlcnNpb24iOm51bGx9LCJ0ZndfdHdlZXRfZWRpdF9mcm9udGVuZCI6eyJidWNrZXQiOiJvbiIsInZlcnNpb24iOm51bGx9fQ%3D%3D&amp;frame=false&amp;hideCard=false&amp;hideThread=false&amp;id=1829006933040201871&amp;lang=cs&amp;origin=https%3A%2F%2Frmx.news%2Farticle%2Fvery-insolent-performance-ukrainian-foreign-ministers-comments-over-wwii-volhynia-massacre-spark-outrage-in-poland%2F&amp;sessionId=d6b59dfe2e3cf22b221324309cf6e9dc25204d68&amp;theme=light&amp;widgetsVersion=2615f7e52b7e0%3A1702314776716&amp;width=550px\" frameborder=\"0\" scrolling=\"no\" allowfullscreen=\"allowfullscreen\" data-tweet-id=\"1829006933040201871\" data-mce-fragment=\"1\"><\/iframe><\/div>\n<\/div>\n<\/figure>\n<p>Sociolog Marcin Palade vyj\u00e1d\u0159il sv\u00e9 zd\u011b\u0161en\u00ed a prohl\u00e1sil, \u017ee pokud by Polsko bylo seri\u00f3zn\u00ed zem\u00ed se seri\u00f3zn\u00edmi politiky, Kuleba by u\u017e nikdy nesm\u011bl vstoupit do Polska.<\/p>\n<figure class=\"wp-block-embed is-type-rich is-provider-twitter wp-block-embed-twitter\">\n<div class=\"wp-block-embed__wrapper\">\n<div class=\"twitter-tweet twitter-tweet-rendered\"><iframe id=\"twitter-widget-1\" class=\"\" title=\"P\u0159\u00edsp\u011bvek X\" src=\"https:\/\/platform.twitter.com\/embed\/Tweet.html?creatorScreenName=RMXnews&amp;dnt=true&amp;embedId=twitter-widget-1&amp;features=eyJ0ZndfdGltZWxpbmVfbGlzdCI6eyJidWNrZXQiOltdLCJ2ZXJzaW9uIjpudWxsfSwidGZ3X2ZvbGxvd2VyX2NvdW50X3N1bnNldCI6eyJidWNrZXQiOnRydWUsInZlcnNpb24iOm51bGx9LCJ0ZndfdHdlZXRfZWRpdF9iYWNrZW5kIjp7ImJ1Y2tldCI6Im9uIiwidmVyc2lvbiI6bnVsbH0sInRmd19yZWZzcmNfc2Vzc2lvbiI6eyJidWNrZXQiOiJvbiIsInZlcnNpb24iOm51bGx9LCJ0ZndfZm9zbnJfc29mdF9pbnRlcnZlbnRpb25zX2VuYWJsZWQiOnsiYnVja2V0Ijoib24iLCJ2ZXJzaW9uIjpudWxsfSwidGZ3X21peGVkX21lZGlhXzE1ODk3Ijp7ImJ1Y2tldCI6InRyZWF0bWVudCIsInZlcnNpb24iOm51bGx9LCJ0ZndfZXhwZXJpbWVudHNfY29va2llX2V4cGlyYXRpb24iOnsiYnVja2V0IjoxMjA5NjAwLCJ2ZXJzaW9uIjpudWxsfSwidGZ3X3Nob3dfYmlyZHdhdGNoX3Bpdm90c19lbmFibGVkIjp7ImJ1Y2tldCI6Im9uIiwidmVyc2lvbiI6bnVsbH0sInRmd19kdXBsaWNhdGVfc2NyaWJlc190b19zZXR0aW5ncyI6eyJidWNrZXQiOiJvbiIsInZlcnNpb24iOm51bGx9LCJ0ZndfdXNlX3Byb2ZpbGVfaW1hZ2Vfc2hhcGVfZW5hYmxlZCI6eyJidWNrZXQiOiJvbiIsInZlcnNpb24iOm51bGx9LCJ0ZndfdmlkZW9faGxzX2R5bmFtaWNfbWFuaWZlc3RzXzE1MDgyIjp7ImJ1Y2tldCI6InRydWVfYml0cmF0ZSIsInZlcnNpb24iOm51bGx9LCJ0ZndfbGVnYWN5X3RpbWVsaW5lX3N1bnNldCI6eyJidWNrZXQiOnRydWUsInZlcnNpb24iOm51bGx9LCJ0ZndfdHdlZXRfZWRpdF9mcm9udGVuZCI6eyJidWNrZXQiOiJvbiIsInZlcnNpb24iOm51bGx9fQ%3D%3D&amp;frame=false&amp;hideCard=false&amp;hideThread=false&amp;id=1828872800377164049&amp;lang=cs&amp;origin=https%3A%2F%2Frmx.news%2Farticle%2Fvery-insolent-performance-ukrainian-foreign-ministers-comments-over-wwii-volhynia-massacre-spark-outrage-in-poland%2F&amp;sessionId=d6b59dfe2e3cf22b221324309cf6e9dc25204d68&amp;theme=light&amp;widgetsVersion=2615f7e52b7e0%3A1702314776716&amp;width=550px\" frameborder=\"0\" scrolling=\"no\" allowfullscreen=\"allowfullscreen\" data-tweet-id=\"1828872800377164049\" data-mce-fragment=\"1\"><\/iframe><\/div>\n<\/div>\n<\/figure>\n<p>Jakub Banaszek, prezident Chelmu, vyj\u00e1d\u0159il pochopen\u00ed pro to, \u017ee k opravdov\u00e9mu usm\u00ed\u0159en\u00ed mezi Pol\u00e1ky a Ukrajinci nedojde.\u00a0<a href=\"https:\/\/rmx.news\/article\/polish-president-faces-backlash-for-honoring-ukrainian-ambassador\/\">\u0141ukasz Warzecha<\/a>\u00a0, koment\u00e1tor t\u00fdden\u00edku Do Rzeczy, kritizoval ukrajinsk\u00fd p\u0159\u00edstup k diplomacii a nazna\u010dil, \u017ee n\u011bkte\u0159\u00ed pol\u0161t\u00ed politici takov\u00e9 chov\u00e1n\u00ed podporuj\u00ed.<\/p>\n<p>Voly\u0148sk\u00fd masakr, kter\u00fd za\u010dal 11. \u010dervence 1943, zahrnoval \u00fatoky ukrajinsk\u00fdch nacionalist\u016f na polsk\u00e9 obyvatele ve 150 osad\u00e1ch na Volyni. Mezi lety 1943 a 1945\u00a0<a href=\"https:\/\/rmx.news\/poland\/majority-of-poles-believe-ukraine-and-zelensky-should-apologize-for-wwii-era-volhynia-massacre\/\">bylo zabito p\u0159ibli\u017en\u011b 100 000 Pol\u00e1k\u016f<\/a>\u00a0jednotkami Ukrajinsk\u00e9 povstaleck\u00e9 arm\u00e1dy (UPA) a m\u00edstn\u00edm ukrajinsk\u00fdm obyvatelstvem na Volyni, Podol\u00ed a v\u00fdchodn\u00ed Hali\u010di.<\/p>\n<p>Tento zlo\u010din je jednou z nejdramati\u010dt\u011bj\u0161\u00edch epizod druh\u00e9 sv\u011btov\u00e9 v\u00e1lky a pro Pol\u00e1ky jednou z nejtraumati\u010dt\u011bj\u0161\u00edch. Na rozd\u00edl od vra\u017ed sp\u00e1chan\u00fdch n\u011bmeck\u00fdmi a sov\u011btsk\u00fdmi okupanty byl Voly\u0148sk\u00fd masakr \u010dasto sp\u00e1ch\u00e1n sousedy ob\u011bt\u00ed, kte\u0159\u00ed po generace \u017eili po boku Pol\u00e1k\u016f. Masakr nebyl spont\u00e1nn\u00edm v\u00fdbuchem nen\u00e1visti, ale v\u00fdsledkem dlouhodob\u00e9ho vlivu ukrajinsk\u00e9 nacionalistick\u00e9 ideologie, kter\u00e1 m\u011bla za c\u00edl vytvo\u0159it nez\u00e1vislou, etnicky homogenn\u00ed Ukrajinu vyhlazen\u00edm a vyhn\u00e1n\u00edm Pol\u00e1k\u016f a dal\u0161\u00edch n\u00e1rodnost\u00ed. O tento pl\u00e1n se pokusili ji\u017e v z\u00e1\u0159\u00ed 1939, v t\u00e9 dob\u011b do\u0161lo k prvn\u00edm vra\u017ed\u00e1m Pol\u00e1k\u016f a \u00fatok\u016fm na polsk\u00e1 panstv\u00ed.<\/p>\n<p>Masakr z\u016fst\u00e1v\u00e1 v polsko-ukrajinsk\u00fdch vztaz\u00edch citliv\u00fdm a vysoce emotivn\u00edm t\u00e9matem a Kulebovy v\u00fdroky tyto vazby je\u0161t\u011b v\u00edce naru\u0161ily.<\/p>\n<p><img decoding=\"async\" loading=\"lazy\" class=\"alignnone size-full wp-image-1185\" src=\"http:\/\/www.infokuryr.cz\/n\/wp-content\/uploads\/2021\/04\/kuryr-podpis.png\" alt=\"\" width=\"84\" height=\"24\" \/><\/p>\n<p>&nbsp;<\/p>\n","protected":false},"excerpt":{"rendered":"<p>Vyj\u00e1d\u0159en\u00ed Dmytra Kuleby k voly\u0148sk\u00e9mu masakru vyvolalo v Polsku silnou reakci a mnoz\u00ed jeho v\u00fdroky&#8230;<\/p>\n","protected":false},"author":2,"featured_media":61035,"comment_status":"closed","ping_status":"closed","sticky":false,"template":"","format":"standard","meta":[],"categories":[7],"tags":[7833,397,31,26,2790],"_links":{"self":[{"href":"https:\/\/www.infokuryr.cz\/n\/wp-json\/wp\/v2\/posts\/61034"}],"collection":[{"href":"https:\/\/www.infokuryr.cz\/n\/wp-json\/wp\/v2\/posts"}],"about":[{"href":"https:\/\/www.infokuryr.cz\/n\/wp-json\/wp\/v2\/types\/post"}],"author":[{"embeddable":true,"href":"https:\/\/www.infokuryr.cz\/n\/wp-json\/wp\/v2\/users\/2"}],"replies":[{"embeddable":true,"href":"https:\/\/www.infokuryr.cz\/n\/wp-json\/wp\/v2\/comments?post=61034"}],"version-history":[{"count":0,"href":"https:\/\/www.infokuryr.cz\/n\/wp-json\/wp\/v2\/posts\/61034\/revisions"}],"wp:featuredmedia":[{"embeddable":true,"href":"https:\/\/www.infokuryr.cz\/n\/wp-json\/wp\/v2\/media\/61035"}],"wp:attachment":[{"href":"https:\/\/www.infokuryr.cz\/n\/wp-json\/wp\/v2\/media?parent=61034"}],"wp:term":[{"taxonomy":"category","embeddable":true,"href":"https:\/\/www.infokuryr.cz\/n\/wp-json\/wp\/v2\/categories?post=61034"},{"taxonomy":"post_tag","embeddable":true,"href":"https:\/\/www.infokuryr.cz\/n\/wp-json\/wp\/v2\/tags?post=61034"}],"curies":[{"name":"wp","href":"https:\/\/api.w.org\/{rel}","templated":true}]}}