{"id":61032,"date":"2024-08-30T00:41:23","date_gmt":"2024-08-29T22:41:23","guid":{"rendered":"https:\/\/www.infokuryr.cz\/n\/?p=61032"},"modified":"2024-08-29T13:32:06","modified_gmt":"2024-08-29T11:32:06","slug":"profesionalni-fotbalista-izquierdo-zkolaboval-a-zemrel-na-selhani-srdce-a-nikdo-se-nepta-proc","status":"publish","type":"post","link":"https:\/\/www.infokuryr.cz\/n\/2024\/08\/30\/profesionalni-fotbalista-izquierdo-zkolaboval-a-zemrel-na-selhani-srdce-a-nikdo-se-nepta-proc\/","title":{"rendered":"Profesion\u00e1ln\u00ed fotbalista Izquierdo zkolaboval a zem\u0159el na selh\u00e1n\u00ed srdce a nikdo se nept\u00e1 pro\u010d?"},"content":{"rendered":"<div id=\"fb-root\"><\/div>\n<div class=\"elementor-element elementor-element-ce0c00d articlestyle elementor-widget elementor-widget-theme-post-content\" data-id=\"ce0c00d\" data-element_type=\"widget\" data-widget_type=\"theme-post-content.default\">\n<div class=\"elementor-widget-container\">\n<p><strong><span>P\u0159ed p\u00e1r dny zkolaboval profesion\u00e1ln\u00ed fotbalista Juan Izquierdo (27) na h\u0159i\u0161ti b\u011bhem fotbalov\u00e9ho utk\u00e1n\u00ed v Braz\u00edlii kv\u016fli akutn\u00edm srde\u010dn\u00edm probl\u00e9m\u016fm. A\u017e do v\u010derej\u0161ka se o n\u011bj starali na jednotce intenzivn\u00ed p\u00e9\u010de, dokud nakonec nezem\u0159el. V nemocnici byla diagnostikov\u00e1na srde\u010dn\u00ed arytmie. Smrt mlad\u00fdch vrcholov\u00fdch sportovc\u016f je ve zpr\u00e1v\u00e1ch na denn\u00edm po\u0159\u00e1dku \u2013 kritick\u00e9 hlasy varuj\u00ed, \u017ee takov\u00e9 incidenty jsou od za\u010d\u00e1tku o\u010dkovac\u00edch kampan\u00ed mRNA na za\u010d\u00e1tku roku 2021 \u010dast\u011bj\u0161\u00ed \u2013 a neub\u00fdvaj\u00ed.<\/span><\/strong><\/p>\n<p><span>Pot\u00e9, co byly zn\u00e1m\u00e9 nebezpe\u010dn\u00e9 vedlej\u0161\u00ed \u00fa\u010dinky, obr\u00e1nci o\u010dkovac\u00edch kampan\u00ed proti Covidu, p\u0159\u00edjemci pen\u011bz a dal\u0161\u00ed p\u0159\u00edjemci farmaceutick\u00e9ho pr\u016fmyslu \u0161\u00ed\u0159ili m\u00fdtus o \u201em\u00edrn\u00e9 myokarditid\u011b\u201c, kter\u00e1 se \u201ezcela vyl\u00e9\u010d\u00ed\u201c. Faktem je, \u017ee velmi mnoho lid\u00ed trp\u011blo myokarditidou nebo perikarditidou pot\u00e9, co byli nuceni podstoupit o\u010dkov\u00e1n\u00ed proti Covidu (viz:\u00a0<\/span><a href=\"https:\/\/report24.news\/grosse-oxford-studie-bestaetigt-nur-geimpfte-kinder-erlitten-myokarditis-und-perikarditis\/\"><span>Velk\u00e1 oxfordsk\u00e1 studie potvrzuje: pouze o\u010dkovan\u00e9 d\u011bti trp\u011bly myokarditidou a perikarditidou<\/span><\/a><span>\u00a0). V\u011bt\u0161ina z nich to ani nev\u00ed. Mezi p\u0159\u00edznaky pat\u0159\u00ed \u00fanava, ztr\u00e1ta v\u00fdkonnosti, celkov\u00e1 slabost. Mnoho sportovc\u016f se po o\u010dkov\u00e1n\u00ed nikdy nevr\u00e1tilo do sv\u00e9 star\u00e9 formy.<\/span><\/p>\n<p><span>Jakmile je srdce po\u0161kozeno \u2013 \u010dasto siln\u011b zjizven\u00e9 \u2013 smrt je ot\u00e1zkou \u010dasu (viz:\u00a0<\/span><a href=\"https:\/\/report24.news\/deutsche-kardiologiegesellschaft-warnt-tod-nach-viren-myokarditis-innerhalb-von-10-jahren\/\"><span>N\u011bmeck\u00e1 kardiologick\u00e1 spole\u010dnost varuje: Smrt po virov\u00e9 myokarditid\u011b do 10 let<\/span><\/a><span> ). S takovou diagn\u00f3zou byste se vlastn\u011b m\u011bli po zbytek \u017eivota vyh\u00fdbat nam\u00e1hav\u00e9 n\u00e1maze. Ale proto\u017ee v\u011bt\u0161ina lid\u00ed o sv\u00fdch nebezpe\u010dn\u00fdch zdravotn\u00edch probl\u00e9mech nev\u00ed \u2013 kupovan\u00e1 m\u00e9dia a politici tento probl\u00e9m bagatelizovali nebo pop\u00edrali \u2013 mnoho lid\u00ed chod\u00ed jako zdravotn\u00ed \u010dasovan\u00e9 bomby.<\/span><\/p>\n<p><span>Neust\u00e1l\u00e9 kolapsy vrcholov\u00fdch sportovc\u016f vykresluj\u00ed tragick\u00fd, vysoce viditeln\u00fd obraz probl\u00e9mu. To, co na ve\u0159ejnosti nevid\u00edme, je mnoho srde\u010dn\u00edch \u00famrt\u00ed \u201enorm\u00e1ln\u00edch lid\u00ed\u201c p\u0159i j\u00edzd\u011b na kole a p\u011b\u0161\u00ed turistice. Zd\u00e1 se, \u017ee se zvy\u0161uje i po\u010det v\u00e1\u017en\u00fdch dopravn\u00edch nehod zp\u016fsoben\u00fdch \u0159idi\u010di s \u201eakutn\u00edmi zdravotn\u00edmi probl\u00e9my\u201c.<\/span><\/p>\n<p><span>P\u0159\u00edpad Juana Izquierda je p\u0159edstavitelem v\u0161ech t\u011bchto \u201en\u00e1hl\u00fdch a neo\u010dek\u00e1van\u00fdch\u201c srde\u010dn\u00edch \u00famrt\u00ed. D\u00edky sv\u00e9 obl\u00edbenosti se op\u011bt dostal na v\u011bt\u0161inu tituln\u00edch stran kupovan\u00fdch m\u00e9di\u00ed. Ale nejeden redaktor si klade ot\u00e1zku, jak k t\u011bmto \u010dast\u00fdm, podobn\u00fdm \u00famrt\u00edm m\u016f\u017ee doj\u00edt \u2013 a pro\u010d p\u0159ed rokem 2021 t\u00e9m\u011b\u0159 neexistovaly.<\/span><\/p>\n<p><span>Izquierdo za\u010dal svou profesion\u00e1ln\u00ed kari\u00e9ru v Club Atl\u00e9tico Cerro v roce 2018 a od roku 2022 hraje za Nacional. Jeho smrt zanech\u00e1 v jeho rodin\u011b obrovskou mezeru \u2013 zanech\u00e1 po sob\u011b man\u017eelku a dv\u011b d\u011bti. Jeho nejmlad\u0161\u00ed syn se narodil jen p\u00e1r dn\u00ed p\u0159ed jeho smrt\u00ed.<\/span><\/p>\n<p><span>Jakkoli jsou v\u0161echna tato \u00famrt\u00ed tragick\u00e1, \u0161ance, \u017ee se jim poda\u0159\u00ed u\u010dinit \u00fadajn\u011b nejv\u011bt\u0161\u00ed zlo\u010din lidstva srozumiteln\u00fdm pro ty, kte\u0159\u00ed nepat\u0159\u00ed mezi skeptiky a kritiky o\u010dkov\u00e1n\u00ed, je st\u00e1le v\u011bt\u0161\u00ed. Kdy\u017e mluv\u00edme o l\u00e1sce k na\u0161im bli\u017en\u00edm, mus\u00edme zajistit, aby se n\u011bco takov\u00e9ho u\u017e nikdy neopakovalo. A mus\u00edme se p\u0159ipravit na to, \u017ee v p\u0159\u00ed\u0161t\u00edch letech bude v kategorii \u201en\u00e1hl\u00fdch a neo\u010dek\u00e1van\u00fdch\u201c mnohem v\u00edce \u00famrt\u00ed.<\/span><\/p>\n<p><em>Koment\u00e1\u0159 od Williho Hubera<\/em><\/p>\n<p>&nbsp;<\/p>\n<\/div>\n<\/div>\n<div class=\"elementor-element elementor-element-ef8547e elementor-widget elementor-widget-shortcode\" data-id=\"ef8547e\" data-element_type=\"widget\" data-widget_type=\"shortcode.default\">\n<div class=\"elementor-widget-container\">\n<div class=\"elementor-shortcode\">\n<div class=\"cadblock hidemobile\" data-taxes=\"-1\" data-pos=\"main\" data-num=\"1\">\n<div class=\"cxt\">\n<div class=\"advads-stop-injection\"><\/div>\n<\/div>\n<\/div>\n<\/div>\n<\/div>\n<\/div>\n","protected":false},"excerpt":{"rendered":"<p>P\u0159ed p\u00e1r dny zkolaboval profesion\u00e1ln\u00ed fotbalista Juan Izquierdo (27) na h\u0159i\u0161ti b\u011bhem fotbalov\u00e9ho utk\u00e1n\u00ed v&#8230;<\/p>\n","protected":false},"author":2,"featured_media":61033,"comment_status":"closed","ping_status":"closed","sticky":false,"template":"","format":"standard","meta":[],"categories":[7],"tags":[1509,1627,213,523],"_links":{"self":[{"href":"https:\/\/www.infokuryr.cz\/n\/wp-json\/wp\/v2\/posts\/61032"}],"collection":[{"href":"https:\/\/www.infokuryr.cz\/n\/wp-json\/wp\/v2\/posts"}],"about":[{"href":"https:\/\/www.infokuryr.cz\/n\/wp-json\/wp\/v2\/types\/post"}],"author":[{"embeddable":true,"href":"https:\/\/www.infokuryr.cz\/n\/wp-json\/wp\/v2\/users\/2"}],"replies":[{"embeddable":true,"href":"https:\/\/www.infokuryr.cz\/n\/wp-json\/wp\/v2\/comments?post=61032"}],"version-history":[{"count":0,"href":"https:\/\/www.infokuryr.cz\/n\/wp-json\/wp\/v2\/posts\/61032\/revisions"}],"wp:featuredmedia":[{"embeddable":true,"href":"https:\/\/www.infokuryr.cz\/n\/wp-json\/wp\/v2\/media\/61033"}],"wp:attachment":[{"href":"https:\/\/www.infokuryr.cz\/n\/wp-json\/wp\/v2\/media?parent=61032"}],"wp:term":[{"taxonomy":"category","embeddable":true,"href":"https:\/\/www.infokuryr.cz\/n\/wp-json\/wp\/v2\/categories?post=61032"},{"taxonomy":"post_tag","embeddable":true,"href":"https:\/\/www.infokuryr.cz\/n\/wp-json\/wp\/v2\/tags?post=61032"}],"curies":[{"name":"wp","href":"https:\/\/api.w.org\/{rel}","templated":true}]}}