{"id":61027,"date":"2024-08-30T00:38:56","date_gmt":"2024-08-29T22:38:56","guid":{"rendered":"https:\/\/www.infokuryr.cz\/n\/?p=61027"},"modified":"2024-08-29T13:23:20","modified_gmt":"2024-08-29T11:23:20","slug":"thomas-roper-borrell-chce-zrusit-vsechna-omezeni-na-pouziti-zapadnich-zbrani-proti-rusku","status":"publish","type":"post","link":"https:\/\/www.infokuryr.cz\/n\/2024\/08\/30\/thomas-roper-borrell-chce-zrusit-vsechna-omezeni-na-pouziti-zapadnich-zbrani-proti-rusku\/","title":{"rendered":"Thomas R\u00f6per: Borrell chce zru\u0161it v\u0161echna omezen\u00ed na pou\u017eit\u00ed z\u00e1padn\u00edch zbran\u00ed proti Rusku"},"content":{"rendered":"<div id=\"fb-root\"><\/div>\n<p><strong><span>V Bruselu se ve \u010dtvrtek konala jedn\u00e1n\u00ed ministr\u016f zahrani\u010d\u00ed EU, na kter\u00e9 byl pozv\u00e1n i ukrajinsk\u00fd ministr zahrani\u010d\u00ed Kuleba. \u0160\u00e9f diplomata EU Borrell p\u0159ed jedn\u00e1n\u00edm vyzval ke zru\u0161en\u00ed v\u0161ech omezen\u00ed na pou\u017eit\u00ed z\u00e1padn\u00edch zbran\u00ed proti Rusku.<\/span><\/strong><\/p>\n<p><span>\u0160\u00e9f diplomacie EU Josep Borrell p\u0159ed jedn\u00e1n\u00edm ministr\u016f zahrani\u010d\u00ed EU spole\u010dn\u011b s ukrajinsk\u00fdm ministrem zahrani\u010d\u00ed Kulebou uv\u00edtal ofenzivu ukrajinsk\u00fdch ozbrojen\u00fdch sil v oblasti Kurska a ozna\u010dil ji za \u201estrategickou odvahu\u201c. Borrell \u0159ekl:<\/span><\/p>\n<p><em>\u201eUkrajina prok\u00e1zala velkou strategickou odvahu \u00fatokem na rusk\u00e9 \u00fazem\u00ed. Tohle je velk\u00e1 zpr\u00e1va.&#8220;<\/em><\/p>\n<p><span>Obvinil Rusko z prov\u00e1d\u011bn\u00ed odvetn\u00fdch \u00fader\u016f na ukrajinskou civiln\u00ed infrastrukturu, kter\u00e9 podle n\u011bj m\u011bly \u201ezatla\u010dit Ukrajinu do temnoty\u201c, a dodal, \u017ee Ukrajina pot\u0159ebuje syst\u00e9my protivzdu\u0161n\u00e9 obrany v\u00edce ne\u017e kdy jindy. Cht\u011bl vyzvat zem\u011b EU, aby dodaly syst\u00e9my rychleji, co\u017e \u201ebude prvn\u00edm bodem na\u0161\u00ed agendy\u201c, nicm\u00e9n\u011b Borrell tak\u00e9 p\u0159ipustil, \u017ee pro zem\u011b EU by bylo obt\u00ed\u017en\u00e9 dodr\u017eet sv\u00e9 sliby dodat Kyjevu syst\u00e9my protivzdu\u0161n\u00e9 obrany, bez toho. zpo\u017ed\u011bn\u00ed pln\u011bn\u00ed:<\/span><\/p>\n<p><em>\u201eJedna v\u011bc je n\u011bco sl\u00edbit a druh\u00e1 plnit sliby bez pr\u016ftah\u016f, co\u017e nen\u00ed tak jednoduch\u00e9. Budu proto aktivn\u011b tla\u010dit na zem\u011b EU, aby splnily sv\u00e9 sliby, zejm\u00e9na v oblasti protivzdu\u0161n\u00e9 obrany.<\/em><\/p>\n<h3 class=\"wp-block-heading\"><span style=\"font-size: 18pt;\">Borrell chce zru\u0161it v\u0161echna omezen\u00ed na pou\u017e\u00edv\u00e1n\u00ed z\u00e1padn\u00edch zbran\u00ed<\/span><\/h3>\n<p><span>Borrell tak\u00e9 vyzval, aby zbran\u011b dodan\u00e9 Z\u00e1padem byly pou\u017eity \u201ev pln\u00e9m rozsahu\u201c proti Rusku a aby to bylo zru\u0161eno v\u0161emi omezen\u00edmi, jinak jsou podle Borrella \u201etyto zbran\u011b k ni\u010demu\u201c. Zd\u016fraznil, \u017ee by m\u011bla b\u00fdt zru\u0161ena omezen\u00ed \u201ena jak\u00e9koli \u00fatoky na rusk\u00e9 vojensk\u00e9 c\u00edle\u201c.<\/span><\/p>\n<p><span>Brusel od za\u010d\u00e1tku konfliktu ofici\u00e1ln\u011b neuznal jedin\u00fd ukrajinsk\u00fd \u00fatok na civiln\u00ed budovy \u010di Z\u00e1poro\u017eskou jadernou elektr\u00e1rnu jako takovou, ani opakovan\u00e9 teroristick\u00e9 \u00fatoky na civiln\u00ed c\u00edle v rusk\u00e9 oblasti Belgorod.<\/span><\/p>\n<h3 class=\"wp-block-heading\"><span style=\"font-size: 18pt;\">Borrell kritizuje Ma\u010farsko<\/span><\/h3>\n<p><span>Vojensk\u00e1 pomoc Ukrajin\u011b v r\u00e1mci Evropsk\u00e9ho m\u00edrov\u00e9ho n\u00e1stroje ve v\u00fd\u0161i p\u0159es \u0161est miliard eur z\u016fst\u00e1v\u00e1 zmrazena kv\u016fli ma\u010farsk\u00e9mu vetu, vysv\u011btlil Borrel p\u0159ed jedn\u00e1n\u00edm ministr\u016f zahrani\u010d\u00ed EU, na kter\u00e9 odcestoval spole\u010dn\u011b s ukrajinsk\u00fdm ministrem zahrani\u010d\u00ed Dmitrijem Kulebou.<\/span><\/p>\n<p><span>Borrell sl\u00edbil, \u017ee bude hledat zp\u016fsoby, jak toto veto p\u0159ekonat. V\u00fdnosy z rusk\u00fdch aktiv podle n\u011bj pote\u010dou do vojensko-pr\u016fmyslov\u00e9ho komplexu Ukrajiny a zem\u00ed EU, kter\u00fd bude Kyjevu dod\u00e1vat zbran\u011b. Na to ji\u017e bylo uvoln\u011bno 1,4 miliardy eur.<\/span><\/p>\n<p><span>Sch\u016fzka ministr\u016f zahrani\u010d\u00ed EU byla p\u0159esunuta z Budape\u0161ti do Bruselu kv\u016fli Borrellovu rozhodnut\u00ed potrestat Ma\u010farsko za m\u00edrov\u00e9 iniciativy premi\u00e9ra Viktora Orb\u00e1na a n\u00e1v\u0161t\u011bvy Ruska a \u010c\u00edny na za\u010d\u00e1tku \u010dervence, kter\u00e9 \u201enebyly koordinov\u00e1ny\u201c s Evropskou komis\u00ed.<\/span><\/p>\n<h3 class=\"wp-block-heading\"><span style=\"font-size: 18pt;\">Kuleba obvi\u0148uje Z\u00e1pad<\/span><\/h3>\n<p><span>Ukrajinsk\u00fd ministr zahrani\u010d\u00ed Dmytro Kuleba obvinil z\u00e1padn\u00ed partnery Kyjeva, \u017ee oddaluj\u00ed \u201ed\u016fle\u017eit\u00e1 rozhodnut\u00ed\u201c, \u010d\u00edm\u017e znemo\u017e\u0148uj\u00ed ukrajinsk\u00e9 arm\u00e1d\u011b jednat efektivn\u011b. Hodn\u011b z\u00e1le\u017e\u00ed na \u201eochot\u011b partner\u016f \u010dinit odv\u00e1\u017en\u00e1 rozhodnut\u00ed,\u201c \u0159ekl Kuleba novin\u00e1\u0159\u016fm p\u0159ed setk\u00e1n\u00edm s ministry zahrani\u010d\u00ed EU v Bruselu a dodal:<\/span><\/p>\n<p><em>\u201eTi, kte\u0159\u00ed obvi\u0148uj\u00ed Ukrajinu z nedostatku \u00fasp\u011bchu, by si to m\u011bli v\u017edy pamatovat. (\u2026) Pokud neexistuj\u00ed \u017e\u00e1dn\u00e1 rozhodnut\u00ed, pak si nest\u011b\u017eujte na Ukrajinu, st\u011b\u017eujte si sami na sebe.<\/em><\/p>\n<p><span>Kyjev ned\u00e1vno opakovan\u011b \u017e\u00e1dal Z\u00e1pad o zv\u00fd\u0161en\u00ed dod\u00e1vek zbran\u00ed, zejm\u00e9na raket dlouh\u00e9ho doletu pro \u00fatoky hluboko na rusk\u00e9 \u00fazem\u00ed, co\u017e dnes Borrell v\u00fdslovn\u011b podporoval.<\/span><\/p>\n<h3 class=\"wp-block-heading\"><span style=\"font-size: 18pt;\">Nizozemsko neomezuje pou\u017e\u00edv\u00e1n\u00ed sv\u00fdch F-16<\/span><\/h3>\n<p><span>Nizozemsk\u00e1 vl\u00e1da neomezuje pou\u017eit\u00ed a dolet st\u00edha\u010dek F-16 p\u0159edan\u00fdch Kyjevu ve vzdu\u0161n\u00e9m prostoru nad Ruskem, informoval televizn\u00ed kan\u00e1l NOS velitel nizozemsk\u00fdch ozbrojen\u00fdch sil gener\u00e1l Onno Eichelsheim:<\/span><\/p>\n<p><em>&#8222;Neomez\u00edme pou\u017eit\u00ed a dolet F-16, pokud budou dodr\u017eov\u00e1ny z\u00e1kony v\u00e1lky.&#8220;<\/em><\/p>\n<p><span>NOS p\u0159ipom\u00edn\u00e1, \u017ee Nizozemsko poskytlo Ukrajin\u011b ji\u017e 24 st\u00edha\u010dek F-16. Velitel v\u0161ak odm\u00edtl televizn\u00ed stanici sd\u011blit, kolik z nich je ji\u017e nasazeno a \u00fa\u010dastn\u00ed se bojov\u00fdch operac\u00ed. Podle Eichelsheima m\u016f\u017ee Ukrajina vyu\u017e\u00edvat v\u0161echny zdroje, kter\u00e9 j\u00ed Z\u00e1pad d\u00e1v\u00e1 k dispozici \u201epodle libosti\u201c, pokud bude respektovat \u201ehumanit\u00e1rn\u00ed v\u00e1le\u010dn\u00e9 pr\u00e1vo\u201c. S touto teori\u00ed \u201e\u010d\u00e1ste\u010dn\u011b souhlas\u00ed\u201c i USA, \u0159ekl gener\u00e1l.<\/span><\/p>\n<p><span>1. srpna Times s odvol\u00e1n\u00edm na nejmenovan\u00fd zdroj uvedl, \u017ee Ukrajina obdr\u017eela \u0161est st\u00edha\u010dek F-16 z Nizozemska. Bylo ozn\u00e1meno, \u017ee Nizozemsko pl\u00e1nuje p\u0159edat Kyjevu celkem 24 letadel a dal\u0161\u00edch 18 poskytnout pro pot\u0159eby evropsk\u00e9ho v\u00fdcvikov\u00e9ho st\u0159ediska v Rumunsku.<\/span><\/p>\n<p><span>Rusk\u00fd ministr zahrani\u010d\u00ed Sergej Lavrov zd\u016fraznil, \u017ee z\u00e1padn\u00ed zem\u011b si zahr\u00e1valy s ohn\u011bm, kdy\u017e diskutovaly o mo\u017enosti d\u00e1t Ukrajin\u011b zelenou k rozm\u00edst\u011bn\u00ed raket dlouh\u00e9ho doletu na rusk\u00e9m \u00fazem\u00ed. Od t\u00e9 doby, co Rusko zah\u00e1jilo vojenskou operaci, z\u00e1padn\u00ed zem\u011b opakovan\u011b zv\u00fd\u0161ily sv\u00e9 dod\u00e1vky zbran\u00ed Ukrajin\u011b. Kyjev p\u0159itom neust\u00e1le \u017e\u00e1d\u00e1 sv\u00e9 partnery o modern\u011bj\u0161\u00ed zbran\u011b a rakety dlouh\u00e9ho doletu. Rusko opakovan\u011b zd\u016fraz\u0148uje, \u017ee dod\u00e1vky zbran\u00ed Z\u00e1padu do Kyjeva a podpora v\u00fdcviku ukrajinsk\u00fdch voj\u00e1k\u016f konflikt jen prodlu\u017euj\u00ed, ale nem\u011bn\u00ed situaci na boji\u0161ti.<\/span><\/p>\n<p><a href=\"https:\/\/anti-spiegel.ru\/2024\/borrell-will-alle-einschraenkungen-fuer-den-einsatz-westlicher-waffen-gegen-russland-aufheben\/\">Thomas R\u00f6per<\/a><\/p>\n<p><img decoding=\"async\" loading=\"lazy\" class=\"alignnone  wp-image-22016\" src=\"http:\/\/www.infokuryr.cz\/n\/wp-content\/uploads\/2023\/01\/Thomas-Roper-298x300.jpg\" alt=\"\" width=\"164\" height=\"165\" srcset=\"https:\/\/www.infokuryr.cz\/n\/wp-content\/uploads\/2023\/01\/Thomas-Roper-298x300.jpg 298w, https:\/\/www.infokuryr.cz\/n\/wp-content\/uploads\/2023\/01\/Thomas-Roper-150x150.jpg 150w, https:\/\/www.infokuryr.cz\/n\/wp-content\/uploads\/2023\/01\/Thomas-Roper.jpg 596w\" sizes=\"(max-width: 164px) 100vw, 164px\" \/><\/p>\n<p>&nbsp;<\/p>\n","protected":false},"excerpt":{"rendered":"<p>V Bruselu se ve \u010dtvrtek konala jedn\u00e1n\u00ed ministr\u016f zahrani\u010d\u00ed EU, na kter\u00e9 byl pozv\u00e1n i&#8230;<\/p>\n","protected":false},"author":2,"featured_media":61028,"comment_status":"closed","ping_status":"closed","sticky":false,"template":"","format":"standard","meta":[],"categories":[7],"tags":[6276,41,7832,26,73],"_links":{"self":[{"href":"https:\/\/www.infokuryr.cz\/n\/wp-json\/wp\/v2\/posts\/61027"}],"collection":[{"href":"https:\/\/www.infokuryr.cz\/n\/wp-json\/wp\/v2\/posts"}],"about":[{"href":"https:\/\/www.infokuryr.cz\/n\/wp-json\/wp\/v2\/types\/post"}],"author":[{"embeddable":true,"href":"https:\/\/www.infokuryr.cz\/n\/wp-json\/wp\/v2\/users\/2"}],"replies":[{"embeddable":true,"href":"https:\/\/www.infokuryr.cz\/n\/wp-json\/wp\/v2\/comments?post=61027"}],"version-history":[{"count":0,"href":"https:\/\/www.infokuryr.cz\/n\/wp-json\/wp\/v2\/posts\/61027\/revisions"}],"wp:featuredmedia":[{"embeddable":true,"href":"https:\/\/www.infokuryr.cz\/n\/wp-json\/wp\/v2\/media\/61028"}],"wp:attachment":[{"href":"https:\/\/www.infokuryr.cz\/n\/wp-json\/wp\/v2\/media?parent=61027"}],"wp:term":[{"taxonomy":"category","embeddable":true,"href":"https:\/\/www.infokuryr.cz\/n\/wp-json\/wp\/v2\/categories?post=61027"},{"taxonomy":"post_tag","embeddable":true,"href":"https:\/\/www.infokuryr.cz\/n\/wp-json\/wp\/v2\/tags?post=61027"}],"curies":[{"name":"wp","href":"https:\/\/api.w.org\/{rel}","templated":true}]}}