{"id":61016,"date":"2024-08-30T00:32:30","date_gmt":"2024-08-29T22:32:30","guid":{"rendered":"https:\/\/www.infokuryr.cz\/n\/?p=61016"},"modified":"2024-08-29T12:57:54","modified_gmt":"2024-08-29T10:57:54","slug":"mesto-v-massachusetts-pozaduje-zakaz-vychazeni-pote-co-byl-jeho-obyvateli-diagnostikovan-eez","status":"publish","type":"post","link":"https:\/\/www.infokuryr.cz\/n\/2024\/08\/30\/mesto-v-massachusetts-pozaduje-zakaz-vychazeni-pote-co-byl-jeho-obyvateli-diagnostikovan-eez\/","title":{"rendered":"M\u011bsto v Massachusetts po\u017eaduje z\u00e1kaz vych\u00e1zen\u00ed pot\u00e9, co byl jeho obyvateli diagnostikov\u00e1n EEZ"},"content":{"rendered":"<div id=\"fb-root\"><\/div>\n<div class=\"elementor-element elementor-element-1fb4c2c elementor-widget elementor-widget-theme-post-content\" data-id=\"1fb4c2c\" data-element_type=\"widget\" data-widget_type=\"theme-post-content.default\">\n<div class=\"elementor-widget-container\">\n<p><strong>V lo\u0148sk\u00e9m roce zp\u016fsobil virus p\u0159en\u00e1\u0161en\u00fd kom\u00e1ry sporadick\u00e1 ohniska a epidemie v Severn\u00ed, St\u0159edn\u00ed a Ji\u017en\u00ed Americe. Byl to virus venezuelsk\u00e9 ko\u0148sk\u00e9 encefalitidy (VEEV). Pot\u00e9 byla zah\u00e1jena f\u00e1ze 1 studie vyu\u017e\u00edvaj\u00edc\u00ed technologii bez jehly k l\u00e9\u010db\u011b infekce u lid\u00ed. VEEV je vysoce infek\u010dn\u00ed s vy\u0161\u0161\u00ed \u00famrtnost\u00ed ne\u017e p\u0159irozen\u00e1 infekce a je pova\u017eov\u00e1no za potenci\u00e1ln\u00ed biologickou hrozbu, pro kterou neexistuje \u017e\u00e1dn\u00e1 schv\u00e1len\u00e1 vakc\u00edna nebo l\u00e9\u010divo pro \u010dlov\u011bka. Toto je p\u0159\u00edklad toho, jak se zd\u00e1, \u017ee virus p\u0159en\u00e1\u0161en\u00fd kom\u00e1ry vyvol\u00e1v\u00e1 ve Spojen\u00fdch st\u00e1tech strach. A tento strach se nyn\u00ed projevuje v Massachusetts.<\/strong><br \/>\n<span>M\u011bsto omezuje aktivity<\/span><\/p>\n<p><span>Oxford ve st\u00e1t\u011b Massachusetts nyn\u00ed omezuje venkovn\u00ed aktivity, aby ochr\u00e1nil m\u011bsto p\u0159ed v\u00fdchodn\u00ed ko\u0148skou encefalitidou (EEE) pot\u00e9, co byl obyvatel hospitalizov\u00e1n pot\u00e9, co byl infikov\u00e1n virem. Oxford Health Department se rozhodlo doporu\u010dit, \u017ee venkovn\u00ed aktivity mus\u00ed skon\u010dit do 18:00 v z\u00e1\u0159\u00ed a do 17:00 v \u0159\u00edjnu.<\/span><\/p>\n<p><span>Tento 80let\u00fd obyvatel, kter\u00fd onemocn\u011bl, byl prvn\u00edm p\u0159\u00edpadem EEZ u osoby v Massachusetts za \u010dty\u0159i roky. Radn\u00ed m\u011bsta Oxfordu Jennifer Callahanov\u00e1 k omezen\u00edm zdravotnick\u00fdch \u00fa\u0159ad\u016f \u0159ekla: &#8222;Cht\u011bj\u00ed, aby lid\u00e9 v\u011bd\u011bli, \u017ee jde o extr\u00e9mn\u011b v\u00e1\u017enou nemoc s hrozn\u00fdmi fyzick\u00fdmi a emocion\u00e1ln\u00edmi n\u00e1sledky, a\u0165 u\u017e ta osoba p\u0159e\u017eije, nebo ne.&#8220;<\/span><\/p>\n<p><span>P\u0159\u00edtomnost EEZ byla potvrzena minul\u00fd m\u011bs\u00edc ve vzorku kom\u00e1ra odebran\u00e9ho 1. \u010dervence ve m\u011bst\u011b Orange v okrese Franklin v Massachusetts. Proti EEZ neexistuje \u017e\u00e1dn\u00e9 o\u010dkov\u00e1n\u00ed ani l\u00e9\u010dba. V roce 2019 do\u0161lo k propuknut\u00ed nemoci a v Massachusetts bylo mezi 12 potvrzen\u00fdmi p\u0159\u00edpady EEE \u0161est \u00famrt\u00ed.<\/span><\/p>\n<p><span>Podle Centra pro kontrolu a prevenci nemoc\u00ed (CDC), i kdy\u017e je EEE vz\u00e1cn\u00e9, je velmi z\u00e1va\u017en\u00e9 onemocn\u011bn\u00ed, kter\u00e9 zab\u00edj\u00ed asi 30 % t\u011bch, kte\u0159\u00ed j\u00ed trp\u00ed. To je extr\u00e9mn\u011b vysok\u00e1 \u00famrtnost. Pro srovn\u00e1n\u00ed, ch\u0159ipka i COVID-19 jsou pod 1 %.<\/span><\/p>\n<p><span>Podle \u00fa\u0159ad\u016f Massachusetts p\u0159e\u017eiv\u0161\u00ed nemoc \u010dasto utrp\u00ed trval\u00e9 po\u0161kozen\u00ed a jen velmi m\u00e1lo z t\u011bch, kte\u0159\u00ed onemocn\u00ed, se pln\u011b uzdrav\u00ed.<\/span><\/p>\n<p class=\"has-medium-font-size\"><span style=\"font-size: 18pt;\"><strong>Obyvatel\u00e9 Oxfordu se omezen\u00edm br\u00e1n\u00ed<\/strong><\/span><\/p>\n<p><span>Mnoho rodi\u010d\u016f ve m\u011bst\u011b se ob\u00e1v\u00e1, jak by omezen\u00ed mohla ovlivnit d\u011bti a jejich \u00fa\u010dast na podzimn\u00edch sportech. Rodi\u010de se domn\u00edvaj\u00ed, \u017ee by m\u011bli rozhodovat o tom, co je pro jejich d\u011bti nejlep\u0161\u00ed, a ne zdravotni\u010dt\u00ed byrokrat\u00e9.<\/span><\/p>\n<p><span>Philip Davis, prezident Oxford Little League, \u0159ekl: \u201eV\u011b\u0159\u00edme, \u017ee rodi\u010de by m\u011bli m\u00edt mo\u017enost rozhodovat za na\u0161e d\u011bti jako rodi\u010de \u2013 ve prosp\u011bch na\u0161ich d\u011bt\u00ed. V roce 2019, b\u011bhem epidemie EEE, \u0161kola odlo\u017eila v\u0161echny ve\u010dern\u00ed aktivity, proto\u017ee kom\u00e1\u0159i vrchol\u00ed p\u0159i z\u00e1padu slunce. &#8222;Vzali jsme d\u011bti a p\u0159ivedli v\u0161echny dom\u016f,&#8220; \u0159\u00edk\u00e1 Davis. \u201eVid\u011bli jsme dopad. \u00da\u010dinky nebyly skv\u011bl\u00e9, byly hrozn\u00e9. U\u017e nebyli venku, nebyli aktivn\u00ed.\u201c<\/span><\/p>\n<p><span>Org\u00e1ny v Oxfordu uvedly, \u017ee z\u00e1kaz vych\u00e1zen\u00ed je doporu\u010den\u00edm, nikoli po\u017eadavkem, ale \u0161koln\u00ed \u010dtvr\u0165 tvrd\u00ed, \u017ee se bude \u0159\u00eddit pokyny. Hodiny t\u011blesn\u00e9 v\u00fdchovy mohou skon\u010dit d\u0159\u00edve nebo se p\u0159esunout do vnit\u0159n\u00edch prostor. V\u0161echny \u010dinnosti nesouvisej\u00edc\u00ed s m\u011bstem mus\u00ed poskytnout prohl\u00e1\u0161en\u00ed, \u017ee si jsou v\u011bdomi rizik b\u011bhem omezen\u00ed EEZ. Veden\u00ed m\u011bsta nezakazuje lidem vych\u00e1zet ven, ale \u0159\u00edk\u00e1, \u017ee d\u011bl\u00e1, co je t\u0159eba ud\u011blat, aby byli lid\u00e9 v bezpe\u010d\u00ed.<\/span><\/p>\n<p><span>St\u00e1tn\u00ed \u00fa\u0159ady ozn\u00e1mily pl\u00e1ny na post\u0159ik pesticidy v 10 komunit\u00e1ch, kde je podez\u0159en\u00ed, \u017ee EEZ zab\u00edjej\u00ed kom\u00e1ry. V n\u011bkter\u00fdch ohledech tato situace p\u0159ipom\u00edn\u00e1 omezen\u00ed a po\u017eadavky b\u011bhem pandemie.<\/span><\/p>\n<p><span>Rozd\u00edl je v tom, \u017ee m\u011bsto Oxford nech\u00e1v\u00e1 rozhodnut\u00ed na rodi\u010d\u00edch.<\/span><\/p>\n<\/div>\n<\/div>\n<div class=\"elementor-element elementor-element-8c57238 quelle dc-has-condition dc-condition-empty elementor-widget elementor-widget-heading\" data-id=\"8c57238\" data-element_type=\"widget\" data-widget_type=\"heading.default\">\n<div class=\"elementor-widget-container\">\n<h3 class=\"elementor-heading-title elementor-size-default\"><span style=\"font-size: 10pt;\"><a href=\"https:\/\/www.trialsitenews.com\/a\/massachusetts-town-recommends-curfew-after-resident-is-diagnosed-with-eee-1c569a32\" target=\"_blank\" rel=\"nofollow noopener\">Zdroj<\/a><\/span><\/h3>\n<p>&nbsp;<\/p>\n<\/div>\n<\/div>\n","protected":false},"excerpt":{"rendered":"<p>V lo\u0148sk\u00e9m roce zp\u016fsobil virus p\u0159en\u00e1\u0161en\u00fd kom\u00e1ry sporadick\u00e1 ohniska a epidemie v Severn\u00ed, St\u0159edn\u00ed a&#8230;<\/p>\n","protected":false},"author":2,"featured_media":61017,"comment_status":"closed","ping_status":"closed","sticky":false,"template":"","format":"standard","meta":[],"categories":[7],"tags":[1082,2788,21],"_links":{"self":[{"href":"https:\/\/www.infokuryr.cz\/n\/wp-json\/wp\/v2\/posts\/61016"}],"collection":[{"href":"https:\/\/www.infokuryr.cz\/n\/wp-json\/wp\/v2\/posts"}],"about":[{"href":"https:\/\/www.infokuryr.cz\/n\/wp-json\/wp\/v2\/types\/post"}],"author":[{"embeddable":true,"href":"https:\/\/www.infokuryr.cz\/n\/wp-json\/wp\/v2\/users\/2"}],"replies":[{"embeddable":true,"href":"https:\/\/www.infokuryr.cz\/n\/wp-json\/wp\/v2\/comments?post=61016"}],"version-history":[{"count":0,"href":"https:\/\/www.infokuryr.cz\/n\/wp-json\/wp\/v2\/posts\/61016\/revisions"}],"wp:featuredmedia":[{"embeddable":true,"href":"https:\/\/www.infokuryr.cz\/n\/wp-json\/wp\/v2\/media\/61017"}],"wp:attachment":[{"href":"https:\/\/www.infokuryr.cz\/n\/wp-json\/wp\/v2\/media?parent=61016"}],"wp:term":[{"taxonomy":"category","embeddable":true,"href":"https:\/\/www.infokuryr.cz\/n\/wp-json\/wp\/v2\/categories?post=61016"},{"taxonomy":"post_tag","embeddable":true,"href":"https:\/\/www.infokuryr.cz\/n\/wp-json\/wp\/v2\/tags?post=61016"}],"curies":[{"name":"wp","href":"https:\/\/api.w.org\/{rel}","templated":true}]}}