{"id":61001,"date":"2024-08-29T07:52:51","date_gmt":"2024-08-29T05:52:51","guid":{"rendered":"https:\/\/www.infokuryr.cz\/n\/?p=61001"},"modified":"2024-08-29T07:52:51","modified_gmt":"2024-08-29T05:52:51","slug":"michael-svatos-fialova-tragedie-a-blizici-se-jaderna-valka-analyza-i-cast","status":"publish","type":"post","link":"https:\/\/www.infokuryr.cz\/n\/2024\/08\/29\/michael-svatos-fialova-tragedie-a-blizici-se-jaderna-valka-analyza-i-cast\/","title":{"rendered":"Michael Svato\u0161: Fialova trag\u00e9die a bl\u00ed\u017e\u00edc\u00ed se jadern\u00e1 v\u00e1lka. Anal\u00fdza \u2013 I. \u010d\u00e1st."},"content":{"rendered":"<div id=\"fb-root\"><\/div>\n<p>Zat\u00edmco vl\u00e1dn\u00ed garnitura \u010cesk\u00e9 republiky o leto\u0161n\u00edch pr\u00e1zdnin\u00e1ch zes\u00edlila svoji ryze proukrajinskou v\u00e1le\u010dnou r\u00e9toriku a n\u00e1\u0161 gener\u00e1l dokonce z Pra\u017esk\u00e9ho hradu\u00a0<a href=\"https:\/\/www.novinky.cz\/clanek\/domaci-pavel-do-nato-by-mohla-vstoupit-i-okupovana-ukrajina-40484662\">vypou\u0161t\u011bl geostrategick\u00e9 n\u00e1pady<\/a>, o kter\u00fdch \u0159ada profesor\u016f, kte\u0159\u00ed v USA vyu\u010duj\u00ed vojenskou strategii nejvy\u0161\u0161\u00ed americk\u00e9 gener\u00e1ly,\u00a0<a href=\"https:\/\/www.manova.news\/artikel\/gefahrliche-schuldverschiebung\">s jistotou p\u0159edpokl\u00e1d\u00e1<\/a>, \u017ee p\u0159edstavuj\u00ed nejhloup\u011bj\u0161\u00ed a nejrychlej\u0161\u00ed\u00a0 cestu k rozpout\u00e1n\u00ed jadern\u00e9 v\u00e1lky. U na\u0161ich severn\u00edch i ji\u017en\u00edch soused\u016f do\u0161lo ke z\u0159eteln\u00e9mu politick\u00e9mu obratu opa\u010dn\u00fdm sm\u011brem. Jak Polsko, tak Rakousko, \u010dekaj\u00ed p\u0159\u00ed\u0161t\u00ed rok a letos bu\u010f d\u016fle\u017eit\u00e9 prezidentsk\u00e9 nebo parlamentn\u00ed volby a nejvy\u0161\u0161\u00ed veden\u00ed jejich politick\u00fdch partaj\u00ed u\u017e pochopilo, \u017ee je rozhodnou m\u00edrov\u00e1, protiimigra\u010dn\u00ed a hlavn\u011b ekonomick\u00e1 t\u00e9mata. Hara\u0161en\u00ed zbran\u011bmi, kter\u00e9 m\u016f\u017ee skon\u010dit po\u0161etil\u00fdm rozpout\u00e1n\u00edm III. sv\u011btov\u00e9 v\u00e1lky, zkr\u00e1tka nen\u00ed v politick\u00e9m kurzu rozhoduj\u00edc\u00ed \u010d\u00e1sti tamn\u00edch voli\u010d\u016f. P\u0159i prvn\u00edm pohledu z \u010cech na Sever i na Jih se zd\u00e1 b\u00fdt nepochopiteln\u00e9, pro\u010d Fiala a spol tento politick\u00fd trend nekop\u00edruj\u00ed, kdy\u017e maj\u00ed tak\u00e9 p\u0159ed volbami. A \u017ee dokonce chystaj\u00ed \u00fapln\u00fd opak pl\u00e1n\u016f reforem u na\u0161ich soused\u016f. Abychom pochopili, pro\u010d se fialov\u00e9 politick\u00e9 mozky na prvn\u00ed chovaj\u00ed takto nelogicky opa\u010dn\u011b, ne\u017e hlavy politik\u016f na\u0161ich soused\u016f, mus\u00edme se na cel\u00fd probl\u00e9m pod\u00edvat nejprve bl\u00ed\u017ee.<\/p>\n<h3><span style=\"font-size: 18pt;\">Polsko:<\/span><\/h3>\n<p><a href=\"https:\/\/rmx.news\/article\/zelensky-appeals-for-more-military-support-from-poland-including-mig-fighters\/\">V\u010dera si Zelenskyj ve\u0159ejn\u011b posteskl<\/a>, \u017ee Polsk\u00e1 vl\u00e1da v sou\u010dasnosti v\u011bnuje men\u0161\u00ed pozornost pot\u0159eb\u00e1m obrany Ukrajiny a jej\u00ed pomoc pon\u011bkud zesl\u00e1bla. A za\u010dal se do\u017eadovat, aby Polsko,\u00a0<a href=\"https:\/\/www.natoaktual.cz\/v-mediich\/rasmussen-nato-by-melo-sestrelovat-ruske-rakety-nad-ukrajinou.A240516_155623_na_media_m02\">jak sl\u00edbil u\u017e v kv\u011btnu n\u00e1\u010deln\u00edk NATO Rasmussen<\/a>, ihned za\u010dalo, sest\u0159elovat rusk\u00e9 drony a rakety l\u00e9taj\u00edc\u00ed nad Ukrajinou, stejn\u011b jako st\u00edha\u010dky NATO\u00a0<a href=\"https:\/\/www.natoaktual.cz\/v-mediich\/rasmussen-nato-by-melo-sestrelovat-ruske-rakety-nad-ukrajinou.A240516_155623_na_media_m02\">sest\u0159elovaly drony a rakety m\u00ed\u0159\u00edc\u00ed na Izrael<\/a>. A po\u017eadoval, aby\u00a0<a href=\"https:\/\/www.kyivpost.com\/post\/38117\">Polsko okam\u017eit\u011b Kyjevu vydalo v\u0161echny sv\u00e9 st\u00edha\u010de Mig-29<\/a>, jak u\u017e u\u010dinilo Slovensko. Z Polska v\u0161ak p\u0159i\u0161la p\u0159ekvapiv\u011b ledov\u00e1 odpov\u011b\u010f. Tamn\u00ed ministr obrany vyhl\u00e1sil, \u017ee sest\u0159elovat se nebude,\u00a0<a href=\"https:\/\/www.pravda.com.ua\/eng\/news\/2024\/08\/28\/7472291\/\">proto\u017ee Polsko nen\u00ed tak po\u0161etil\u00e9<\/a>, aby bez souhlasn\u00e9ho kryt\u00ed cel\u00e9 aliance sebevra\u017eednou sest\u0159elovac\u00ed kampa\u0148 zah\u00e1jilo. St\u00edha\u010dky Mig-29 taky Kyjev nedostane, proto\u017ee Polsko je nutn\u011b pot\u0159ebuje pro svou obranu.\u00a0<a href=\"https:\/\/rmx.news\/article\/zelensky-appeals-for-more-military-support-from-poland-including-mig-fighters\/\">Nejd\u016fle\u017eit\u011bj\u0161\u00ed si v\u0161ak ministr Kosiniak-Kamysz nechal na konec sv\u00e9ho vystoupen\u00ed<\/a>. Podle ministra, Polsko u\u017e Ukrajin\u011b poskytlo v\u0161e, co mohlo. A prioritou v\u0161\u00ed politiky Polska je, i nad\u00e1le bude, v prvn\u00ed \u0159ad\u011b zaji\u0161tovat polskou bezpe\u010dnost. A proto dal\u0161\u00ed dod\u00e1vky zbran\u00ed nejsou v sou\u010dasn\u00e9 dob\u011b mo\u017en\u00e9.<\/p>\n<p>V\u010dera potvrzenou prioritou Polska je tak bezpe\u010dnost Polska. Toto v\u010derej\u0161\u00ed polsk\u00e9 vyj\u00e1d\u0159en\u00ed je v p\u0159\u00edm\u00e9m protikladu\u00a0<a href=\"https:\/\/www.irozhlas.cz\/zpravy-svet\/petr-pavel-ukrajina-pomoc-valka-zahranicni-politika_2408271558_epo\">s nejnov\u011bj\u0161\u00edmi hl\u00e1\u0161kami z Pra\u017esk\u00e9ho hradu<\/a>: \u201cV zahrani\u010dn\u00ed a bezpe\u010dnostn\u00ed politice \u010cesk\u00e9 republiky dnes nen\u00ed p\u0159edn\u011bj\u0161\u00edho \u00fakolu ne\u017e pokra\u010duj\u00edc\u00ed podpora Ukrajiny.\u201d.\u00a0 Dal\u0161\u00ed v\u010dera Hradem vyty\u010den\u00e9 prioritn\u00ed \u00fakoly \u010ceska jsou mimo zaji\u0161t\u011bn\u00ed kone\u010dn\u00e9ho v\u00edt\u011bzstv\u00ed Ukrajiny nad Ruskem, tak\u00e9 soupe\u0159en\u00ed s Ruskem a \u010c\u00ednou v zem\u00edch glob\u00e1ln\u00edho Jihu, aby tamn\u00ed re\u017eimy nep\u0159ijaly negativn\u00ed postoje obou mocnost\u00ed k Z\u00e1padu.\u00a0<a href=\"https:\/\/www.novinky.cz\/clanek\/domaci-pavel-do-nato-by-mohla-vstoupit-i-okupovana-ukrajina-40484662\">A ji\u017e d\u0159\u00edve publikovan\u00fd bizardn\u00ed n\u00e1pad<\/a>, aby Ukrajina byla p\u0159ijata do NATO v jak\u00fdchsi prozat\u00edmn\u00edch administrativn\u00edch hranic\u00edch, kter\u00e9 se \u010dasem p\u0159esunou na V\u00fdchod na \u00fakor sou\u010dasn\u00e9ho rusk\u00e9ho st\u00e1tn\u00edho \u00fazem\u00ed, tedy b\u00fdval\u00e9ho \u00fazem\u00ed Ukrajiny, kter\u00fd nem\u016f\u017ee skon\u010dit jinak ne\u017e III. sv\u011btovou v\u00e1lkou.<\/p>\n<p>Pokud u\u017e za\u010d\u00edn\u00e1 b\u00fdt patrn\u00e9, \u017ee \u010cR na rozd\u00edl od Polska nad\u0159azuje v zahrani\u010dn\u00ed a bezpe\u010dnostn\u00ed politice v\u00edce z\u00e1jmy Ukrajiny a glob\u00e1ln\u00edho kapit\u00e1lu nad z\u00e1jmy sv\u00fdch ob\u010dan\u016f. P\u0159i srovn\u00e1n\u00ed sou\u010dasn\u00e9 ekonomick\u00e9 politiky obou zem\u00ed je r\u00e1zem je\u0161t\u011b jasn\u011bji.<\/p>\n<p>Polsko \u010dekaj\u00ed p\u0159\u00ed\u0161t\u00ed rok prezidentsk\u00e9 volby, a vl\u00e1dnouc\u00ed koala premi\u00e9ra Tuska by v nich r\u00e1da zv\u00edt\u011bzila. Jedou z cest jak z\u00edskat v\u00edt\u011bzstv\u00ed, je reforma pracovn\u00edho pr\u00e1va. A tamn\u00ed vl\u00e1da ji chyst\u00e1 opravdu velkoryse. M\u00e1 b\u00fdt dokon\u010dena na ja\u0159e p\u0159\u00ed\u0161t\u00edho roku, je\u0161t\u011b p\u0159ed prezidentsk\u00fdmi volbami, a bude znamenat razantn\u00ed zkr\u00e1cen\u00ed pracovn\u00ed doby. Polsk\u00e1 ministryn\u011b pr\u00e1ce a soci\u00e1ln\u00edch v\u011bc\u00ed Agnieszka Dziemianowicz-B\u0105k reformu zat\u00edm popsala ve dvou mo\u017enostech. Bu\u010f se v Polsku zkr\u00e1t\u00ed pracovn\u00ed t\u00fdden z 5 dn\u00ed na 4 dny. A nebo se zkr\u00e1t\u00ed po\u010det pracovn\u00edch hodin ze 40 na 35. Celkem 70% polsk\u00fdch firem preferuje variantu 4 pracovn\u00edch dn\u00ed. Nejp\u0159ekvapiv\u011bj\u0161\u00ed na polsk\u00e9 debat\u011b o zkr\u00e1cen\u00ed pracovn\u00ed doby je skute\u010dnost, \u017ee Pol\u00e1ci jsou p\u0159esv\u011bd\u010deni, \u017ee v\u00fdborn\u00e9 ekonomick\u00e9 v\u00fdsledky zem\u011b jim zkr\u00e1cen\u00ed pracovn\u00ed doby umo\u017e\u0148uj\u00ed.\u00a0<a href=\"https:\/\/kpmg.com\/xx\/en\/home\/insights\/2024\/06\/global-economic-outlook-poland.html\">Re\u00e1ln\u00e9 mzdy u\u017e dokonce o p\u00e1r % p\u0159ekonaly i inflaci<\/a>!!! (<a href=\"https:\/\/www.ceskenoviny.cz\/zpravy\/2488263\">Srovnej s Fialou<\/a>, re\u00e1ln\u00e9 mzdy v \u010cesku se propadaj\u00ed 9 \u010dtvrtlet\u00ed v \u0159ad\u011b a aktu\u00e1ln\u011b maj\u00ed hodnotu roku 2017!)\u00a0\u00a0<a href=\"https:\/\/kpmg.com\/xx\/en\/home\/insights\/2024\/06\/global-economic-outlook-poland.html\">Ekonomika Polska letos roste velmi slu\u0161n\u00fdm tempem<\/a>\u00a0+ 2.8% HDP letos a 4.9 p\u0159\u00ed\u0161t\u00ed rok. (<a href=\"https:\/\/www.cnb.cz\/cs\/menova-politika\/prognoza\/\">Srovnej s Fialou<\/a>, pr\u00fd + 1.2 letos a 2.8 p\u0159\u00ed\u0161t\u00ed rok.)<\/p>\n<p>V \u010cR byla debata o mo\u017en\u00e9m zkr\u00e1cen\u00ed pracovn\u00ed doby\u00a0<a href=\"https:\/\/www.businessinfo.cz\/clanky\/vlada-prosazuje-kratsi-pracovni-dobu-firmy-jsou-proti\/\">ukon\u010dena u\u017e v roce 2019<\/a>, kdy bylo Babi\u0161ovou vl\u00e1dou ventilov\u00e1no, \u017ee si \u010cesko ekonomicky nem\u016f\u017ee dovolit zkr\u00e1tit pracovn\u00ed dobu ani ze 40 na 37.5 hodiny, proto\u017ee by na\u0161e firmy ztratily schopnost konkurence. A\u00a0<a href=\"https:\/\/www.novinky.cz\/clanek\/ekonomika-prehledne-delsi-zkusebni-doba-ale-i-rychlejsi-vyhazov-co-vsechno-zmeni-zakonik-prace-40485117\">nyn\u00ed u\u017e Fialova vl\u00e1da doslova kr\u00e1\u010d\u00ed opa\u010dn\u00fd trendem<\/a>. Nov\u011b, aby \u010desk\u00e9 firmy neztratily konkurenceschopnost, mus\u00ed b\u00fdt prodlou\u017eena zku\u0161ebn\u00ed doba zam\u011bstnanc\u016f, usnadn\u011bno vyhazov\u00e1n\u00ed z pr\u00e1ce m\u00e9n\u011b v\u00fdkonn\u00fdch jedinc\u016f, pop\u0159\u00edpad\u011b lid\u00ed nemocn\u00fdch, nebo pe\u010duj\u00edc\u00edch o d\u011bti. Vrcholem jsou n\u00e1pady poslance ODS Skope\u010dka, na vyhazov\u00e1n\u00ed lid\u00ed z pr\u00e1ce bez ud\u00e1n\u00ed d\u016fvodu.<\/p>\n<p>Pro\u010d se polsk\u00e9 ekonomice da\u0159\u00ed a \u010desk\u00e9 nikoli, je d\u00e1no \u0159adou d\u016fvod\u016f. Jedn\u00edm z naprosto evidentn\u00edch jsou viditeln\u011b zna\u010dn\u011b ni\u017e\u0161\u00ed po\u017eadavky polsk\u00fdch politick\u00fd propagandist\u016f, televiz\u00edch a r\u00e1diov\u00fdch, ideov\u00fdch a kulturn\u00edch hlasatel\u016f a \u010dlen\u016f r\u016fzn\u00fdch st\u00e1tem \u017eiven\u00fdch neziskovek v\u0161eho druhu. Jak pol\u0161t\u00ed politici tak dal\u0161\u00ed vysoc\u00ed \u00fa\u0159edn\u00edci st\u00e1tu berou zna\u010dn\u011b m\u00e9n\u011b ne\u017e jejich \u010de\u0161t\u00ed kolegov\u00e9 \u2013\u00a0<a href=\"https:\/\/www.michalapetr.com\/map-1838-srovnali-jsme-vysi-platu-politiku-obcanu-a-ucitelu-v-eu-a-vyvalili-jsme-oci-jake-idioty-z-nas-nasi-politici-letos-udelali\/\">podrobn\u011b v\u00a0 MAP 1838.<\/a>\u00a0 Petr Fiala v\u0161ak op\u011bt kr\u00e1\u010d\u00ed opa\u010dnou cestou a nyn\u00ed chyst\u00e1 dal\u0161\u00ed zv\u00fdhodn\u011bn\u00ed sv\u00fdch v\u011brn\u00fdch.\u00a0<a href=\"https:\/\/www.idnes.cz\/zpravy\/domaci\/zvyseni-koncesionarskych-poplatku-ceska-televize-150-korun-vlada-cesky-rozhlas.A240626_051809_domaci_kop\">Poplatek televizi sl\u00edbil zv\u00fd\u0161it<\/a>\u00a0na 150 korun a r\u00e1diu na 55 korun. Sou\u010dasn\u00fd sou\u010det obou m\u011bs\u00ed\u010dn\u00edch poplatk\u016f je 180 korun a m\u00e1 b\u00fdt 205 korun. V Polsku nyn\u00ed \u010din\u00ed tento m\u011bs\u00ed\u010dn\u00ed poplatek jen 136 korun, a to se zvy\u0161oval dvakr\u00e1t v letech 2021 a 23 z p\u016fvodn\u00edch cca 110 korun, kter\u00e9 se platily od roku 2017.\u00a0<a href=\"https:\/\/rankomat.pl\/nieruchomosci\/abonament-rtv\">V Polsku jsou ov\u0161em z platy tohoto poplatku vy\u0148aty cel\u00e9 kategorie chud\u0161\u00edch osob<\/a>: D\u016fchodci, kte\u0159\u00ed nedosahuj\u00ed d\u016fchodu nejm\u00e9n\u011b 50% pr\u016fm\u011brn\u00e9 mzdy. (V \u010cR aktu\u00e1ln\u011b by neplatili ti d\u016fchodci, kte\u0159\u00ed maj\u00ed d\u016fchod\u00a0<a href=\"https:\/\/www.e15.cz\/prumerna-mzda-cr-praha#prumerna_mzda\">m\u00e9n\u011b ne\u017e 23 000!<\/a>) D\u00e1le: Osoby s invaliditou I stupn\u011b. Osoby evidovan\u00e9 na \u00fa\u0159adu pr\u00e1ce. Osoby, kter\u00fdm jsou vypl\u00e1ceny p\u0159edd\u016fchodov\u00e9 soci\u00e1ln\u00ed d\u00e1vky, a osoby star\u0161\u00ed 75 let. Polsk\u00e9mu st\u00e1tu se nyn\u00ed ekonomicky da\u0159\u00ed tak\u00e9 proto, \u017ee nemilosrdn\u011b nesd\u00edr\u00e1 sv\u00e9 chud\u0161\u00ed ob\u010dany o ka\u017edou korunu, jen proto aby luxusn\u011b vy\u017eivoval r\u016fzn\u00e9 \u010dleny Bruselu zaprodan\u00e9 ve\u0159ejn\u00e9, kulturn\u00ed a politick\u00e9 elity, tak jako Fialova vl\u00e1da. Je p\u0159eci logick\u00e9, \u017ee osob\u00e1m, kter\u00e9 ztratily pr\u00e1ci a hodnov\u011brn\u011b se o ni uch\u00e1zej\u00ed, stejn\u011b jako chud\u0161\u00edm d\u016fchodc\u016fm se hod\u00ed ka\u017ed\u00e1 koruna, zejm\u00e9na v dne\u0161n\u00edch \u010dasech, kdy u\u017e\u00a0 1\/4 \u010desk\u00fdch rodin nevych\u00e1z\u00ed se sv\u00fdmi p\u0159\u00edjmy. A je p\u0159eci jasn\u00e9, \u017ee je nelogick\u00e9, a hlavn\u011b nemor\u00e1ln\u00ed, aby je vl\u00e1da sd\u00edrala o dal\u0161\u00edch 205 korun m\u011bs\u00ed\u010dn\u011b ve prosp\u011bch instituc\u00ed, kter\u00e9 maj\u00ed ze z\u00e1kona vykon\u00e1vat ve\u0159ejnou slu\u017ebu! Ve\u0159ejn\u00e1 slu\u017eba se p\u0159eci nem\u016f\u017ee financovat zv\u00fd\u0161en\u00fdm od\u00edr\u00e1n\u00edm chud\u00fdch a pot\u0159ebn\u00fdch. Fialova logika podle n\u00ed\u017e nech\u00e1v\u00e1 nyn\u00ed poplatky zvy\u0161ovat je logikou \u010dir\u00e9ho asoci\u00e1la.<\/p>\n<p>Pol\u00e1ci zav\u00e1d\u011bj\u00ed zkr\u00e1cen\u00ed pracovn\u00ed doby pod od\u016fvodn\u011bn\u00edm, \u201c\u017ee\u00a0 v relativn\u011b dobr\u00e9 ekonomick\u00e9 situaci, s celkem n\u00edzkou m\u00edrou nezam\u011bstnanosti a v souladu s o\u010dek\u00e1v\u00e1n\u00edm mlad\u00fdch lid\u00ed je t\u0159eba br\u00e1t v\u00e1\u017en\u011b po\u017eadavek na zkr\u00e1cen\u00ed pracovn\u00ed doby, aby lid\u00e9 m\u011bli v\u00edce \u010dasu na rodinu, rozvoj a odpo\u010dinek.\u201d! Polsk\u00e1 \u00favaha,\u00a0<a href=\"https:\/\/zpravy.kurzy.cz\/777403-nezamestnanost-v-polsku-klesla-23-7-2024\/\">\u017ee p\u0159i n\u00edzk\u00e9 nezam\u011bstnanosti 4.9%<\/a>, je t\u0159eba zkr\u00e1cen\u00edm pracovn\u00ed doby vylep\u0161it \u017eivotn\u00ed podm\u00ednky mlad\u00fdm lidem, aby m\u011bli v\u00edce \u010dasu na rodinu, a m\u011bli \u010das rodit d\u011bti, je opakem fialov\u00e9 politiky.\u00a0<a href=\"https:\/\/www.kurzy.cz\/makroekonomika\/nezamestnanost\/\">P\u0159i n\u00ed se p\u0159i nezam\u011bstnanosti pouh\u00fdch 3.8 %<\/a>\u00a0maj\u00ed lidem utu\u017eovat pracovn\u00ed podm\u00ednky, zt\u011b\u017eovat jim \u017eivot, a maj\u00ed b\u00fdt je\u0161t\u011b v\u00edce od\u00edr\u00e1ni, aby nem\u011bli \u010das ani pen\u00edze na po\u0159\u00edzen\u00ed bydlen\u00ed, na rodinu, a aby ani nemohli plodit d\u011bti. \u010cR p\u0159itom pat\u0159\u00ed mezi premianty Evropy v d\u00e9lce pracovn\u00ed doby. \u010cesk\u00fd 39.8 hodin str\u00e1ven\u00fdch pr\u016fm\u011brn\u011b v pr\u00e1ci je typick\u00fdch pouze v zem\u00edch b\u00fdval\u00e9 v\u00fdchodn\u00ed Evropy, a jestli Polsko se nyn\u00ed v tomto ukazateli nyn\u00ed vyrovn\u00e1 z\u00e1padn\u00ed \u010d\u00e1st\u00ed EU, bude to jen dal\u0161\u00edm d\u016fkaz, \u017ee se \u010cR na rozd\u00edl od Slovenska, Polska a Ma\u010farska, pod vl\u00e1dou Fialy, \u00farovni z\u00e1padn\u00ed EU vzdaluje je\u0161t\u011b rychlej\u0161\u00edm tempem ne\u017e bylo zvykem za Babi\u0161e.<\/p>\n<p>M\u016fj prvn\u00ed profesor historie Tom\u00ed\u010dek n\u00e1m v roce 1980 p\u0159edlo\u017eil k \u00favaze svoji teorii, \u017ee rozhoduj\u00edc\u00ed chyba v na\u0161ich d\u011bjin\u00e1ch nastala vyhn\u00e1n\u00edm Pol\u00e1k\u016f, kte\u0159\u00ed se v rann\u00fdch \u010dasech \u010desk\u00fdch d\u011bjin na kr\u00e1tkou dobu n\u011bkolikr\u00e1te zmocnili Pra\u017esk\u00e9ho kn\u00ed\u017eec\u00edho tr\u016fnu. (<a href=\"https:\/\/cs.wikipedia.org\/wiki\/Seznam_p%C5%99edstavitel%C5%AF_%C4%8Desk%C3%A9ho_st%C3%A1tu\">Vladivoj a Boleslav III.<\/a>) Podle Tom\u00ed\u010dka si v letech kolem roku 1000 nebyli \u010ce\u0161i ani Pol\u00e1ci nijak jazykov\u011b ani kulturn\u011b vzd\u00e1leni, abychom nemohli vybudovat spole\u010dn\u00fd st\u00e1t, kter\u00fd by byl evropskou mocnost\u00ed, a zajistil by neru\u0161en\u00fd v\u00fdvoj na\u0161ich n\u00e1rod\u016f po celou dobu historie. Jako studenti jsme tehdy na Tom\u00ed\u010dka nev\u011b\u0159\u00edcn\u011b z\u00edrali, proto\u017ee na\u0161e osobn\u00ed zku\u0161enost n\u00e1m ukazovala Polsko jako chud\u00fd zaostal\u00fd ekonomicky rozvr\u00e1cen\u00fd st\u00e1t. V Liberci jsme tehdy jako studenti \u010dasto v\u00eddali, jak d\u016fstojn\u00edci \u010deskoslovensk\u00e9 arm\u00e1dy a policie vod\u00ed sv\u00e9 polsk\u00e9 partnery do na\u0161ich obchod\u016f a jak jim nakupuj\u00ed velk\u00e1 mno\u017estv\u00ed potravin, kter\u00e1 se pak nakl\u00e1daj\u00ed do aut. Tov\u00e1rn\u00ed ubytovny byly tou dobou pln\u00e9 polsk\u00fdch pracovnic, kter\u00e9 vykon\u00e1valy tu nejhor\u0161\u00ed pr\u00e1ci. Je\u0161t\u011b v Plzni p\u0159ed 15 lety bylo b\u011b\u017en\u00e9, \u017ee Pol\u00e1ci hraj\u00ed v montovn\u00e1ch role dne\u0161n\u00edch Ukrajinc\u016f. Doba se v\u0161ak neuv\u011b\u0159iteln\u011b zm\u011bnila, a Polsko podle v\u0161eho brzy p\u0159ekon\u00e1 upadaj\u00edc\u00ed \u010ceskou prosperitu i m\u00edru ekonomick\u00e9ho rozvoje, a z\u0159ejm\u011b je\u0161t\u011b ne\u017e um\u0159u, d\u00e1m za pravdu teorii profesora Tom\u00ed\u010dka, kter\u00e1 mi je\u0161t\u011b p\u0159ed 44 lety p\u0159ipadala absolutn\u011b pop\u00edraj\u00edc\u00ed realitu. Nev\u00edm sice, zda mohl profesor Tom\u00ed\u010dek tu\u0161it, \u017ee v \u010cech\u00e1ch bude jednou vl\u00e1dnout profesor Fiala, ale je jist\u00e9, \u017ee Fiala v\u00fdznamn\u011b p\u0159isp\u011bl, a je\u0161t\u011b jist\u011b i p\u0159isp\u011bje k p\u0159ekvapiv\u00e9mu obratu tis\u00edcilet\u00e9ho ust\u00e1len\u00e9ho pom\u011bru ve stupn\u00edch ekonomick\u00e9ho rozvoje obou na\u0161ich sousedn\u00edch zem\u00ed. A budeme jen r\u00e1di, kdy\u017e Fiala tento pom\u011br neoto\u010d\u00ed dokonce i mezi Ukrajinou a \u010ceskem.<\/p>\n<p>St\u0159edem politiky polsk\u00fdch politik\u016f jsou Pol\u00e1ci a Polsko. Tak je tomu tak\u0159ka ve v\u0161ech zem\u00edch sv\u011bta. Jen pra\u017esk\u00e1 fialov\u00e1 politika nad\u0159azuje a h\u00e1j\u00ed z\u00e1jmy jin\u00fdch n\u00e1rod\u016f a zem\u00ed, nad z\u00e1jmy vlastn\u00edch ob\u010dan\u016f a \u010cesk\u00e9 republiky. A to je z\u0159ejm\u011b d\u016fvodem prudce upadaj\u00edc\u00ed prosperity cel\u00e9 na\u0161\u00ed zem\u011b i v\u011bt\u0161iny jej\u00edch ob\u010dan\u016f.<\/p>\n<p><em>Jsem v\u010dera ve\u010der p\u0159ecenil sv\u00e9 s\u00edly. Anal\u00fdza proto bude pokra\u010dovat druh\u00fdm d\u00edlem v\u011bnovan\u00fdm Rakousku a jadern\u00e9 v\u00e1lce z\u00edtra.\u00a0 D\u011bkuji za pochopen\u00ed.<\/em><\/p>\n<p><a href=\"https:\/\/www.michalapetr.com\/map-2079-fialova-tragedie-a-blizici-se-jaderna-valka-analyza-i-cast\/\">Michael Svato\u0161<\/a><\/p>\n<p><img decoding=\"async\" loading=\"lazy\" class=\"alignnone size-full wp-image-27204\" src=\"http:\/\/www.infokuryr.cz\/n\/wp-content\/uploads\/2023\/05\/Michael_Svatos.png\" alt=\"\" width=\"180\" height=\"180\" srcset=\"https:\/\/www.infokuryr.cz\/n\/wp-content\/uploads\/2023\/05\/Michael_Svatos.png 180w, https:\/\/www.infokuryr.cz\/n\/wp-content\/uploads\/2023\/05\/Michael_Svatos-150x150.png 150w\" sizes=\"(max-width: 180px) 100vw, 180px\" \/><\/p>\n<p>&nbsp;<\/p>\n","protected":false},"excerpt":{"rendered":"<p>Zat\u00edmco vl\u00e1dn\u00ed garnitura \u010cesk\u00e9 republiky o leto\u0161n\u00edch pr\u00e1zdnin\u00e1ch zes\u00edlila svoji ryze proukrajinskou v\u00e1le\u010dnou r\u00e9toriku a&#8230;<\/p>\n","protected":false},"author":2,"featured_media":47252,"comment_status":"closed","ping_status":"closed","sticky":false,"template":"","format":"standard","meta":[],"categories":[6],"tags":[1042,59,45,535],"_links":{"self":[{"href":"https:\/\/www.infokuryr.cz\/n\/wp-json\/wp\/v2\/posts\/61001"}],"collection":[{"href":"https:\/\/www.infokuryr.cz\/n\/wp-json\/wp\/v2\/posts"}],"about":[{"href":"https:\/\/www.infokuryr.cz\/n\/wp-json\/wp\/v2\/types\/post"}],"author":[{"embeddable":true,"href":"https:\/\/www.infokuryr.cz\/n\/wp-json\/wp\/v2\/users\/2"}],"replies":[{"embeddable":true,"href":"https:\/\/www.infokuryr.cz\/n\/wp-json\/wp\/v2\/comments?post=61001"}],"version-history":[{"count":0,"href":"https:\/\/www.infokuryr.cz\/n\/wp-json\/wp\/v2\/posts\/61001\/revisions"}],"wp:featuredmedia":[{"embeddable":true,"href":"https:\/\/www.infokuryr.cz\/n\/wp-json\/wp\/v2\/media\/47252"}],"wp:attachment":[{"href":"https:\/\/www.infokuryr.cz\/n\/wp-json\/wp\/v2\/media?parent=61001"}],"wp:term":[{"taxonomy":"category","embeddable":true,"href":"https:\/\/www.infokuryr.cz\/n\/wp-json\/wp\/v2\/categories?post=61001"},{"taxonomy":"post_tag","embeddable":true,"href":"https:\/\/www.infokuryr.cz\/n\/wp-json\/wp\/v2\/tags?post=61001"}],"curies":[{"name":"wp","href":"https:\/\/api.w.org\/{rel}","templated":true}]}}