{"id":60993,"date":"2024-08-29T00:30:05","date_gmt":"2024-08-28T22:30:05","guid":{"rendered":"https:\/\/www.infokuryr.cz\/n\/?p=60993"},"modified":"2024-08-28T12:46:38","modified_gmt":"2024-08-28T10:46:38","slug":"ivan-david-opozdena-odvaha-eurokomisare-pro-zemedelstvi","status":"publish","type":"post","link":"https:\/\/www.infokuryr.cz\/n\/2024\/08\/29\/ivan-david-opozdena-odvaha-eurokomisare-pro-zemedelstvi\/","title":{"rendered":"Ivan David: Opo\u017ed\u011bn\u00e1 odvaha eurokomisa\u0159e pro zem\u011bd\u011blstv\u00ed"},"content":{"rendered":"<div id=\"fb-root\"><\/div>\n<p><strong>Janusz Wojciechowski se pr\u00e1v\u011b stal ter\u010dem nen\u00e1visti globalistick\u00fdch m\u00e9di\u00ed za jak\u00fdsi n\u00e1vrh na\u0159\u00edzen\u00ed, t\u0159eba\u017ee nem\u00e1 nejmen\u0161\u00ed \u0161anci proj\u00edt v\u00a0Evropsk\u00e9 komisi, a\u00a0proto se nem\u016f\u017ee dostat do Evropsk\u00e9ho parlamentu a\u00a0cokoli ovlivnit. Pan komisa\u0159 kon\u010d\u00ed, nebyl dost loaj\u00e1ln\u00ed, dokonce se m\u00edrn\u011b sna\u017eil brzdit \u0161kody p\u016fsoben\u00e9 iniciativn\u00edmi idioty v\u00a0EU.<\/strong><\/p>\n<p>Pustilo se do n\u011bj vlivn\u00e9 americk\u00e9 m\u00e9dium Politico, kv\u016fli jeho opo\u017ed\u011bn\u00e9 form\u00e1ln\u00ed snaze prosadit \u201ez\u00e1kon o\u00a0potravinov\u00e9 bezpe\u010dnosti\u201c. Zem\u011bd\u011blstv\u00ed v\u00a0Evropsk\u00e9 unii je toti\u017e v\u00a0rozkladu. Ne n\u00e1hodou skoro ve v\u0161ech zem\u00edch zem\u011bd\u011blci protestuj\u00ed. D\u016fvod\u016f je v\u00edce, hlavn\u011b v\u0161ak Green Deal se v\u0161emi jeho d\u016fsledky, dominantn\u00ed postaven\u00ed nadn\u00e1rodn\u00edch maloobchodn\u00edch \u0159et\u011bzc\u016f, kter\u00e9 stla\u010duj\u00ed ceny pro zem\u011bd\u011blce, ale zvy\u0161uj\u00ed ceny pro spot\u0159ebitele. Probl\u00e9mem je nekal\u00e1 konkurence, ostr\u00e1 nerovnost zejm\u00e9na v\u00a0n\u00e1rodn\u00edch dotac\u00edch, vysok\u00e9 a\u00a0st\u00e1le rostouc\u00ed ceny v\u0161ech vstup\u016f pro zem\u011bd\u011blce od pron\u00e1jmu pozemk\u016f, ceny energii, vody, pr\u00e1ce, poji\u0161t\u011bn\u00ed, hnojiv, osiv\u2026, atd. Potla\u010den\u00e9 unijn\u00ed zem\u011bd\u011blstv\u00ed je nahrazov\u00e1no dovozy.<\/p>\n<p>Wojciechowski je kritizov\u00e1n za omezov\u00e1n\u00ed dovozu ukrajinsk\u00fdch zem\u011bd\u011blsk\u00fdch komodit. Nikoho v\u00a0Evropsk\u00e9 komisi a\u00a0mezi globalisty a\u00a0jejich novin\u00e1\u0159sk\u00fdmi sluhy nezaj\u00edm\u00e1, \u017ee nap\u0159\u00edklad v\u00a0roce 2023 byly z\u00e1soby obil\u00ed v\u00a0Polsku (a\u00a0nejen tam) dvojn\u00e1sobkem ro\u010dn\u00ed spot\u0159eby, a\u00a0to p\u0159ed sklizn\u00ed. Ceny pro v\u00fdkup klesly. Zem\u011bd\u011blci krachuj\u00ed. Pokud nejsou podniky ztr\u00e1tov\u00e9, ziskovost je minim\u00e1ln\u00ed. P\u0159\u00edjmy pracuj\u00edc\u00edch v\u00a0zem\u011bd\u011blstv\u00ed pat\u0159\u00ed k\u00a0nejni\u017e\u0161\u00edm, proto zem\u011bd\u011blstv\u00ed nen\u00ed pro mlad\u00e9 lidi p\u0159ita\u017eliv\u00e9. Zem\u011bd\u011blci vym\u00edraj\u00ed. Politika EU zv\u00fdhod\u0148uje drobn\u00e9 zem\u011bd\u011blce, ale dovozci nakupuj\u00ed u\u00a0gigantick\u00fdch producent\u016f a\u00a0maloobchodn\u00ed \u0159et\u011bzce jim d\u00e1vaj\u00ed p\u0159ednost.<\/p>\n<p>Komisa\u0159 JW ani Zem\u011bd\u011blsk\u00fd v\u00fdbor Evropsk\u00e9ho parlamentu nemohly zas\u00e1hnout do zhoubn\u00fdch regulac\u00ed podle Green Deal, proto\u017ee jde o\u00a0st\u011b\u017eejn\u00ed projekt EU od p\u0159edsednictv\u00ed von der Leyenov\u00e9. O\u00a0mnoha pro zem\u011bd\u011blstv\u00ed d\u016fle\u017eit\u00fdch ot\u00e1zk\u00e1ch rozhoduje V\u00fdbor pro \u017eivotn\u00ed prost\u0159ed\u00ed, nap\u0159\u00edklad z\u00e1kazy ochrann\u00fdch chemick\u00fdch prost\u0159edk\u016f, za kter\u00e9 nen\u00ed n\u00e1hrada, a\u00a0to bez d\u016fkaz\u016f o\u00a0\u0161kodlivosti s\u00a0argumentem \u201ep\u0159edb\u011b\u017en\u00e9 opatrnosti\u201c. Stejn\u011b je tomu nap\u0159\u00edklad v\u00a0ochran\u011b p\u0159emno\u017een\u00fdch vlk\u016f, medv\u011bd\u016f, vyder, kormor\u00e1n\u016f nebo bobr\u016f.<\/p>\n<p>Wojciechowski \u00fadajn\u011b nech\u00e1pe, \u017ee Green Deal zem\u011bd\u011blc\u016fm prosp\u00edv\u00e1, nebo\u0165 \u201eomezuje klimatick\u00e9 zm\u011bny a\u00a0chr\u00e1n\u00ed p\u016fdu p\u0159ed eroz\u00ed\u201c. Pr\u00fd je tak\u00e9 t\u0159eba po\u010dkat na v\u00fdsledky \u201eStrategick\u00e9ho dialogu o\u00a0budoucnosti zem\u011bd\u011blstv\u00ed\u201c vyhl\u00e1\u0161en\u00e9ho von der Leyen. Tento dialog m\u00e1 nespokojen\u00fdm zem\u011bd\u011blc\u016fm \u201evyt\u0159\u00edt zrak\u201c. Je organizov\u00e1n tak, aby se nedotkl Green Deal Podle toho byli vybr\u00e1ni \u201eexperti\u201c k\u00a0dialogu.<\/p>\n<p>Unijn\u00ed experti m\u00edn\u00ed, \u017ee Wojciechowsk\u00e9mu jde o\u00a0\u201ezachov\u00e1n\u00ed sou\u010dasn\u00e9ho zem\u011bd\u011blsk\u00e9ho syst\u00e9mu\u201c a\u00a0to propag\u00e1to\u0159i \u201eudr\u017eiteln\u00e9ho zem\u011bd\u011blstv\u00ed\u201c, kter\u00e9 by ale vedlo k\u00a0jeho zhroucen\u00ed, nemohou strp\u011bt. Nadn\u00e1rodn\u00ed korporace jen \u010dekaj\u00ed na p\u0159\u00edle\u017eitost levn\u011b skoupit opu\u0161t\u011bnou p\u016fdu.<\/p>\n<p>Proto hystericky reaguj\u00ed i\u00a0na Wojchiechowk\u00e9ho pl\u00e1cnut\u00ed do vody.<\/p>\n<p>Green Deal jede d\u00e1l.<\/p>\n<p><strong><em><a href=\"https:\/\/www.novarepublika.cz\/2024\/08\/opozdena-odvaha-eurokomisare-pro-zemedelstvi\">MUDr. Ivan David, CSc.<\/a><\/em><\/strong><\/p>\n<p><img decoding=\"async\" loading=\"lazy\" class=\"alignnone size-medium wp-image-922\" src=\"http:\/\/www.infokuryr.cz\/n\/wp-content\/uploads\/2021\/04\/Ivan-David-1-222x300.jpg\" alt=\"\" width=\"222\" height=\"300\" srcset=\"https:\/\/www.infokuryr.cz\/n\/wp-content\/uploads\/2021\/04\/Ivan-David-1-222x300.jpg 222w, https:\/\/www.infokuryr.cz\/n\/wp-content\/uploads\/2021\/04\/Ivan-David-1.jpg 466w\" sizes=\"(max-width: 222px) 100vw, 222px\" \/><\/p>\n<p>&nbsp;<\/p>\n<p>&nbsp;<\/p>\n","protected":false},"excerpt":{"rendered":"<p>Janusz Wojciechowski se pr\u00e1v\u011b stal ter\u010dem nen\u00e1visti globalistick\u00fdch m\u00e9di\u00ed za jak\u00fdsi n\u00e1vrh na\u0159\u00edzen\u00ed, t\u0159eba\u017ee nem\u00e1&#8230;<\/p>\n","protected":false},"author":2,"featured_media":60994,"comment_status":"closed","ping_status":"closed","sticky":false,"template":"","format":"standard","meta":[],"categories":[6],"tags":[41,229,1503,104],"_links":{"self":[{"href":"https:\/\/www.infokuryr.cz\/n\/wp-json\/wp\/v2\/posts\/60993"}],"collection":[{"href":"https:\/\/www.infokuryr.cz\/n\/wp-json\/wp\/v2\/posts"}],"about":[{"href":"https:\/\/www.infokuryr.cz\/n\/wp-json\/wp\/v2\/types\/post"}],"author":[{"embeddable":true,"href":"https:\/\/www.infokuryr.cz\/n\/wp-json\/wp\/v2\/users\/2"}],"replies":[{"embeddable":true,"href":"https:\/\/www.infokuryr.cz\/n\/wp-json\/wp\/v2\/comments?post=60993"}],"version-history":[{"count":0,"href":"https:\/\/www.infokuryr.cz\/n\/wp-json\/wp\/v2\/posts\/60993\/revisions"}],"wp:featuredmedia":[{"embeddable":true,"href":"https:\/\/www.infokuryr.cz\/n\/wp-json\/wp\/v2\/media\/60994"}],"wp:attachment":[{"href":"https:\/\/www.infokuryr.cz\/n\/wp-json\/wp\/v2\/media?parent=60993"}],"wp:term":[{"taxonomy":"category","embeddable":true,"href":"https:\/\/www.infokuryr.cz\/n\/wp-json\/wp\/v2\/categories?post=60993"},{"taxonomy":"post_tag","embeddable":true,"href":"https:\/\/www.infokuryr.cz\/n\/wp-json\/wp\/v2\/tags?post=60993"}],"curies":[{"name":"wp","href":"https:\/\/api.w.org\/{rel}","templated":true}]}}