{"id":60990,"date":"2024-08-29T00:42:02","date_gmt":"2024-08-28T22:42:02","guid":{"rendered":"https:\/\/www.infokuryr.cz\/n\/?p=60990"},"modified":"2024-08-28T12:41:33","modified_gmt":"2024-08-28T10:41:33","slug":"cesky-vyrobce-dronu-hlasi-rekordni-zisky","status":"publish","type":"post","link":"https:\/\/www.infokuryr.cz\/n\/2024\/08\/29\/cesky-vyrobce-dronu-hlasi-rekordni-zisky\/","title":{"rendered":"\u010cesk\u00fd v\u00fdrobce dron\u016f hl\u00e1s\u00ed rekordn\u00ed zisky"},"content":{"rendered":"<div id=\"fb-root\"><\/div>\n<h3 class=\"s-tagline fw-tagline\">Spole\u010dnost Primoco UAV SE, \u010desk\u00fd l\u00eddr ve v\u00fdrob\u011b vojensk\u00fdch dron\u016f, vyk\u00e1zala rekordn\u00ed pololetn\u00ed zisky ta\u017een\u00e9 rostouc\u00ed glob\u00e1ln\u00ed popt\u00e1vkou a rostouc\u00edmi rozpo\u010dty na obranu po cel\u00e9m sv\u011bt\u011b<\/h3>\n<div class=\"e-ct-outer\">\n<div class=\"entry-content rbct clearfix is-highlight-shares\">\n<p>Spole\u010dnost Primoco UAV SE, p\u0159edn\u00ed \u010desk\u00fd v\u00fdrobce vojensk\u00fdch\u00a0dron\u016f\u00a0, ozn\u00e1mila rekordn\u00ed pololetn\u00ed zisky ta\u017een\u00e9 rostouc\u00ed celosv\u011btovou popt\u00e1vkou a zv\u00fd\u0161en\u00fdmi v\u00fddaji na obranu. Spole\u010dnost se s\u00eddlem v Praze t\u011b\u017eila ze zv\u00fd\u0161en\u00fdch bezpe\u010dnostn\u00edch v\u00fddaj\u016f zp\u016fsoben\u00fdch ruskou invaz\u00ed na Ukrajinu, konflikty na Bl\u00edzk\u00e9m v\u00fdchod\u011b a rostouc\u00edm geopolitick\u00fdm nap\u011bt\u00edm po cel\u00e9m sv\u011bt\u011b.<\/p>\n<p>Spole\u010dnost Primoco, kter\u00e1 vstoupila na hlavn\u00ed pra\u017eskou burzu po\u010d\u00e1tkem tohoto roku, se specializuje na st\u0159edn\u011b velk\u00e9 bezpilotn\u00ed letouny (UAV) pou\u017e\u00edvan\u00e9 p\u0159edev\u0161\u00edm pro bojov\u00fd pr\u016fzkum a sledov\u00e1n\u00ed hranic.<\/p>\n<p>\u010cist\u00fd zisk za leden a\u017e \u010derven stoupl meziro\u010dn\u011b o 81 procent na 121 milion\u016f K\u010d (4,8 milionu eur), zat\u00edmco EBITDA vysko\u010dila o 128 procent na 157 milion\u016f K\u010d (6,3 milionu eur), uvedla spole\u010dnost. Spole\u010dnost o\u010dek\u00e1v\u00e1, \u017ee letos zajist\u00ed zak\u00e1zky na 60 bezpilotn\u00edch letoun\u016f v hodnot\u011b zhruba 1 miliardy K\u010d (40 milion\u016f eur), co\u017e je n\u00e1r\u016fst z 33 zak\u00e1zek v lo\u0148sk\u00e9m roce.<\/p>\n<p>Spole\u010dnost Primoco tak\u00e9 znovu potvrdila sv\u00e9 pl\u00e1ny na expanzi s investic\u00ed 750 milion\u016f K\u010d (30 milion\u016f EUR) do nov\u00e9ho z\u00e1vodu, jeho\u017e c\u00edlem je v\u00edce ne\u017e zdvojn\u00e1soben\u00ed v\u00fdrobn\u00ed kapacity do roku 2027. Pl\u00e1ny po\u010d\u00edtaj\u00ed s nov\u00fdm v\u00fdrobn\u00edm, servisn\u00edm a \u0161kolic\u00edm st\u0159ediskem v P\u00edsku v ji\u017en\u00edch \u010cech\u00e1ch. kde zakoupila 303 000 metr\u016f \u010dtvere\u010dn\u00edch pozemk\u016f za 125 milion\u016f K\u010d (5 milion\u016f eur) z vlastn\u00edch zdroj\u016f.<\/p>\n<p>V sou\u010dasn\u00e9 dob\u011b p\u0159ipravuje projektovou dokumentaci a dal\u0161\u00ed podklady pro \u017e\u00e1dost o stavebn\u00ed povolen\u00ed, do kter\u00fdch dosud investovala 6 milion\u016f K\u010d (240 000 \u20ac).<\/p>\n<p>Nov\u00e9 za\u0159\u00edzen\u00ed umo\u017en\u00ed zv\u00fd\u0161it produkci ze sou\u010dasn\u00fdch 100 dron\u016f ro\u010dn\u011b na 250. Stavba by m\u011bla b\u00fdt dokon\u010dena v roce 2027.<\/p>\n<p><img decoding=\"async\" loading=\"lazy\" class=\"alignnone size-full wp-image-1185\" src=\"http:\/\/www.infokuryr.cz\/n\/wp-content\/uploads\/2021\/04\/kuryr-podpis.png\" alt=\"\" width=\"84\" height=\"24\" \/><\/p>\n<p>&nbsp;<\/p>\n<\/div>\n<\/div>\n","protected":false},"excerpt":{"rendered":"<p>Spole\u010dnost Primoco UAV SE, \u010desk\u00fd l\u00eddr ve v\u00fdrob\u011b vojensk\u00fdch dron\u016f, vyk\u00e1zala rekordn\u00ed pololetn\u00ed zisky ta\u017een\u00e9&#8230;<\/p>\n","protected":false},"author":2,"featured_media":60991,"comment_status":"closed","ping_status":"closed","sticky":false,"template":"","format":"standard","meta":[],"categories":[6],"tags":[506,2856,7829],"_links":{"self":[{"href":"https:\/\/www.infokuryr.cz\/n\/wp-json\/wp\/v2\/posts\/60990"}],"collection":[{"href":"https:\/\/www.infokuryr.cz\/n\/wp-json\/wp\/v2\/posts"}],"about":[{"href":"https:\/\/www.infokuryr.cz\/n\/wp-json\/wp\/v2\/types\/post"}],"author":[{"embeddable":true,"href":"https:\/\/www.infokuryr.cz\/n\/wp-json\/wp\/v2\/users\/2"}],"replies":[{"embeddable":true,"href":"https:\/\/www.infokuryr.cz\/n\/wp-json\/wp\/v2\/comments?post=60990"}],"version-history":[{"count":1,"href":"https:\/\/www.infokuryr.cz\/n\/wp-json\/wp\/v2\/posts\/60990\/revisions"}],"predecessor-version":[{"id":60992,"href":"https:\/\/www.infokuryr.cz\/n\/wp-json\/wp\/v2\/posts\/60990\/revisions\/60992"}],"wp:featuredmedia":[{"embeddable":true,"href":"https:\/\/www.infokuryr.cz\/n\/wp-json\/wp\/v2\/media\/60991"}],"wp:attachment":[{"href":"https:\/\/www.infokuryr.cz\/n\/wp-json\/wp\/v2\/media?parent=60990"}],"wp:term":[{"taxonomy":"category","embeddable":true,"href":"https:\/\/www.infokuryr.cz\/n\/wp-json\/wp\/v2\/categories?post=60990"},{"taxonomy":"post_tag","embeddable":true,"href":"https:\/\/www.infokuryr.cz\/n\/wp-json\/wp\/v2\/tags?post=60990"}],"curies":[{"name":"wp","href":"https:\/\/api.w.org\/{rel}","templated":true}]}}