{"id":60988,"date":"2024-08-29T00:39:03","date_gmt":"2024-08-28T22:39:03","guid":{"rendered":"https:\/\/www.infokuryr.cz\/n\/?p=60988"},"modified":"2024-08-28T12:36:56","modified_gmt":"2024-08-28T10:36:56","slug":"jindrich-kulhavy-kampan-zacala","status":"publish","type":"post","link":"https:\/\/www.infokuryr.cz\/n\/2024\/08\/29\/jindrich-kulhavy-kampan-zacala\/","title":{"rendered":"Jind\u0159ich Kulhav\u00fd: Kampa\u0148 za\u010dala"},"content":{"rendered":"<div id=\"fb-root\"><\/div>\n<p><span class=\"anotation\">Bl\u00ed\u017e\u00ed se volby do Sen\u00e1tu a za\u010dala p\u0159edvolebn\u00ed kampa\u0148. Pozn\u00e1te to podle st\u00e1le \u010dast\u011bj\u0161\u00edho pran\u00ed \u0161pinav\u00e9ho pr\u00e1dla, a to jak na osobn\u00ed \u00farovni, tak i mezi politick\u00fdmi subjekty. Nepohodln\u00ed budou po\u0161pin\u011bni, nezku\u0161en\u00ed se shod\u00ed sami, velk\u00e9 strany vyu\u017eij\u00ed slu\u017eeb market\u00e9r\u016f a m\u00e9di\u00ed. A v\u00a0nastal\u00e9m chaosu prost\u00fd voli\u010d podlehne deziluzi a volby dopadnou tak, jak bylo nastaveno kdesi, odkud se vl\u00e1dne. Amen.<\/span><\/p>\n<div id=\"pagetext\">\n<p>\u00a0 Liber\u00e1lov\u00e9 v\u00a0r\u016fzn\u00e9m proveden\u00ed u\u017e d\u00e1vno obsadili Sen\u00e1t vyslovuj\u00edc\u00ed podporu vl\u00e1d\u011b i prezidentovi v\u00a0pod\u00e1n\u00ed gener\u00e1la Petra Pavla. S\u00a0Babi\u0161em by rozhodn\u011b tak nesouzn\u011bli, by\u0165 i ANO je p\u0159edstavitelem ta\u017een\u00ed liber\u00e1l\u016f Evropou \u010di cel\u00fdm Z\u00e1padem v\u010detn\u011b Austr\u00e1lie a Nov\u00e9ho Z\u00e9landu. Pr\u00e1v\u011b na kdysi tak obdivovan\u00e9 Austr\u00e1lii vid\u00edme, kam a\u017e to m\u016f\u017ee progresivn\u00ed liberalismus dot\u00e1hnout. U\u017e v\u00a0dob\u011b covidov\u00e9 pat\u0159ila k\u00a0v\u00fdsp\u011b omezov\u00e1n\u00ed ob\u010dansk\u00fdch svobod a pokra\u010duje v\u00a0tom i nad\u00e1le. Tamn\u00ed re\u017eim je represivn\u00ed a m\u016f\u017ee b\u00fdt odpudiv\u00fdm p\u0159edobrazem d\u011bn\u00ed v\u00a0Evrop\u011b. Nov\u011b tam zav\u00e1d\u00ed speci\u00e1ln\u00ed \u0159idi\u010dsk\u00e9 pr\u016fkazy na siln\u011bj\u0161\u00ed automobily, ale ,,novinek\u201c z\u00a0oblasti kontroly obyvatelstva maj\u00ed mnohem v\u00edce. A abychom byli v\u00edce sv\u011btov\u00ed, stejn\u00e9 je to v\u00a0Kanad\u011b.<\/p>\n<p>Evropsk\u00fd liberalismus nese tak\u00e9 sv\u00e9 plody. T\u00edm nejv\u00edce uzr\u00e1l\u00fdm jsou moment\u00e1ln\u011b no\u017ee v\u00a0ruk\u00e1ch ji\u017en\u011b vz\u0159ej\u00edc\u00edch mu\u017e\u016f. Leskl\u00fdch \u010depel\u00ed vz\u00e1p\u011bt\u00ed zkr\u00e1p\u011bn\u00fdch krv\u00ed domorod\u00fdch Evropan\u016f se vzduchem m\u00edh\u00e1 nezdrav\u011b mnoho a sta\u010d\u00ed si vyj\u00edt na proch\u00e1zku \u010di za z\u00e1bavou a nemus\u00edte u\u017e se nikdy vr\u00e1tit dom\u016f. Neochr\u00e1n\u00ed v\u00e1s ani ko\u010d\u00e1rek, kter\u00fd tla\u010d\u00edte. Besti\u00edm z\u00a0jihu a jihov\u00fdchodu p\u0159ijde vcelku z\u00e1bavn\u00e9, kdy\u017e z\u00a0v\u00e1s st\u0159\u00edk\u00e1 krev, je\u0161t\u011b se tomu zasm\u011bj\u00ed. P\u0159idejme liber\u00e1ly asi trp\u011bn\u00e9 zn\u00e1sil\u0148ov\u00e1n\u00ed d\u011bt\u00ed i dosp\u011bl\u00fdch \u017een, ostatn\u011b i p\u0159es v\u00fd\u0161e uveden\u00e9 nad\u00e1le migraci podporuj\u00ed a ze spole\u010dn\u00fdch pen\u011bz ji dotuj\u00ed. A\u0165 u\u017e ve f\u00e1zi p\u0159esunu velk\u00fdch skupin, nebo v\u00a0podob\u011b m\u011bs\u00ed\u010dn\u00edho vypl\u00e1cen\u00ed podpor t\u011bmto individu\u00edm. Ve\u00a0Velk\u00e9 Brit\u00e1nii u\u017e do\u0161lo na nepokoje a protesty Brit\u016f, vl\u00e1da v\u0161ak p\u0159\u00edsn\u011b postihuje akt\u00e9ry t\u011bchto akc\u00ed, a naopak zlo\u010dinc\u016fm a agresor\u016fm s\u00a0no\u017ei v\u00a0ruk\u00e1ch ustupuje. Mo\u017en\u00e1 je to t\u00edm, \u017ee b\u00edl\u00fdch je v\u00a0ulic\u00edch m\u00e9n\u011b, ne\u017e muslim\u016f a \u010dern\u00fdch.<\/p>\n<p>Ani na\u0161i soused\u00e9 Germ\u00e1ni se u\u017e d\u00e1vno nemohou c\u00edtit bezpe\u010dn\u011b a posledn\u00ed vra\u017edy a pokusy o dal\u0161\u00ed v\u00a0Solingenu, tedy m\u011bstu, odkud ty nejkvalitn\u011bj\u0161\u00ed no\u017ee poch\u00e1z\u00ed, jasn\u011b nazna\u010duj\u00ed, \u017ee to liber\u00e1lov\u00e9 s\u00a0tou liber\u00e1lnost\u00ed dost p\u0159ep\u00edsknuli. V\u00a0dob\u011b, kdy Brusel tla\u010d\u00ed na \u00fapln\u00e9 odzbrojen\u00ed civilist\u016f schopn\u00fdch \u00fadernost no\u017e\u016f p\u0159eb\u00edt leg\u00e1ln\u011b dr\u017eenou palnou zbran\u00ed uzp\u016fsobenou i k\u00a0ochran\u011b \u017een a d\u011bt\u00ed vystaven\u00fdch riziku napaden\u00ed a zn\u00e1siln\u011bn\u00ed tvory p\u0159ipom\u00ednaj\u00edc\u00edm \u010dlov\u011bka z\u00a0dob, kdy v\u00a0r\u00e1mci zachov\u00e1n\u00ed rodu byly \u017eeny un\u00e1\u0161eny od oh\u0148\u016f jin\u00e9ho kmene, se no\u017ee v\u00a0ruk\u00e1ch t\u011bchto staly skute\u010dn\u00fdm nebezpe\u010d\u00edm.<\/p>\n<p>Pro\u010d to p\u0159ipom\u00edn\u00e1me? P\u011btikoali\u010dn\u00ed vl\u00e1da se toti\u017e p\u0159idala k\u00a0t\u011bm, kte\u0159\u00ed podepsali migra\u010dn\u00ed pakt. Tuto skute\u010dnost pot\u00e9 V\u00edt Raku\u0161an zleh\u010doval a obhajoval, bohu\u017eel v\u00a0dob\u011b, kdy francouzsk\u00fd prezident Macron uji\u0161\u0165oval venkovany ve Francii t\u00edm, \u017ee p\u0159istoupen\u00edm k\u00a0migra\u010dn\u00edmu paktu sv\u00e9 zemi uleh\u010d\u00ed odes\u00edl\u00e1n\u00edm nep\u0159izp\u016fsobiv\u00fdch do V\u00fdchodn\u00ed Evropy. Tou je pro Frant\u00edky i \u010cesk\u00e1 republika nach\u00e1zej\u00edc\u00ed se ve st\u0159edu kontinentu. Jen pro zapamatov\u00e1n\u00ed, sou\u010d\u00e1st\u00ed P\u011btikoalice jsou ODS, STAN, KDU-\u010cSL, Top09 a Pir\u00e1ti. To abyste si p\u0159ipomn\u011bli, kdo ohro\u017euje na\u0161i bezpe\u010dnost, a to nejen nen\u00e1vist\u00ed k\u00a0Rusku. Tou se bohu\u017eel prezentuje i dal\u0161\u00ed liber\u00e1ln\u00ed a prounijn\u00ed strana ANO.<\/p>\n<p>Mo\u017en\u00e1 pova\u017eujete Sen\u00e1t za nepot\u0159ebn\u00fd, co\u017e re\u00e1ln\u011b plat\u00ed a jde o drah\u00fd \u0161p\u00e1s. Kdy\u017e u\u017e tu ale je a m\u016f\u017ee poslou\u017eit jako protiv\u00e1ha prezidenta \u010di Sn\u011bmovny, je zbyte\u010dn\u00e9, aby byl slo\u017een z\u00a0p\u0159itak\u00e1va\u010d\u016f. Moment\u00e1ln\u011b je je\u0161t\u011b v\u00edce zbyte\u010dn\u00fd, proto\u017ee\u00a0podstat\u011b kop\u00edruje slo\u017een\u00ed poslanc\u016f a v\u00a0podstat\u011b tak zaji\u0161\u0165uje a\u017e na v\u00fdjimky pln\u00e9 koryto dal\u0161\u00edm p\u0159\u00ed\u017eivn\u00edk\u016fm p\u0159is\u00e1t\u00fdm na syst\u00e9mu. Tak\u017ee se pt\u00e1me, nest\u00e1lo li by za to to zm\u011bnit? Poj\u010fme ho ud\u011blat mnohem barevn\u011bj\u0161\u00edm, z\u00e1bavn\u011bj\u0161\u00edm a p\u0159edev\u0161\u00edm v\u00edce vzdoruj\u00edc\u00edm liber\u00e1l\u016fm. Nechceme p\u0159eci dopadnout stejn\u011b, jako Z\u00e1padn\u00ed Evropa. To nehovo\u0159\u00edme do dal\u0161\u00edch pr\u016f\u0161viz\u00edch, nap\u0159\u00edklad v\u00a0oblasti ekonomiky, rozvoje spole\u010dnosti, zdravotnictv\u00ed \u010di \u0161kolstv\u00ed. Nezapome\u0148te tak\u00e9, kdo kooptoval inkvizitora Folt\u00fdna naz\u00fdvaj\u00edc\u00edho mo\u017en\u00e1 pr\u00e1v\u011b V\u00e1s, jako svini. D\u016fvod\u016f, pro\u010d nevolit liber\u00e1ly, u\u017e je v\u00fdrazn\u00e1 p\u0159evaha. Vlastn\u011b stoprocentn\u00ed.<\/p>\n<p><a href=\"https:\/\/www.inadhled.live\/uvaha-dne\/kampan-zacala\/\">Jind\u0159ich Kulhav\u00fd<\/a><\/p>\n<p><img decoding=\"async\" loading=\"lazy\" class=\"alignnone size-full wp-image-48136\" src=\"http:\/\/www.infokuryr.cz\/n\/wp-content\/uploads\/2024\/02\/kulhavy-jindrich.jpg\" alt=\"\" width=\"219\" height=\"221\" srcset=\"https:\/\/www.infokuryr.cz\/n\/wp-content\/uploads\/2024\/02\/kulhavy-jindrich.jpg 219w, https:\/\/www.infokuryr.cz\/n\/wp-content\/uploads\/2024\/02\/kulhavy-jindrich-150x150.jpg 150w\" sizes=\"(max-width: 219px) 100vw, 219px\" \/><\/p>\n<p>&nbsp;<\/p>\n<\/div>\n","protected":false},"excerpt":{"rendered":"<p>Bl\u00ed\u017e\u00ed se volby do Sen\u00e1tu a za\u010dala p\u0159edvolebn\u00ed kampa\u0148. Pozn\u00e1te to podle st\u00e1le \u010dast\u011bj\u0161\u00edho pran\u00ed&#8230;<\/p>\n","protected":false},"author":2,"featured_media":60989,"comment_status":"closed","ping_status":"closed","sticky":false,"template":"","format":"standard","meta":[],"categories":[6],"tags":[1503,164,27,4226],"_links":{"self":[{"href":"https:\/\/www.infokuryr.cz\/n\/wp-json\/wp\/v2\/posts\/60988"}],"collection":[{"href":"https:\/\/www.infokuryr.cz\/n\/wp-json\/wp\/v2\/posts"}],"about":[{"href":"https:\/\/www.infokuryr.cz\/n\/wp-json\/wp\/v2\/types\/post"}],"author":[{"embeddable":true,"href":"https:\/\/www.infokuryr.cz\/n\/wp-json\/wp\/v2\/users\/2"}],"replies":[{"embeddable":true,"href":"https:\/\/www.infokuryr.cz\/n\/wp-json\/wp\/v2\/comments?post=60988"}],"version-history":[{"count":0,"href":"https:\/\/www.infokuryr.cz\/n\/wp-json\/wp\/v2\/posts\/60988\/revisions"}],"wp:featuredmedia":[{"embeddable":true,"href":"https:\/\/www.infokuryr.cz\/n\/wp-json\/wp\/v2\/media\/60989"}],"wp:attachment":[{"href":"https:\/\/www.infokuryr.cz\/n\/wp-json\/wp\/v2\/media?parent=60988"}],"wp:term":[{"taxonomy":"category","embeddable":true,"href":"https:\/\/www.infokuryr.cz\/n\/wp-json\/wp\/v2\/categories?post=60988"},{"taxonomy":"post_tag","embeddable":true,"href":"https:\/\/www.infokuryr.cz\/n\/wp-json\/wp\/v2\/tags?post=60988"}],"curies":[{"name":"wp","href":"https:\/\/api.w.org\/{rel}","templated":true}]}}