{"id":60984,"date":"2024-08-29T00:33:02","date_gmt":"2024-08-28T22:33:02","guid":{"rendered":"https:\/\/www.infokuryr.cz\/n\/?p=60984"},"modified":"2024-08-28T12:29:54","modified_gmt":"2024-08-28T10:29:54","slug":"erik-best-energeticka-zavislost-na-nemecku","status":"publish","type":"post","link":"https:\/\/www.infokuryr.cz\/n\/2024\/08\/29\/erik-best-energeticka-zavislost-na-nemecku\/","title":{"rendered":"Erik Best: Energetick\u00e1 z\u00e1vislost na N\u011bmecku"},"content":{"rendered":"<div id=\"fb-root\"><\/div>\n<p>P\u0159edseda p\u0159edstavenstva \u0160kody Auto Klaus Zellmer v\u00a0rozhovoru pro\u00a0<a href=\"https:\/\/www.lidovky.cz\/domov\/skoda-auto-sef-klaus-zellmer-cena-elektromobil.A240823_214750_ln_domov_lvot\" target=\"_blank\" rel=\"noopener\">Lidov\u00e9 noviny<\/a>\u00a0uvedl, \u017ee pro budouc\u00ed prodej elektromobil\u016f v\u00a0\u010cesk\u00e9 republice budou nejd\u016fle\u017eit\u011bj\u0161\u00ed ceny energi\u00ed. Co p\u0159esn\u011b m\u011bl na mysli, nen\u00ed jasn\u00e9 a\u00a0Lidovky se ho na to neptaly, ale mo\u017en\u00e1 t\u00edm cht\u011bl \u0159\u00edci, \u017ee prodej elektrick\u00fdch voz\u016f v\u00a0\u010cesku bude z\u00e1viset na relativn\u00edch cen\u00e1ch elekt\u0159iny na jedn\u00e9 stran\u011b a\u00a0benzinu, nafty a\u00a0syntetick\u00fdch paliv na stran\u011b druh\u00e9.<\/p>\n<p><a href=\"https:\/\/vlada.gov.cz\/cz\/clenove-vlady\/premier\/projevy\/projev-premiera-petra-fialy-na-porade-ceskych-velvyslancu-215018\/\" target=\"_blank\" rel=\"noopener\">Premi\u00e9r Petr Fiala<\/a>\u00a0v\u00a0pond\u011bln\u00edm projevu na porad\u011b \u010desk\u00fdch velvyslanc\u016f v\u00a0Praze zd\u016fraznil, \u017ee jeho vl\u00e1da b\u011bhem kr\u00e1tk\u00e9 doby dok\u00e1zala zcela p\u0159enastavit energetick\u00e9 toky (zemn\u00edho plynu a\u00a0ropy) a\u00a0po letech si op\u011bt zajistila \u201eenergetickou nez\u00e1vislost\u201c. Ve skute\u010dnosti \u010cesk\u00e1 republika pouze vym\u011b\u0148uje z\u00e1vislost na Rusku za z\u00e1vislost na jin\u00fdch, ani\u017e by se celkov\u00e1 m\u00edra z\u00e1vislosti sn\u00ed\u017eila.<\/p>\n<p><a href=\"https:\/\/www.ceskenoviny.cz\/zpravy\/cesko-podle-fialy-potrebuje-garance-pro-pripad-embarga-na-ruskou-ropu\/2202195\" target=\"_blank\" rel=\"noopener\">Fiala<\/a>\u00a0i\u00a0zvl\u00e1\u0161tn\u00ed\u00a0<a href=\"https:\/\/cnn.iprima.cz\/cesko-je-na-konci-roury-ropovodu-vlada-by-mela-jednat-rikaji-experti-107486\" target=\"_blank\" rel=\"noopener\">zmocn\u011bnec pro energetickou bezpe\u010dnost V\u00e1clav Bartu\u0161ka<\/a>\u00a0p\u0159ed dv\u011bma lety zd\u016fraz\u0148ovali, \u017ee \u010cesk\u00e1 republika bude vzhledem ke sv\u00e9 poloze v\u017edy pot\u0159ebovat pomoc ostatn\u00edch evropsk\u00fdch zem\u00ed, proto\u017ee je na konci tras produktovod\u016f. V\u00a0kombinaci s\u00a0t\u00edm, co \u0159ekl Zellmer, to m\u016f\u017ee znamenat, \u017ee budouc\u00ed prodej elektromobil\u016f v\u00a0\u010cesku bude do jist\u00e9 m\u00edry z\u00e1viset na tom, kolik fosiln\u00edch paliv bude N\u011bmecko schopno a\u00a0ochotno dod\u00e1vat \u010desk\u00fdm spot\u0159ebitel\u016fm.<\/p>\n<p><a href=\"https:\/\/www.fsfinalword.cz\/?page=archive&amp;day=2024-08-28&amp;utm_source=utm_source%3Dnewsletter&amp;utm_medium=utm_medum%3De-mail&amp;utm_campaign=utm_campaign%3Dfinal_word_28.8.2024\">Erik Best<\/a><\/p>\n<p><img decoding=\"async\" loading=\"lazy\" class=\"alignnone  wp-image-1179\" src=\"http:\/\/www.infokuryr.cz\/n\/wp-content\/uploads\/2021\/04\/erik-best.jpg\" alt=\"\" width=\"148\" height=\"167\" \/><\/p>\n<p>&nbsp;<\/p>\n","protected":false},"excerpt":{"rendered":"<p>P\u0159edseda p\u0159edstavenstva \u0160kody Auto Klaus Zellmer v\u00a0rozhovoru pro\u00a0Lidov\u00e9 noviny\u00a0uvedl, \u017ee pro budouc\u00ed prodej elektromobil\u016f v\u00a0\u010cesk\u00e9&#8230;<\/p>\n","protected":false},"author":2,"featured_media":41314,"comment_status":"closed","ping_status":"closed","sticky":false,"template":"","format":"standard","meta":[],"categories":[6],"tags":[1299,285,1497,1503,84],"_links":{"self":[{"href":"https:\/\/www.infokuryr.cz\/n\/wp-json\/wp\/v2\/posts\/60984"}],"collection":[{"href":"https:\/\/www.infokuryr.cz\/n\/wp-json\/wp\/v2\/posts"}],"about":[{"href":"https:\/\/www.infokuryr.cz\/n\/wp-json\/wp\/v2\/types\/post"}],"author":[{"embeddable":true,"href":"https:\/\/www.infokuryr.cz\/n\/wp-json\/wp\/v2\/users\/2"}],"replies":[{"embeddable":true,"href":"https:\/\/www.infokuryr.cz\/n\/wp-json\/wp\/v2\/comments?post=60984"}],"version-history":[{"count":0,"href":"https:\/\/www.infokuryr.cz\/n\/wp-json\/wp\/v2\/posts\/60984\/revisions"}],"wp:featuredmedia":[{"embeddable":true,"href":"https:\/\/www.infokuryr.cz\/n\/wp-json\/wp\/v2\/media\/41314"}],"wp:attachment":[{"href":"https:\/\/www.infokuryr.cz\/n\/wp-json\/wp\/v2\/media?parent=60984"}],"wp:term":[{"taxonomy":"category","embeddable":true,"href":"https:\/\/www.infokuryr.cz\/n\/wp-json\/wp\/v2\/categories?post=60984"},{"taxonomy":"post_tag","embeddable":true,"href":"https:\/\/www.infokuryr.cz\/n\/wp-json\/wp\/v2\/tags?post=60984"}],"curies":[{"name":"wp","href":"https:\/\/api.w.org\/{rel}","templated":true}]}}