{"id":60952,"date":"2024-08-28T07:59:15","date_gmt":"2024-08-28T05:59:15","guid":{"rendered":"https:\/\/www.infokuryr.cz\/n\/?p=60952"},"modified":"2024-08-28T07:59:15","modified_gmt":"2024-08-28T05:59:15","slug":"michael-svatos-souboj-generala-petra-pavla-s-generalem-cong-unem-a-jeho-sokujici-vysledky","status":"publish","type":"post","link":"https:\/\/www.infokuryr.cz\/n\/2024\/08\/28\/michael-svatos-souboj-generala-petra-pavla-s-generalem-cong-unem-a-jeho-sokujici-vysledky\/","title":{"rendered":"Michael Svato\u0161: Souboj gener\u00e1la Petra Pavla s gener\u00e1lem \u010cong-unem a jeho \u0161okuj\u00edc\u00ed v\u00fdsledky!"},"content":{"rendered":"<div id=\"fb-root\"><\/div>\n<p><span style=\"font-size: 14pt;\"><strong>Souboj gener\u00e1la Petra Pavla s gener\u00e1lem \u010cong-unem a jeho \u0161okuj\u00edc\u00ed v\u00fdsledky! Ukrajinsk\u00e9 ztr\u00e1ty v posledn\u00edch dnech dramaticky rostou a mor\u00e1lka prudce pad\u00e1! Gener\u00e1l Mordvi\u010dev dobyl za pouh\u00e9 4 dny velk\u00e9 Ukrajinsk\u00e9 m\u011bsto!<\/strong><\/span><\/p>\n<h3><span style=\"font-size: 18pt;\">(1) Muni\u010dn\u00ed souboj gener\u00e1l Petr Pavel kontra gener\u00e1l Kim \u010cong-un m\u00e1 nejen jasn\u00e9ho v\u00edt\u011bze, ale i \u0161okuj\u00edc\u00ed d\u016fsledky<\/span><\/h3>\n<p><a href=\"https:\/\/cs.wikipedia.org\/wiki\/Kim_%C4%8Cong-un\">Kim \u010cong-un<\/a>\u00a0se narodil p\u0159ibli\u017en\u011b v dob\u011b, kdy se dne\u0161n\u00ed \u010desk\u00fd prezident Pavel cvi\u010dil na funkci profesion\u00e1ln\u00edho komunistick\u00e9ho \u0161piona v Z\u00e1padn\u00ed Evrop\u011b a na rozd\u00edl od sv\u00e9ho \u010desk\u00e9ho soupe\u0159e je pova\u017eov\u00e1n za \u201cpom\u011brn\u011b chytr\u00e9ho\u201d. Studoval pod skrytou identitou na kapitalistick\u00fdch \u0161v\u00fdcarsk\u00fdch \u0161kol\u00e1ch a hovo\u0159\u00ed pr\u00fd n\u011bmecky, anglicky a francouzsky. Jeliko\u017e byl v po\u0159ad\u00ed a\u017e t\u0159et\u00edm nejstar\u0161\u00edm synem p\u0159edchoz\u00edho nejvy\u0161\u0161\u00edho v\u016fdce Kim \u010cong-ila, s dosazen\u00edm do nejvy\u0161\u0161\u00ed funkce se s n\u00edm p\u0159\u00edli\u0161 nepo\u010d\u00edtalo. Jakmile ov\u0161em funkci z\u00edskal, (2011), ihned zah\u00e1jil sv\u00e9 pov\u011bstn\u00e9 inspekce severokorejsk\u00fdch komunistick\u00fdch zbrojovek a nechal zmnohon\u00e1sobit jejich produkci, aby si na svou stranu z\u00edskal arm\u00e1dn\u00ed bosse. Jeho tehdej\u0161\u00ed kroky se nyn\u00ed uk\u00e1zaly jako rozhoduj\u00edc\u00ed pro v\u00fdsledek muni\u010dn\u00edho souboje s gener\u00e1lem Pavlem.<\/p>\n<p>Jak v\u010dera<a href=\"https:\/\/en.yna.co.kr\/view\/AEN20240827008600315?input=tw\">\u00a027. srpna ozn\u00e1mila<\/a>\u00a0jihokorejsk\u00e1 hlavn\u00ed tiskov\u00e1 agentura\u00a0<a href=\"https:\/\/en.wikipedia.org\/wiki\/Yonhap_News_Agency\">Yonhap<\/a>, Kim \u010cong-un u\u017e dodal rusk\u00e9mu Gosudarovi Putinovi celkem 6 milion\u016f gran\u00e1t\u016f 152mm, kde\u017eto Petr Pavel,\u00a0<a href=\"https:\/\/www.irozhlas.cz\/zpravy-svet\/ukrajina-valka-rusko-pomoc-ukrajine-dodavky-munice-cesko_2408261102_har\">jak p\u0159iznal 26. srpna Petr Fiala<\/a>, jen 2 miliony gran\u00e1t\u016f 152\/155mm. Tristn\u00ed v\u00fdsledek Pavlova sna\u017een\u00ed je o to hor\u0161\u00ed, \u017ee v\u011bt\u0161inu munice deklarovan\u00e9 Fialou za u\u017e dodanou Ukrajin\u011b, tvo\u0159\u00ed vlastn\u011b dod\u00e1vky ze sklad\u016f nejvy\u0161\u0161\u00ed \u010desk\u00e9 v\u00e1le\u010dnice madam \u010cernochov\u00e9, a ty byly na Ukrajinu odvezeny je\u0161t\u011b d\u0159\u00edv, ne\u017e gener\u00e1l Pavel svoji iniciativu z\u00e1sobit kyjevskou Soldatesku velkor\u00e1\u017en\u00ed munic\u00ed v\u016fbec vyhl\u00e1sil.<\/p>\n<p>Ani dal\u0161\u00ed v\u00fdsledky sou\u010dasn\u00e9ho souboje obou komunistick\u00fdch nad\u011bj\u00ed z konce minul\u00e9ho stolet\u00ed nedopadly v Pavl\u016fv prosp\u011bch. Gosudar Putin je pr\u00fd s dod\u00e1vkami munice severokorejsk\u00e9 nad\u011bje Kim \u010cong-una spokojen, jak po str\u00e1nce rychlosti dod\u00e1vek, tak mno\u017estv\u00ed, i\u00a0 kone\u010dn\u00e9 ceny. Ur\u010dit\u00e9 probl\u00e9my se pr\u00fd vyskytly pouze v kvalit\u011b pon\u011bkud ni\u017e\u0161\u00ed ne\u017e podle rusk\u00fdch zvyklost\u00ed o\u010dek\u00e1van\u00e9. Co se t\u00fd\u010de b\u00fdval\u00e9 nad\u011bje Pavla, kter\u00fd ov\u0161em nyn\u00ed pracuje pro z fa\u0161ismu Rusy obvi\u0148ovan\u00e9 kyjevsk\u00e9 Sold\u00e1ty, objevily se na v\u00fdsledky jeho pr\u00e1ce zna\u010dn\u00e9 st\u00ed\u017enosti, nejen co do dan\u00e9ho mno\u017estv\u00ed. Frontov\u00ed sold\u00e1ti si st\u011b\u017eovali, \u017ee<a href=\"https:\/\/www.michalapetr.com\/mip-62-pouze-75-ceske-munice-dodane-ukrajine-neni-vadne-ceske-tanky-padly-do-rukou-rusu-ukrajinsky-masakr-ruskou-motorovou-pilou-nabral-obratky\/\">\u00a0velk\u00e1 \u010d\u00e1st \u010desk\u00fdch gran\u00e1t\u016f je vadn\u00e1<\/a>.\u00a0<a href=\"https:\/\/www.handelsblatt.com\/politik\/deutschland\/ukraine-krieg-laesst-sich-deutschland-beim-kauf-von-granaten-fuer-die-ukraine-abzocken\/100062188.html\">N\u011bmci 26. srpna vytroubili<\/a>, \u017ee Pavlovi muni\u010dn\u00ed dodavatel\u00e9 je prachsprost\u011b okr\u00e1daj\u00ed a \u00fa\u010dtuj\u00ed si p\u0159ekupnickou mar\u017ei 22.5%, a\u00a0<a href=\"https:\/\/www.irozhlas.cz\/zpravy-svet\/ceska-firma-nadsazovala-cenu-naboju-pro-ukrajinu-tvrdi-nemecky-denik-preprodala_2408271924_akp\">hrabou do sv\u00e9 soukrom\u00e9 kapsy p\u011bkn\u00e9 miliardy<\/a>. A v\u00fdsledn\u00fd po\u010det Ukrajin\u011b dodan\u00fdch gran\u00e1t\u016f tajn\u011b p\u0159ekoupen\u00fdch z cel\u00e9ho Z\u00e1padu a od jeho spojenc\u016f po cel\u00e9m sv\u011bt\u011b, nedosahuje ani p\u0159i zapo\u010dten\u00ed dod\u00e1vek \u010cernochov\u00e9 v\u00edce jak 33% objemu dod\u00e1vek Kim \u010cong-una. Vysm\u00edvan\u00e1 mal\u00e1 Severn\u00ed Korea tak zat\u00edm v muni\u010dn\u00edm souboji deklasovala cel\u00fd nabub\u0159el\u00fd Z\u00e1pad. A op\u011bt se tak zd\u00e1, \u017ee ur\u010dit\u00fdm politik\u016fm i obchodn\u00edk\u016fm na Z\u00e1pad\u011b jde p\u0159i jejich nyn\u011bj\u0161\u00ed podpo\u0159e Ukrajiny ve v\u00e1lce s Ruskem p\u0159edev\u0161\u00edm o jejich soukrom\u00fd zisk!<\/p>\n<p>V\u00fdsledky jednozna\u010dn\u00e9 p\u0159evahy severokorejsk\u00fdch dod\u00e1vek munice nad dod\u00e1vkami z cel\u00e9ho Z\u00e1padu se u\u017e na boji\u0161ti projevuj\u00ed pro Zelensk\u00e9ho zlov\u011bstn\u00fdm zp\u016fsobem. V\u010dera 27. srpna bylo\u00a0<a href=\"https:\/\/t.me\/swodki\/414745\">z\u00e1padn\u00edmi analytiky ozn\u00e1meno<\/a>, a rusk\u00fdmi videi dolo\u017eeno, \u017ee \u010deln\u00ed jednotky rusk\u00e9 opera\u010dn\u00ed skupiny St\u0159ed gener\u00e1la Mordvi\u010deva, kter\u00e9 u\u017e n\u011bkolik m\u011bs\u00edc\u016f nezadr\u017eiteln\u011b postupuj\u00ed z Don\u011bcka ke Dn\u011bpru, za pouh\u00e9 4 dny boj\u016f, beze ztr\u00e1ty jedin\u00e9ho sv\u00e9ho obrn\u011bn\u00e9ho vozidla, vy\u010distily od Ukrajinc\u016f cel\u00e9 15-ti tis\u00edcov\u00e9 m\u011bsto\u00a0<a href=\"https:\/\/ru.wikipedia.org\/wiki\/%D0%9D%D0%BE%D0%B2%D0%BE%D0%B3%D1%80%D0%BE%D0%B4%D0%BE%D0%B2%D0%BA%D0%B0\">\u041d\u043e\u0432\u043e\u0433\u0440\u043e\u0434\u043e\u0432\u043aa<\/a>. A m\u011bsto dokonce ani nebylo v\u00fdrazn\u011b po\u0161kozeno boji, a velk\u00e1 v\u011bt\u0161ina dom\u016f stoj\u00ed! Ukrajinci pr\u00fd dezorganizovan\u011b prchli. (<a href=\"https:\/\/t.me\/swodki\/414747\">Video zde<\/a>,\u00a0tank na n\u011bm zni\u010den\u00fd je ukrajinsk\u00fd.) T\u011bsn\u011b vedle m\u011bsta Novgorodovka je 24 tis\u00edcov\u00e9 m\u011bsto\u00a0<span class=\"mw-page-title-main\">\u0421\u0435\u043b\u0438\u0434\u043e\u0432\u043e. Pokud ho gener\u00e1l Mordvi\u010dev p\u0159\u00ed\u0161t\u00ed t\u00fdden obsad\u00ed podobn\u00fdm tempem a skoro nezni\u010den\u00e9, bude p\u0159edpoklad, \u017ee i kl\u00ed\u010dov\u00e1 100 tis\u00edcov\u00e1 aglomerace Pokrovsk, od n\u00ed\u017e jsou \u010deln\u00ed Mordvi\u010devovy kolony vzd\u00e1len\u00e9 u\u017e jen 6 km, bude dobyta je\u0161t\u011b p\u0159ed za\u010d\u00e1tkem podzimn\u00ed rasputici, kdy se v otev\u0159en\u00e9m ter\u00e9nu ned\u00e1 bojovat. <\/span><\/p>\n<p><span class=\"mw-page-title-main\">Dobyt\u00ed tak\u0159ka neporu\u0161en\u00e9ho m\u011bsta\u00a0<a href=\"https:\/\/ru.wikipedia.org\/wiki\/%D0%9D%D0%BE%D0%B2%D0%BE%D0%B3%D1%80%D0%BE%D0%B4%D0%BE%D0%B2%D0%BA%D0%B0\">\u041d\u043e\u0432\u043e\u0433\u0440\u043e\u0434\u043e\u0432\u043aa<\/a><\/span>\u00a0m\u00e1 pro ruskou arm\u00e1dn\u00ed logistiku mimo\u0159\u00e1dn\u00fd v\u00fdznam. Proto\u017ee dne\u0161n\u00ed boji\u0161t\u011b je pokryt\u00e9 drony, m\u00e1 na n\u011bm v\u00fdhodu ta strana, kter\u00e1 m\u00e1 na sv\u00e9 stran\u011b fronty v\u011bt\u0161\u00ed neporu\u0161en\u00e9 celky pevn\u011bj\u0161\u00edch budov, ve kter\u00fdch se daj\u00ed rozpt\u00fdlen\u011b ukr\u00fdvat z\u00e1lohy, o\u0161et\u0159ovny, j\u00eddelny, opravny, a sklady. \u010c\u00edm v\u011bt\u0161\u00ed a neporu\u0161en\u011bj\u0161\u00ed je takov\u00fdto prostor, a \u010d\u00edm je bl\u00ed\u017ee front\u011b, t\u00edm l\u00e9pe. P\u0159i\u010dem\u017e plat\u00ed, \u017ee kdo nem\u00e1 velkor\u00e1\u017enou munici a d\u011bla v dostate\u010dn\u00e9m mno\u017estv\u00ed, stejn\u011b jako letadla a klouzav\u00e9 bomby, nen\u00ed schopen protivn\u00edkovi tento prostor zni\u010dit. Ukrajinci tak v\u010dera ud\u011blali osudovou chybu, \u017ee\u00a0<span class=\"mw-page-title-main\"><a href=\"https:\/\/ru.wikipedia.org\/wiki\/%D0%9D%D0%BE%D0%B2%D0%BE%D0%B3%D1%80%D0%BE%D0%B4%D0%BE%D0%B2%D0%BA%D0%B0\">\u041d\u043e\u0432\u043e\u0433\u0440\u043e\u0434\u043e\u0432\u043ay<\/a><\/span>\u00a0nechali padnout Rus\u016fm do rukou nezni\u010denou. Mordvi\u010dev tak m\u00e1 p\u0159ed boji o\u00a0<a href=\"https:\/\/ru.wikipedia.org\/wiki\/%D0%A1%D0%B5%D0%BB%D0%B8%D0%B4%D0%BE%D0%B2%D0%BE\">Selidovo<\/a>\u00a0a\u00a0<a href=\"https:\/\/ru.wikipedia.org\/wiki\/%D0%9F%D0%BE%D0%BA%D1%80%D0%BE%D0%B2%D1%81%D0%BA_(%D0%A3%D0%BA%D1%80%D0%B0%D0%B8%D0%BD%D0%B0)\">Pokrovsk<\/a>\u00a0k dispozici funk\u010dn\u00ed arm\u00e1dn\u00ed logistickou z\u00e1kladnu p\u00e1r kilometr\u016f od boji\u0161t\u011b a jeho \u010deln\u00ed jednotky u\u017e nebudou muset b\u00fdt z\u00e1sobov\u00e1ny a\u017e ze 40 km vzd\u00e1len\u00fdch z\u00e1kladen v Don\u011bcku, (v\u0161e mezi je zni\u010deno).<\/p>\n<div id=\"attachment_12755\" class=\"wp-caption aligncenter\" style=\"width: 962px;\"><img decoding=\"async\" loading=\"lazy\" class=\" wp-image-12755\" src=\"https:\/\/www.michalapetr.com\/wp-content\/uploads\/2024\/08\/photo_2024-08-28_04-16-55.png\" sizes=\"(max-width: 2560px) 100vw, 2560px\" srcset=\"https:\/\/www.michalapetr.com\/wp-content\/uploads\/2024\/08\/photo_2024-08-28_04-16-55.png 2560w, https:\/\/www.michalapetr.com\/wp-content\/uploads\/2024\/08\/photo_2024-08-28_04-16-55-300x213.png 300w, https:\/\/www.michalapetr.com\/wp-content\/uploads\/2024\/08\/photo_2024-08-28_04-16-55-1030x732.png 1030w, https:\/\/www.michalapetr.com\/wp-content\/uploads\/2024\/08\/photo_2024-08-28_04-16-55-768x546.png 768w, https:\/\/www.michalapetr.com\/wp-content\/uploads\/2024\/08\/photo_2024-08-28_04-16-55-1536x1091.png 1536w, https:\/\/www.michalapetr.com\/wp-content\/uploads\/2024\/08\/photo_2024-08-28_04-16-55-2048x1455.png 2048w, https:\/\/www.michalapetr.com\/wp-content\/uploads\/2024\/08\/photo_2024-08-28_04-16-55-1500x1066.png 1500w, https:\/\/www.michalapetr.com\/wp-content\/uploads\/2024\/08\/photo_2024-08-28_04-16-55-260x185.png 260w, https:\/\/www.michalapetr.com\/wp-content\/uploads\/2024\/08\/photo_2024-08-28_04-16-55-705x501.png 705w, https:\/\/www.michalapetr.com\/wp-content\/uploads\/2024\/08\/photo_2024-08-28_04-16-55-450x320.png 450w\" alt=\"\" width=\"962\" height=\"684\" aria-describedby=\"caption-attachment-12755\" \/><\/p>\n<p id=\"caption-attachment-12755\" class=\"wp-caption-text\">Mapa rusk\u00e9 logistiky na hlavn\u00edm boji\u0161ti na Ukrajin\u011b: \u017dlut\u00e9 kole\u010dko se \u0161ipkami = tak\u0159ka neporu\u0161en\u00e9 15ti tis\u00edcov\u00e9 m\u011bsto\u00a0<a href=\"https:\/\/ru.wikipedia.org\/wiki\/%D0%9D%D0%BE%D0%B2%D0%BE%D0%B3%D1%80%D0%BE%D0%B4%D0%BE%D0%B2%D0%BA%D0%B0\">\u041d\u043e\u0432\u043e\u0433\u0440\u043e\u0434\u043e\u0432\u043aa<\/a>, ze kter\u00e9ho v\u010dera Ukrajinci bez boje prchli, a v\u011bnovali tak Rus\u016fm skv\u011blou a nezni\u010denou t\u00fdlovou z\u00e1kladnu.\u00a0 \u0160ipky ukazuj\u00ed rusk\u00e9 hlavn\u00ed komunikace do 35 km vzd\u00e1len\u00e9ho Don\u011bcku. Ji\u017en\u00ed komunikaci bude t\u0159eba je\u0161t\u011b na p\u00e1r kilometrech do\u010distit. \u017dlut\u00e9 kole\u010dko bez \u0161ipek = 24 tis\u00edcov\u00e9 m\u011bsto Selidovo. Pokud ho Ukrajinci vydaj\u00ed Rus\u016fm do rukou stejn\u011b rychle a stejn\u011b neporu\u0161en\u00e9, jako Novgorodovku, bude obrana 100 tis\u00edcov\u00e9 aglomerace Pokrovsk = oran\u017eov\u00e9 kole\u010dko = velmi obt\u00ed\u017en\u00e1. Hlavn\u00edm d\u016fvodem \u00faprku Ukrajinc\u016f byl nedostatek munice, zbran\u00ed a mu\u017estva, a n\u00edzk\u00e1 bojov\u00e1 mor\u00e1lka n\u00e1sil\u00edm mobilizovan\u00fdch sold\u00e1t\u016f.<\/p>\n<\/div>\n<h3><span style=\"font-size: 18pt;\">(2) Ztr\u00e1ty Ukrajinc\u016f rostou z\u00e1vratn\u00fdm tempem.\u00a0 T\u00fddenn\u00ed \u00fahrny ztr\u00e1t se v d\u016fsledku v\u00fdpravy na Kursk zvedly o dal\u0161\u00edch 15%<\/span><\/h3>\n<p>N\u00edzk\u00e1 mor\u00e1lka ukrajinsk\u00fdch sold\u00e1t\u016f se projevuje u\u017e i na banderovsk\u00e9 Volyni. Ve m\u011bst\u011b Luck, (250 tis\u00edc\u00ed obyvatel), v noci na v\u010derej\u0161ek do\u0161lo k p\u0159ekvapiv\u00e9mu \u00fatoku na m\u00edstn\u00ed mobiliza\u010dn\u00ed komisari\u00e1t.\u00a0<a href=\"https:\/\/www.volyn24.com\/news\/221937-u-lucku-cholovik-obstriliav-vijskovyh-bilia-miskogo-tck-ie-poraneni\">Nezn\u00e1m\u00e9 osoby na budovu a jej\u00ed vojenskou str\u00e1\u017e zah\u00e1jili palbu z automatick\u00fdch zbran\u00ed<\/a>.\u00a0Do\u0161lo k p\u0159est\u0159elce a p\u0159i n\u00ed byl nejm\u00e9n\u011b jeden voj\u00e1k zran\u011bn a musel b\u00fdt odvezen do nemocnice. \u00datok na komisari\u00e1t v Lucku n\u00e1sledoval pouh\u00e9 t\u0159i t\u00fddny po srocen\u00ed dav\u016f mlad\u00fdch Voly\u0148an\u016f, kte\u0159\u00ed v noci na 4. srpna\u00a0<a href=\"https:\/\/www.michalapetr.com\/map-2056-iii-dil-rusti-generalove-kuzovlev-sancik-a-teplinskij-a-jejich-charakteristiky-a-nejnovejsi-prekvapive-novinky-z-ukrajiny\/\">oblehli komisari\u00e1t v Kovelu<\/a>,\u00a0(75 000 obyvatel), a vynutili si propu\u0161t\u011bn\u00ed v\u0161ech ten den n\u00e1sil\u00edm zmobilizovan\u00fdch vrstevn\u00edk\u016f. V Lucku se z\u0159ejm\u011b u\u017e formuje proti kyjevsk\u00e9 politice n\u00e1siln\u00fdch odvod\u016f a nemilosrdn\u00e9ho drancov\u00e1n\u00ed v\u0161ech oby\u010dejn\u00fdch mu\u017e\u016f mimo metropoli siln\u00e1 politick\u00e1 opozice, a m\u00edstn\u00ed politici otev\u0159en\u011b hovo\u0159\u00ed, \u017ee bude ukon\u010dena ve\u0159ejn\u00e1 m\u011bstsk\u00e1 doprava, proto\u017ee\u00a0<a href=\"https:\/\/www.volyn24.com\/news\/221938-u-lucku-katastrofichno-brakuie-vodiiv-gromadskogo-transportu-u-chomu-prychyna\">Zelenskyj jim neust\u00e1le loup\u00ed ka\u017ed\u00e9ho \u0159idi\u010de<\/a>,\u00a0kter\u00e9ho z\u00edskaj\u00ed. Ztr\u00e1ty na Volyni rostou ka\u017ed\u00fdm dnem od ni\u017e\u0161\u00ed des\u00edtku padl\u00fdch, zejm\u00e9na v d\u016fsledku v\u00fdpravy na Kursk.<\/p>\n<p>V\u00fd\u0161i ukrajinsk\u00fdch padl\u00fdch, kterou jsme v minulosti statisticky propo\u010d\u00edt\u00e1vali z \u00fadaj\u016f o vojensk\u00fdch poh\u0159bech v ukrajinsk\u00fdch guberni\u00edch Poltava a Voly\u0148, je nutn\u00e9 opravit sm\u011brem nahoru o 25%. Podle nejnov\u011bj\u0161\u00edch dat, kter\u00e9\u00a0<a href=\"https:\/\/gk-press.if.ua\/na-vijni-zagynuly-537-vijskovosluzhbovtsiv-z-ivano-frankivskoyi-gromady\/\">zve\u0159ejnil Ruslan Martsinkiv<\/a>, starosta velk\u00e9ho m\u011bsta\u00a0<a href=\"https:\/\/uk.wikipedia.org\/wiki\/%D0%86%D0%B2%D0%B0%D0%BD%D0%BE-%D0%A4%D1%80%D0%B0%D0%BD%D0%BA%D1%96%D0%B2%D1%81%D1%8C%D0%BA\">Ivano-Frankivsk<\/a>\u00a0 (238 196 obyvatel) na z\u00e1padn\u00ed Ukrajin\u011b, toti\u017e na 537 padl\u00fdch obyvatel aglomerace p\u0159ipad\u00e1 dal\u0161\u00edch 140 nezv\u011bstn\u00fdch a 70 v zajet\u00ed. Vzhledem k tomu, \u017ee Rusov\u00e9 i Ukrajinci si vz\u00e1jemn\u011b sd\u011bluj\u00ed toto\u017enosti zajatc\u016f, a vzhledem k rostouc\u00edm st\u00ed\u017enostem p\u0159\u00edm\u00fdch p\u0159\u00edbuzn\u00fdch nezv\u011bstn\u00fdch voj\u00e1k\u016f, kte\u0159\u00ed veden\u00ed Soldatesky obvi\u0148uj\u00ed, \u017ee padl\u00e9 vyd\u00e1vaj\u00ed za nezv\u011bstn\u00e9, aby rodin\u00e1m nemuseli vypl\u00e1cet kompenzace a n\u00e1hrady, bude \u00fadaj starosty Martsinkiva bl\u00edzk\u00fd realit\u011b.<\/p>\n<p>Loni bylo v aglomeraci Poltava (294 695 obyvatel)\u00a0<a href=\"https:\/\/www.michalapetr.com\/map-2029-zelenskyj-se-vcera-chvastal-jak-putinovi-uz-srazil-hrebinek-a-jak-ho-brzy-dodela-empiricka-data-vsak-naznacuji-ze-gosudar-ukrajinu-do-konce-roku-vyridi\/\">pr\u016fm\u011brn\u011b m\u011bs\u00ed\u010dn\u011b poh\u0159b\u00edv\u00e1no 85 jej\u00edch obyvatel<\/a>, kte\u0159\u00ed padli ve v\u00e1lce.\u00a0<a href=\"https:\/\/www.michalapetr.com\/map-2029-zelenskyj-se-vcera-chvastal-jak-putinovi-uz-srazil-hrebinek-a-jak-ho-brzy-dodela-empiricka-data-vsak-naznacuji-ze-gosudar-ukrajinu-do-konce-roku-vyridi\/\">Letos do kyjevsk\u00e9 v\u00fdpravy na Kursk 86<\/a>. A za posledn\u00ed dva t\u00fddny se pr\u016fm\u011brn\u00fd po\u010det poh\u0159b\u016f dr\u017e\u00ed na \u010d\u00edsle 25 t\u00fddn\u011b. Poltava je p\u0159itom zn\u00e1m\u00e1, \u017ee je nejhor\u0161\u00ed region, ve kter\u00e9m se ob\u010dan\u00e9 nejv\u00edce vzp\u00edraj\u00ed mobilizaci. Vzhledem k \u010d\u00edsl\u016fm z Ivano-Frankivska nen\u00ed divu, proto\u017ee po zapo\u010d\u00edt\u00e1n\u00ed nezv\u011bstn\u00fdch dosahuj\u00ed po\u010dty zem\u0159el\u00fdch Poltavan\u016f p\u0159i obran\u011b Ukrajiny 100 a\u017e 125 m\u011bs\u00ed\u010dn\u011b. Zn\u00e1sobte si \u010d\u00edsla 20 m\u011bs\u00edci, a p\u0159ipo\u010dt\u011bte 500 za rok 2022, proto\u017ee p\u0159ed rokem 2023 byly ztr\u00e1ty zna\u010dn\u011b ni\u017e\u0161\u00ed, a vyjde V\u00e1m 2500 a 3000 padl\u00fdch a nezv\u011bstn\u00fdch na aglomeraci o 294 695 obyvatel\u00edch, nebo na region o 1 352 283 obyvatel\u00edch. P\u0159idr\u017e\u00edme-li se po\u010dtu obyvatel regionu, kte\u0159\u00ed p\u0159edstavuj\u00ed 3.22% obyvatel sou\u010dasn\u00e9 Ukrajiny, dostaneme 93 168 padl\u00fdch Ukrajinc\u016f. To \u010d\u00edslo<a href=\"https:\/\/www.ceskenoviny.cz\/zpravy\/2484397\">\u00a0p\u0159esn\u011b 3 kr\u00e1t<\/a>\u00a0p\u0159esahuje po\u010dty padl\u00fdch Ukrajinc\u016f p\u0159iznan\u00e9 ned\u00e1vno Zelensk\u00fdm, a zd\u00e1 se b\u00fdt spodn\u00ed hranici, nebo\u0165 Poltava plnila loni odvody jen na 3 % p\u0159edepsan\u00e9 hodnoty, kde\u017eto jin\u00e9 regiony i na 105%!<\/p>\n<p><strong>UPOZOR\u011aN\u00cd:<\/strong> Z\u00edtra vyjde velk\u00e1 anal\u00fdzy o jadern\u00e9 eskalaci na Ukrajin\u011b a jejich souvislostech.<\/p>\n<p>Posledn\u00ed po\u0159ady:\u00a0 U Petra H\u00e1jka na Protiproudu,\u00a0<a class=\"mfp-iframe lightbox-added\" href=\"https:\/\/www.youtube.com\/watch?v=_gdgdXwa3Og\">po\u0159ad najdete zde<\/a>.\u00a0 Na TV Bure\u0161 s Josefem Sk\u00e1lou\u00a0<a class=\"mfp-iframe lightbox-added\" href=\"https:\/\/www.youtube.com\/watch?v=vvHP8zjz-Xs\">po\u0159ad najdete zde<\/a>. Z\u00e1znamy z P\u0159\u00ed\u010dov na obou kan\u00e1lech.<\/p>\n<p><a href=\"https:\/\/www.michalapetr.com\/map-2078-souboj-generala-petra-pavla-s-generalem-cong-unem-a-jeho-sokujici-vysledky-ukrajinske-ztraty-v-poslednich-dnech-dramaticky-rostou-a-moralka-prudce-pada-general-mordvicev-dobyl-za-pouhe-4-dn\/\">Michael Svato\u0161<\/a><\/p>\n<p><img decoding=\"async\" loading=\"lazy\" class=\"alignnone size-full wp-image-27204\" src=\"http:\/\/www.infokuryr.cz\/n\/wp-content\/uploads\/2023\/05\/Michael_Svatos.png\" alt=\"\" width=\"180\" height=\"180\" srcset=\"https:\/\/www.infokuryr.cz\/n\/wp-content\/uploads\/2023\/05\/Michael_Svatos.png 180w, https:\/\/www.infokuryr.cz\/n\/wp-content\/uploads\/2023\/05\/Michael_Svatos-150x150.png 150w\" sizes=\"(max-width: 180px) 100vw, 180px\" \/><\/p>\n<p>&nbsp;<\/p>\n","protected":false},"excerpt":{"rendered":"<p>Souboj gener\u00e1la Petra Pavla s gener\u00e1lem \u010cong-unem a jeho \u0161okuj\u00edc\u00ed v\u00fdsledky! Ukrajinsk\u00e9 ztr\u00e1ty v posledn\u00edch&#8230;<\/p>\n","protected":false},"author":2,"featured_media":54188,"comment_status":"closed","ping_status":"closed","sticky":false,"template":"","format":"standard","meta":[],"categories":[6],"tags":[1042,2365,26,2369],"_links":{"self":[{"href":"https:\/\/www.infokuryr.cz\/n\/wp-json\/wp\/v2\/posts\/60952"}],"collection":[{"href":"https:\/\/www.infokuryr.cz\/n\/wp-json\/wp\/v2\/posts"}],"about":[{"href":"https:\/\/www.infokuryr.cz\/n\/wp-json\/wp\/v2\/types\/post"}],"author":[{"embeddable":true,"href":"https:\/\/www.infokuryr.cz\/n\/wp-json\/wp\/v2\/users\/2"}],"replies":[{"embeddable":true,"href":"https:\/\/www.infokuryr.cz\/n\/wp-json\/wp\/v2\/comments?post=60952"}],"version-history":[{"count":0,"href":"https:\/\/www.infokuryr.cz\/n\/wp-json\/wp\/v2\/posts\/60952\/revisions"}],"wp:featuredmedia":[{"embeddable":true,"href":"https:\/\/www.infokuryr.cz\/n\/wp-json\/wp\/v2\/media\/54188"}],"wp:attachment":[{"href":"https:\/\/www.infokuryr.cz\/n\/wp-json\/wp\/v2\/media?parent=60952"}],"wp:term":[{"taxonomy":"category","embeddable":true,"href":"https:\/\/www.infokuryr.cz\/n\/wp-json\/wp\/v2\/categories?post=60952"},{"taxonomy":"post_tag","embeddable":true,"href":"https:\/\/www.infokuryr.cz\/n\/wp-json\/wp\/v2\/tags?post=60952"}],"curies":[{"name":"wp","href":"https:\/\/api.w.org\/{rel}","templated":true}]}}