{"id":60907,"date":"2024-08-28T00:49:32","date_gmt":"2024-08-27T22:49:32","guid":{"rendered":"https:\/\/www.infokuryr.cz\/n\/?p=60907"},"modified":"2024-08-27T17:19:42","modified_gmt":"2024-08-27T15:19:42","slug":"jindrich-kulhavy-a-ted-trochu-vazne","status":"publish","type":"post","link":"https:\/\/www.infokuryr.cz\/n\/2024\/08\/28\/jindrich-kulhavy-a-ted-trochu-vazne\/","title":{"rendered":"Jind\u0159ich Kulhav\u00fd: A te\u010f trochu v\u00e1\u017en\u011b"},"content":{"rendered":"<div id=\"fb-root\"><\/div>\n<p><span class=\"anotation\">Premi\u00e9r Petr Fiala trp\u00ed samochv\u00e1lou, \u010deho\u017e si i podpr\u016fm\u011brn\u011b inteligentn\u00ed \u010dlov\u011bk mus\u00ed pov\u0161imnout. Politik tvrd\u00edc\u00ed, \u017ee jeho vl\u00e1da m\u00e1 nejv\u011bt\u0161\u00ed mo\u017enou podporu, proto\u017ee si dok\u00e1zala po p\u0159evzet\u00ed \u010cesk\u00e9 republiky po minul\u00e9m tragick\u00e9m hospoda\u0159en\u00ed Andreje Babi\u0161e poradit s\u00a0mohutnou inflac\u00ed, vysok\u00fdmi cenami energi\u00ed a potravin, je prost\u011b ekvivalentem bl\u00e1zna opou\u0161t\u011bj\u00edc\u00edho Bohnice z\u00a0d\u016fvodu nedostatku kapacit v\u00a0p\u0159epln\u011bn\u00e9m \u00fastavu. Jen proto m\u016f\u017ee chodit na svobod\u011b.<\/span><\/p>\n<div id=\"pagetext\">\n<p>\u00a0 Potraviny zdra\u017euj\u00ed snad ka\u017ed\u00fd t\u00fdden. Sice je\u0161t\u011b nejme na \u00farovni Kalifornie, kde stoupnuly za posledn\u00ed obdob\u00ed a\u017e na 400% p\u016fvodn\u00ed \u00farovn\u011b cen, nicm\u00e9n\u011b v\u00a0Evrop\u011b jejich procentu\u00e1ln\u00ed vzestup kraluje regionu. Podobn\u00e9 je to u elekt\u0159iny a daleko za n\u00ed nen\u00ed ani plyn. Vl\u00e1da se oh\u00e1n\u00ed argumenty, \u017ee ve srovn\u00e1n\u00ed s\u00a0bl\u00edzk\u00fdm okol\u00edm jsme po\u0159\u00e1d na podobn\u00e9 hladin\u011b a t\u0159eba dan\u011b z\u00a0nemovitosti m\u00e1me mnohem ni\u017e\u0161\u00ed. Jen\u017ee v\u00a0porovn\u00e1n\u00ed s\u00a0platy a d\u016fchody na\u0161ich ob\u010dan\u016f jsou ceny v\u011bt\u0161iny zbo\u017e\u00ed u n\u00e1s mnohem vy\u0161\u0161\u00ed. Pokud chce n\u011bkdo srovn\u00e1vat cokoliv, mus\u00ed na startu v\u00fdpo\u010dt\u016f vz\u00edt v\u00a0potaz v\u0161echny relevatn\u00ed \u00fadaje, a nikoliv ignorovat realitu. Prolhan\u00fd Fiala tvrd\u00ed, \u017ee nyn\u00ed si koup\u00edme o t\u0159etinu v\u00edce potravin, ne\u017e kdy\u017e se ujal veden\u00ed \u010desk\u00e9ho st\u00e1tu. Mo\u017en\u00e1 v\u00a0Poslaneck\u00e9 sn\u011bmovn\u011b, v\u00a0b\u011b\u017en\u00fdch obchodech, do kter\u00fdch on nezav\u00edt\u00e1, tomu tak nen\u00ed. To u\u017e nemluv\u00edme o cen\u00e1ch jinde, nap\u0159\u00edklad ve slu\u017eb\u00e1ch, autoservisech a jinde. \u017divot za fungov\u00e1n\u00ed Fialy ve Strakovce v\u00fdrazn\u011b zdra\u017eil a mnoho rodin se dost\u00e1v\u00e1 na hranici p\u0159e\u017eit\u00ed.<\/p>\n<p>V\u00a0kontextu s\u00a0v\u00fd\u0161e uveden\u00fdm pot\u00e9 mus\u00ed ka\u017ed\u00e9ho norm\u00e1ln\u011b uva\u017euj\u00edc\u00edho ob\u010dana doslova \u0161tv\u00e1t utr\u00e1cen\u00ed na\u0161ich pen\u011bz st\u00e1tem v\u00a0podob\u011b podpory neonacistick\u00e9 Ukrajiny. Zvl\u00e1\u0161t\u011b kdy\u017e v\u00edme, \u017ee obrovsk\u00e9 obnosy nekon\u010d\u00ed pouze ve zbra\u0148ov\u00fdch dod\u00e1vk\u00e1ch, ale \u010dasto tak\u00e9 v\u00a0kufrech vlastn\u011bn\u00fdch vychytral\u00fdmi Ukrajinci \u010di se vrac\u00ed po dokonal\u00e9m vypr\u00e1n\u00ed r\u016fznou formou do rukou na\u0161ich politik\u016f. Tak\u00e9 st\u00e1le stoupaj\u00edc\u00ed soci\u00e1ln\u00ed d\u00e1vky pro ty, kte\u0159\u00ed opustili Ukrajinu a uhn\u00edzdili se u n\u00e1s, p\u0159i\u010dem\u017e se pot\u00e9 nedost\u00e1v\u00e1 na \u010desk\u00e9 rodiny, jsou doslova v\u00fdsm\u011bchem na\u0161im ob\u010dan\u016fm. \u0158ada nav\u00fd\u0161en\u00ed t\u011bchto d\u00e1vek se d\u011bje v\u00a0jist\u00e9m stupni utajen\u00ed a m\u00e9dia naprosto ignoruj\u00ed tento stav. P\u0159id\u00e1me li skute\u010dnost, \u017ee ukrajin\u0161tinu u\u017e sly\u0161\u00edme \u00fapln\u011b v\u0161ude, tedy v\u00a0obchodech, ve skladech, ve slu\u017eb\u00e1ch i v r\u016fzn\u00fdch callcentrech, pt\u00e1me se, co d\u011blaj\u00ed na\u0161i spoluob\u010dan\u00e9, kte\u0159\u00ed d\u0159\u00edve obsazovali v\u0161echna tato pracovn\u00ed m\u00edsta? A kde bydl\u00ed v\u0161ichni ti Ukrajinci, kdy\u017e tu dosud nebylo dost byt\u016f pro n\u00e1s? Mimochodem jak je mo\u017en\u00e9, \u017ee maj\u00ed p\u0159\u00edstup k\u00a0m\u011bstsk\u00fdm a soci\u00e1ln\u00edm byt\u016fm, kdy\u017e se k\u00a0nim po mnoho let nedostali na\u0161i lid\u00e9? A kdo dok\u00e1\u017ee obh\u00e1jit, \u017ee ve stejn\u00e9m domu za stejn\u00e9 byty \u010ce\u0161i hrad\u00ed a\u017e \u010dty\u0159n\u00e1sobn\u00e9 n\u00e1jmy proti Ukrajinc\u016fm? Nen\u00ed to t\u00edm, \u017ee premi\u00e9r \u010cR je sp\u00ed\u0161e ukrajinsk\u00fdm agentem?<\/p>\n<p>Kritika sou\u010dasn\u00e9 vl\u00e1dy m\u016f\u017ee pokra\u010dovat. M\u011bn\u00ed se v\u0161e. \u00darove\u0148 vzd\u011bl\u00e1n\u00ed kles\u00e1, proto m\u00e1me v\u00edce nepot\u0159ebn\u00fdch vysoko\u0161kol\u00e1k\u016f. Ned\u00e1vno prob\u011bhla m\u00e9dii zpr\u00e1va o tom, \u017ee \u010c\u00edna nem\u00e1 pro ty sv\u00e9 \u017e\u00e1dn\u00e9 uplatn\u011bn\u00ed. Mus\u00ed po vystudov\u00e1n\u00ed \u0161kol bu\u010f vz\u00edt za vd\u011bk mnohem m\u00e9n\u011b placenou hor\u0161\u00ed prac\u00ed, nebo se uch\u00fdlit k\u00a0rodi\u010d\u016fm a \u010dekat, co jim kdo \u010dasem nab\u00eddne. To nen\u00ed probl\u00e9m jen \u010c\u00edny. Jsme na tom stejn\u011b. D\u0159\u00edve i prost\u00fd \u0159emesln\u00edk absolvuj\u00edc\u00ed u\u010d\u0148ovsk\u00e9 st\u0159edisko znal mo\u017en\u00e1 v\u00edce ne\u017e sou\u010dasn\u00fd vysoko\u0161kol\u00e1k maj\u00edc\u00ed za sebou studium humanitn\u00edho sm\u011bru. Tak\u00e9 st\u0159edo\u0161kol\u00e1k z\u00a0minul\u00e9ho mil\u00e9nia by v\u00a0mnoh\u00e9m p\u0159ev\u00e1lcoval nyn\u011bj\u0161\u00edho vysoko\u0161kol\u00e1ka s diplomem. Pravdou je, \u017ee ani technick\u00e9 obory nemaj\u00ed uplatn\u011bn\u00ed, proto\u017ee ka\u017ed\u00fd by r\u00e1d n\u011bkde n\u011bco \u0159\u00eddil, jen nen\u00ed koho. Pr\u016fmysl t\u00e9m\u011b\u0159 neexistuje, stavebnictv\u00ed si zabrali p\u0159ev\u00e1\u017en\u011b Ukrajinci pracuj\u00edc\u00ed i pro velk\u00e9 spole\u010dnosti, v\u00fdvoj a konstrukce p\u0159e\u0161ly do Asie. Ale to v\u0161e je nic s\u00a0mno\u017estv\u00edm absolvent\u016f tzv humanitn\u00edch \u0161kol, jejich\u017e existence je neopodstatn\u011bn\u00e1. Na trhu pr\u00e1ce pot\u00e9 chyb\u00ed lid\u00e9 pracuj\u00edc\u00ed rukama a s\u00a0n\u00e1stroji, p\u0159\u00edpadn\u011b maj\u00edc\u00ed v\u00a0hlav\u011b n\u011bco praktick\u00e9ho.<\/p>\n<p>Abychom byli systemati\u010dt\u00ed, nedostatkem person\u00e1lu trp\u00ed i jin\u00e9 obory. Zdravotnictv\u00ed je toho p\u0159\u00edkladem. Kdysi tak perspektivn\u00ed dentist\u00e9 nyn\u00ed hovo\u0159\u00ed \u010dasto op\u011bt ukrajinsky, narazit m\u016f\u017eeme i na arab\u0161tinu. Jako opravdu? Nen\u00ed to degradace kdysi vcelku \u00fasp\u011b\u0161n\u00e9ho oboru? Nemocnice bojuj\u00ed s\u00a0obsazenost\u00ed sm\u011bn. Ale zdravotn\u00ed poji\u0161\u0165ovny profituj\u00ed. Pravdou z\u016fst\u00e1v\u00e1 i skute\u010dnost, kterou je mizen\u00ed v\u0161ech tov\u00e1ren, d\u00edlen a manufaktur, na jejich m\u00edst\u011b rostou byty a kancel\u00e1\u0159e. Praha je toho d\u016fkazem. Netu\u0161\u00edme, co v\u0161echny ty kancel\u00e1\u0159sk\u00e9 krysy d\u011blaj\u00ed, ale produktivita pro st\u00e1t je dle na\u0161eho minim\u00e1ln\u00ed. N\u00e1r\u016fst byrokracie je obrovsk\u00fd, nic nefunguje, ale \u00fa\u0159edn\u00edk\u016f je po\u0159\u00e1d asi m\u00e1lo. A za vl\u00e1dy P\u011btikoalice se jejich stavy je\u0161t\u011b navy\u0161uj\u00ed. Asi to plat\u00ed pro celou EU, ale u n\u00e1s je to doslova hmatateln\u00e9. Nikdo nic netvo\u0159\u00ed, nevyr\u00e1b\u00ed, v\u0161e se p\u0159ekupuje, dov\u00e1\u017e\u00ed. A sv\u011btl\u00fdm v\u00fdjimk\u00e1m h\u00e1z\u00ed st\u00e1tn\u00ed moc klacky pod nohy. Plat\u00ed to pro zem\u011bd\u011blce, podnikatele ve v\u00fdrobn\u00ed sf\u00e9\u0159e. Hlavn\u011b \u017ee m\u00e1me p\u0159ebytek mlad\u00fdch a drav\u00fdch youtuber\u016f.<\/p>\n<p>V\u00e1\u017een\u00ed \u010dten\u00e1\u0159i, zd\u00e1 li se v\u00e1m, \u017ee trp\u00edme depresemi, jste bl\u00edzko pravd\u011b. Sv\u011btlo na konci tunelu podpo\u0159en\u00e9 ekonomickou prosperitou, umem \u010desk\u00fdch ru\u010di\u010dek, schopnost\u00ed improvizovat a pod\u00e1vat solidn\u00ed v\u00fdkony, odbornost\u00ed a politickou sv\u011bdomitost\u00ed u\u017e d\u00e1vno zhasnulo. M\u00edsto toho tu m\u00e1me podvodn\u00e9 koresponden\u010dn\u00ed volby, proukrajinskou vl\u00e1du ignoruj\u00edc\u00ed zm\u011bny na sv\u011btov\u00e9m kolbi\u0161ti a tou\u017e\u00edc\u00ed po v\u00e1lce s\u00a0nejv\u011bt\u0161\u00ed mocnost\u00ed sv\u011bta. \u00a0WHO p\u0159ipravuje dal\u0161\u00ed pandemii spojenou s\u00a0vakcinac\u00ed, cht\u011bj\u00ed n\u00e1m sebrat hotovost, majetky, zdrav\u00ed a v\u00a0podstat\u011b d\u00edky LGBT i l\u00e1sku.<\/p>\n<p>Na Z\u00e1padu se boj\u00ed lid\u00e9 vych\u00e1zet, aby nenarazili na \u010depel no\u017ee v\u00a0ruk\u00e1ch migrant\u016f, vl\u00e1da to sam\u00e9 importuje k\u00a0n\u00e1m. Nem\u00edt z\u00a0toho deprese je nemo\u017en\u00e9. A ten, kdo ji nem\u00e1, pat\u0159\u00ed k\u00a0idealist\u016fm. Vezm\u011bme posledn\u00ed s\u00edly a vzep\u0159eme se tomu Fialovi a anc\u00e1blu kolem n\u011bj. U\u017e moc \u010dasu nem\u00e1me. A pokud to n\u011bkomu je\u0161t\u011b nedoch\u00e1z\u00ed, sledujte docentku \u0160vihl\u00edkovou, Turka, Kone\u010dnou, p\u00e1r lid\u00ed z\u00a0SPD, \u0160ichta\u0159ovou, Gregora a dal\u0161\u00ed odv\u00e1\u017en\u00e9, kte\u0159\u00ed u\u017e toho maj\u00ed dost. Nebereme je jako na\u0161i konkurenci, sp\u00ed\u0161e jako n\u00e1zorov\u00e9 partnery, by\u0165 u n\u011bkter\u00fdch nesouhlas\u00edme se v\u0161\u00edm. Fialu &amp; spol. toti\u017e za \u0161k\u016fdce pova\u017euj\u00ed v\u0161ichni tito lid\u00e9. Stejn\u011b, jako my. Poj\u010fme se porvat za lep\u0161\u00ed budoucnost. Aspo\u0148 na\u0161ich d\u011bt\u00ed, kdy\u017e my u\u017e ji neza\u017eijeme.<\/p>\n<p><a href=\"https:\/\/www.inadhled.live\/uvaha-dne\/a-ted-trochu-vazne\/\">Jind\u0159ich Kulhav\u00fd<\/a><\/p>\n<p><img decoding=\"async\" loading=\"lazy\" class=\"alignnone size-full wp-image-48136\" src=\"http:\/\/www.infokuryr.cz\/n\/wp-content\/uploads\/2024\/02\/kulhavy-jindrich.jpg\" alt=\"\" width=\"219\" height=\"221\" srcset=\"https:\/\/www.infokuryr.cz\/n\/wp-content\/uploads\/2024\/02\/kulhavy-jindrich.jpg 219w, https:\/\/www.infokuryr.cz\/n\/wp-content\/uploads\/2024\/02\/kulhavy-jindrich-150x150.jpg 150w\" sizes=\"(max-width: 219px) 100vw, 219px\" \/><\/p>\n<p>&nbsp;<\/p>\n<\/div>\n","protected":false},"excerpt":{"rendered":"<p>Premi\u00e9r Petr Fiala trp\u00ed samochv\u00e1lou, \u010deho\u017e si i podpr\u016fm\u011brn\u011b inteligentn\u00ed \u010dlov\u011bk mus\u00ed pov\u0161imnout. Politik tvrd\u00edc\u00ed,&#8230;<\/p>\n","protected":false},"author":2,"featured_media":60908,"comment_status":"closed","ping_status":"closed","sticky":false,"template":"","format":"standard","meta":[],"categories":[6],"tags":[45,1503,535,122,7821],"_links":{"self":[{"href":"https:\/\/www.infokuryr.cz\/n\/wp-json\/wp\/v2\/posts\/60907"}],"collection":[{"href":"https:\/\/www.infokuryr.cz\/n\/wp-json\/wp\/v2\/posts"}],"about":[{"href":"https:\/\/www.infokuryr.cz\/n\/wp-json\/wp\/v2\/types\/post"}],"author":[{"embeddable":true,"href":"https:\/\/www.infokuryr.cz\/n\/wp-json\/wp\/v2\/users\/2"}],"replies":[{"embeddable":true,"href":"https:\/\/www.infokuryr.cz\/n\/wp-json\/wp\/v2\/comments?post=60907"}],"version-history":[{"count":0,"href":"https:\/\/www.infokuryr.cz\/n\/wp-json\/wp\/v2\/posts\/60907\/revisions"}],"wp:featuredmedia":[{"embeddable":true,"href":"https:\/\/www.infokuryr.cz\/n\/wp-json\/wp\/v2\/media\/60908"}],"wp:attachment":[{"href":"https:\/\/www.infokuryr.cz\/n\/wp-json\/wp\/v2\/media?parent=60907"}],"wp:term":[{"taxonomy":"category","embeddable":true,"href":"https:\/\/www.infokuryr.cz\/n\/wp-json\/wp\/v2\/categories?post=60907"},{"taxonomy":"post_tag","embeddable":true,"href":"https:\/\/www.infokuryr.cz\/n\/wp-json\/wp\/v2\/tags?post=60907"}],"curies":[{"name":"wp","href":"https:\/\/api.w.org\/{rel}","templated":true}]}}