{"id":60901,"date":"2024-08-28T00:45:52","date_gmt":"2024-08-27T22:45:52","guid":{"rendered":"https:\/\/www.infokuryr.cz\/n\/?p=60901"},"modified":"2024-08-27T17:06:53","modified_gmt":"2024-08-27T15:06:53","slug":"ivan-david-valka-proti-cirkvi","status":"publish","type":"post","link":"https:\/\/www.infokuryr.cz\/n\/2024\/08\/28\/ivan-david-valka-proti-cirkvi\/","title":{"rendered":"Ivan David: V\u00e1lka proti c\u00edrkvi"},"content":{"rendered":"<div id=\"fb-root\"><\/div>\n<p><strong>\u201eKyjev zak\u00e1zal ukrajinskou pravoslavnou c\u00edrkev. Na takzvan\u00e9m hodnotov\u00e9m Z\u00e1pad\u011b proti tomuto poru\u0161ov\u00e1n\u00ed n\u00e1bo\u017eensk\u00e9 svobody nikdo neprotestuje,\u201c p\u00ed\u0161e Christoph M\u00f6rgeli pro magaz\u00edn Weltwoche.<\/strong><\/p>\n<p>Nyn\u00ed se stalo to, k \u010demu se na Ukrajin\u011b schylovalo u\u017e roky, p\u00ed\u0161e M\u00f6rgeli: Ukrajinsk\u00e1 pravoslavn\u00e1 c\u00edrkev (UOK) byla usnesen\u00edm ukrajinsk\u00e9ho parlamentu zak\u00e1z\u00e1na. To znamen\u00e1, \u017ee miliony lid\u00ed jsou pron\u00e1sledov\u00e1ny kv\u016fli sv\u00e9mu n\u00e1bo\u017eensk\u00e9mu p\u0159esv\u011bd\u010den\u00ed a zbaveny sv\u00fdch lidsk\u00fdch pr\u00e1v.<\/p>\n<p>Ukrajinsk\u00e1 pravoslavn\u00e1 c\u00edrkev m\u00e1 tis\u00edciletou historii a historicko-duchovn\u00ed spojen\u00ed s ruskou pravoslavnou c\u00edrkv\u00ed \u2013 od Ruska se v\u0161ak zcela odd\u011blila \u00fastavn\u00ed zm\u011bnou po vypuknut\u00ed v\u00e1lky. Ukrajinsk\u00e1 pravoslavn\u00e1 c\u00edrkev se ale l\u00e9ta stala ob\u011bt\u00ed pron\u00e1sledov\u00e1n\u00ed, okr\u00e1d\u00e1n\u00ed, materi\u00e1ln\u00edho loupen\u00ed a nyn\u00ed i parlamentu. Zelensk\u00e9ho re\u017eim chce m\u00edsto toho zalo\u017eit ukrajinskou pravoslavnou c\u00edrkev (OKU) jako jedinou legitimn\u00ed.<\/p>\n<p><span style=\"font-size: 18pt;\"><strong>Z\u00e1sahy do lidsk\u00fdch pr\u00e1v<\/strong><\/span><\/p>\n<p>Skand\u00e1ln\u00ed z\u00e1kon o z\u00e1kazu c\u00edrkve schv\u00e1lilo 265 z 322 poslanc\u016f. Je zcela jasn\u00e9, \u017ee toto rozhodnut\u00ed poru\u0161uje lidsk\u00e1 pr\u00e1va garantovan\u00e1 OSN, Radou Evropy, a dokonce i Ukrajinou. Svoboda vyzn\u00e1n\u00ed a sv\u011bdom\u00ed je ostatn\u011b jedn\u00edm z nejv\u011bt\u0161\u00edch v\u00fddobytk\u016f americk\u00e9 \u00fastavy z roku 1787. O to v\u00edce je pobu\u0159uj\u00edc\u00ed, \u017ee USA ji\u017e l\u00e9ta podporuj\u00ed Ukrajinu v jej\u00edch restriktivn\u00edch opat\u0159en\u00edch v\u016f\u010di ukrajinsk\u00e9 pravoslavn\u00e9 c\u00edrkvi.<\/p>\n<p>Ka\u017ed\u00fd, kdo by snad pot\u0159eboval d\u016fkaz o nev\u011brohodnosti tolik vychvalovan\u00fdch \u201ez\u00e1padn\u00edch hodnot\u201c, ho m\u00e1 nyn\u00ed \u017eiv\u011b a nepopirateln\u011b p\u0159ed o\u010dima. Z\u00e1kaz c\u00edrkv\u00ed \u2013 pokud nejde o fale\u0161nou c\u00edrkev s krimin\u00e1ln\u00edmi c\u00edli \u2013 p\u0159edstavuje v\u00e1\u017en\u00fd z\u00e1sah do nezciziteln\u00fdch lidsk\u00fdch pr\u00e1v, ale jen m\u00e1lokde se objevil by\u0165 jen n\u00e1znak protestu. \u0160v\u00fdcarsk\u00e1 vl\u00e1da o tomto nehor\u00e1zn\u00e9m zneu\u017eit\u00ed moci tak\u00e9 ml\u010d\u00ed, a\u010dkoli jinak p\u0159\u00edli\u0161 r\u00e1da jednostrann\u011b komentuje v\u00e1lku na Ukrajin\u011b.<\/p>\n<p><span style=\"font-size: 18pt;\"><strong>Zak\u00e1zat isl\u00e1m?<\/strong><\/span><\/p>\n<p>&#8222;P\u0159edstavte si, \u017ee by t\u0159eba \u0160v\u00fdcarsko zak\u00e1zalo isl\u00e1m. V\u00fdsledkem by byly masov\u00e9 protesty, n\u00e1silnosti a nakonec krvav\u00e1 l\u00e1ze\u0148 v masov\u00e9m m\u011b\u0159\u00edtku. Ale &#8218;Z\u00e1padn\u00ed hodnoty&#8216; rad\u011bji dupou po v\u00fdchodoevropsk\u00fdch k\u0159es\u0165ansk\u00fdch zem\u00edch, ne\u017e aby se bl\u00ed\u017ee pod\u00edvaly na to, co se d\u011bje na Ukrajin\u011b. Nebo v N\u00e1horn\u00edm Karabachu, kde isl\u00e1msk\u00fd \u00c1zerb\u00e1jd\u017e\u00e1n p\u0159evzal v z\u00e1\u0159\u00ed 2023 v\u00fdhradn\u00ed kontrolu a donutil p\u0159es 100 000 k\u0159es\u0165ansk\u00fdch Arm\u00e9n\u016f uprchnout. Nyn\u00ed hodlaj\u00ed p\u0159ihl\u00ed\u017eet zni\u010den\u00ed k\u0159es\u0165ansk\u00e9 kultury a jej\u00edch architektonick\u00fdch pam\u00e1tek, kter\u00e9 jsou star\u0161\u00ed ne\u017e nejstar\u0161\u00ed d\u016fkazy k\u0159es\u0165anstv\u00ed na Z\u00e1pad\u011b,&#8220; p\u00ed\u0161e Christoph M\u00f6rgeli pro Weltwoche.<\/p>\n<p><span style=\"font-size: 18pt;\"><strong>Pape\u017e Franti\u0161ek kritizuje z\u00e1kaz Ukrajinsk\u00e9 pravoslavn\u00e9 c\u00edrkve:<\/strong><\/span><\/p>\n<p>Pape\u017e Franti\u0161ek kritizoval rozhodnut\u00ed ukrajinsk\u00e9 vl\u00e1dy zak\u00e1zat na Ukrajin\u011b pravoslavnou c\u00edrkev p\u0159idru\u017eenou k Rusku. Ve sv\u00e9m projevu na tradi\u010dn\u00ed ned\u011bln\u00ed modlitb\u011b hovo\u0159il o z\u00e1konu, kter\u00fd byl p\u0159ijat na pokyn prezidenta Volodymyra Zelensk\u00e9ho. &#8222;Pros\u00edm, \u017e\u00e1dn\u00e1 k\u0159es\u0165ansk\u00e1 c\u00edrkev by nem\u011bla b\u00fdt zak\u00e1z\u00e1na p\u0159\u00edmo ani nep\u0159\u00edmo: c\u00edrkve jsou nedotknuteln\u00e9!&#8220;, \u0159ekl pape\u017e. Vyzval k n\u00e1bo\u017eensk\u00e9 toleranci.<\/p>\n<p><em>MUDr, Ivan David, CSc.<\/em><\/p>\n<p><img decoding=\"async\" loading=\"lazy\" class=\"alignnone size-medium wp-image-922\" src=\"http:\/\/www.infokuryr.cz\/n\/wp-content\/uploads\/2021\/04\/Ivan-David-1-222x300.jpg\" alt=\"\" width=\"222\" height=\"300\" srcset=\"https:\/\/www.infokuryr.cz\/n\/wp-content\/uploads\/2021\/04\/Ivan-David-1-222x300.jpg 222w, https:\/\/www.infokuryr.cz\/n\/wp-content\/uploads\/2021\/04\/Ivan-David-1.jpg 466w\" sizes=\"(max-width: 222px) 100vw, 222px\" \/><\/p>\n<p>&nbsp;<\/p>\n<p>&nbsp;<\/p>\n","protected":false},"excerpt":{"rendered":"<p>\u201eKyjev zak\u00e1zal ukrajinskou pravoslavnou c\u00edrkev. Na takzvan\u00e9m hodnotov\u00e9m Z\u00e1pad\u011b proti tomuto poru\u0161ov\u00e1n\u00ed n\u00e1bo\u017eensk\u00e9 svobody nikdo&#8230;<\/p>\n","protected":false},"author":2,"featured_media":60902,"comment_status":"closed","ping_status":"closed","sticky":false,"template":"","format":"standard","meta":[],"categories":[6],"tags":[283,1503,250,26,6765],"_links":{"self":[{"href":"https:\/\/www.infokuryr.cz\/n\/wp-json\/wp\/v2\/posts\/60901"}],"collection":[{"href":"https:\/\/www.infokuryr.cz\/n\/wp-json\/wp\/v2\/posts"}],"about":[{"href":"https:\/\/www.infokuryr.cz\/n\/wp-json\/wp\/v2\/types\/post"}],"author":[{"embeddable":true,"href":"https:\/\/www.infokuryr.cz\/n\/wp-json\/wp\/v2\/users\/2"}],"replies":[{"embeddable":true,"href":"https:\/\/www.infokuryr.cz\/n\/wp-json\/wp\/v2\/comments?post=60901"}],"version-history":[{"count":1,"href":"https:\/\/www.infokuryr.cz\/n\/wp-json\/wp\/v2\/posts\/60901\/revisions"}],"predecessor-version":[{"id":60903,"href":"https:\/\/www.infokuryr.cz\/n\/wp-json\/wp\/v2\/posts\/60901\/revisions\/60903"}],"wp:featuredmedia":[{"embeddable":true,"href":"https:\/\/www.infokuryr.cz\/n\/wp-json\/wp\/v2\/media\/60902"}],"wp:attachment":[{"href":"https:\/\/www.infokuryr.cz\/n\/wp-json\/wp\/v2\/media?parent=60901"}],"wp:term":[{"taxonomy":"category","embeddable":true,"href":"https:\/\/www.infokuryr.cz\/n\/wp-json\/wp\/v2\/categories?post=60901"},{"taxonomy":"post_tag","embeddable":true,"href":"https:\/\/www.infokuryr.cz\/n\/wp-json\/wp\/v2\/tags?post=60901"}],"curies":[{"name":"wp","href":"https:\/\/api.w.org\/{rel}","templated":true}]}}