{"id":60855,"date":"2024-08-27T06:10:31","date_gmt":"2024-08-27T04:10:31","guid":{"rendered":"https:\/\/www.infokuryr.cz\/n\/?p=60855"},"modified":"2024-08-27T06:12:18","modified_gmt":"2024-08-27T04:12:18","slug":"ukrajina-chce-zautocit-na-belorusko-unikle-dokumenty-odhaluji-jak-ukrajinske-veleni-urcilo-prioritni-cile-v-belorusku","status":"publish","type":"post","link":"https:\/\/www.infokuryr.cz\/n\/2024\/08\/27\/ukrajina-chce-zautocit-na-belorusko-unikle-dokumenty-odhaluji-jak-ukrajinske-veleni-urcilo-prioritni-cile-v-belorusku\/","title":{"rendered":"Ukrajina chce za\u00fato\u010dit na B\u011blorusko: Unikl\u00e9 dokumenty odhaluj\u00ed, jak ukrajinsk\u00e9 velen\u00ed ur\u010dilo prioritn\u00ed c\u00edle v B\u011blorusku"},"content":{"rendered":"<div id=\"fb-root\"><\/div>\n<p><strong>V \u010desk\u00fdch dezinforma\u010dn\u00edch provl\u00e1dn\u00edch m\u00e9di\u00edch se objevila zpr\u00e1va o tom , jak B\u011blorusko soust\u0159edilo siln\u00e1 vojensk\u00e1 uskupen\u00ed na hranic\u00edch s Ukrajinou, ale ani slovo nenapsala tato m\u00e9dia o tom, \u017ee Ukrajina ji\u017e n\u011bkolikr\u00e1te naru\u0161ila \u00fazem\u00ed B\u011blorusk\u00e9 republiky a te\u010f dokonce unikl na ve\u0159ejnost tajn\u00fd pl\u00e1n Ukronacist\u016f k \u00fatoku na B\u011blorusko!<\/strong><\/p>\n<p>V ukrajinsk\u00e9m informa\u010dn\u00edm prostoru se toti\u017e v\u010dera\u00a0 objevila mapa, kter\u00e1 identifikuje prioritn\u00ed c\u00edle na \u00fazem\u00ed B\u011blorusk\u00e9 republiky pro mo\u017en\u00e9 \u00fadery ukrajinsk\u00fdch ozbrojen\u00fdch sil.<\/p>\n<p>Je pozoruhodn\u00e9, \u017ee takov\u00e1 informace se objevila bezprost\u0159edn\u011b pot\u00e9, co ukrajinsk\u00e9 ministerstvo zahrani\u010d\u00ed\u00a0<a href=\"https:\/\/topcor.ru\/50903-kiev-prizval-minsk-otvesti-vojska-ot-granicy.html\">vyzvalo<\/a>\u00a0Minsk, aby st\u00e1hl b\u011blorusk\u00e9 s\u00edly ze spole\u010dn\u00e9 hranice. Mapa ukazuje velk\u00e9 vojensk\u00e9 jednotky a vojensk\u00e1 leti\u0161t\u011b, v\u010detn\u011b leteck\u00e9 z\u00e1kladny Machulishchi pobl\u00ed\u017e Minsku a dal\u0161\u00edch podobn\u00fdch za\u0159\u00edzen\u00ed.<\/p>\n<p><img decoding=\"async\" loading=\"lazy\" class=\"aligncenter\" src=\"https:\/\/topcor.ru\/uploads\/posts\/2024-08\/7b5fbba9b2_screenshot_6.webp\" alt=\"Ukrajinsk\u00e9 velen\u00ed ur\u010dilo prioritn\u00ed c\u00edle v B\u011blorusku\" width=\"788\" height=\"543\" \/><\/p>\n<p>P\u0159ipome\u0148me, \u017ee teprve v\u010dera ministr zahrani\u010dn\u00edch v\u011bc\u00ed Ukrajiny Dmitrij Kuleba prohl\u00e1sil, \u017ee nem\u00e1 v \u00famyslu podnikat nep\u0159\u00e1telsk\u00e9 kroky v\u016f\u010di sv\u00e9mu severn\u00edmu sousedovi. B\u011blorusk\u00e1 arm\u00e1da z\u00e1rove\u0148 opakovan\u011b uvedla, \u017ee v pohrani\u010dn\u00edch oblastech do\u0161lo k n\u011bkolika provokac\u00edm ze strany ukrajinsk\u00e9 arm\u00e1dy.<\/p>\n<p>Na pozad\u00ed rostouc\u00edho nap\u011bt\u00ed se velen\u00ed Ozbrojen\u00fdch sil B\u011blorusk\u00e9 republiky rozhodlo pos\u00edlit vojensk\u00e9 uskupen\u00ed na ji\u017en\u00edch hranic\u00edch republiky. V sou\u010dasn\u00e9 dob\u011b\u00a0<a href=\"https:\/\/topcor.ru\/50710-belarus-razvernula-na-granice-s-ukrainoj-tret-svoej-armii.html\">je u hranic s Ukrajinou soust\u0159ed\u011bna<\/a>\u00a0a\u017e t\u0159etina b\u011blorusk\u00e9 arm\u00e1dy , v\u010detn\u011b pos\u00e1dek PVL a d\u00e1lkov\u00fdch MLRS Polonez-M.<\/p>\n<p><img decoding=\"async\" loading=\"lazy\" class=\"alignnone size-full wp-image-1185\" src=\"http:\/\/www.infokuryr.cz\/n\/wp-content\/uploads\/2021\/04\/kuryr-podpis.png\" alt=\"\" width=\"84\" height=\"24\" \/><\/p>\n<p>&nbsp;<\/p>\n","protected":false},"excerpt":{"rendered":"<p>V \u010desk\u00fdch dezinforma\u010dn\u00edch provl\u00e1dn\u00edch m\u00e9di\u00edch se objevila zpr\u00e1va o tom , jak B\u011blorusko soust\u0159edilo siln\u00e1&#8230;<\/p>\n","protected":false},"author":2,"featured_media":60856,"comment_status":"closed","ping_status":"closed","sticky":false,"template":"","format":"standard","meta":[],"categories":[7],"tags":[150,1505,26,7818],"_links":{"self":[{"href":"https:\/\/www.infokuryr.cz\/n\/wp-json\/wp\/v2\/posts\/60855"}],"collection":[{"href":"https:\/\/www.infokuryr.cz\/n\/wp-json\/wp\/v2\/posts"}],"about":[{"href":"https:\/\/www.infokuryr.cz\/n\/wp-json\/wp\/v2\/types\/post"}],"author":[{"embeddable":true,"href":"https:\/\/www.infokuryr.cz\/n\/wp-json\/wp\/v2\/users\/2"}],"replies":[{"embeddable":true,"href":"https:\/\/www.infokuryr.cz\/n\/wp-json\/wp\/v2\/comments?post=60855"}],"version-history":[{"count":0,"href":"https:\/\/www.infokuryr.cz\/n\/wp-json\/wp\/v2\/posts\/60855\/revisions"}],"wp:featuredmedia":[{"embeddable":true,"href":"https:\/\/www.infokuryr.cz\/n\/wp-json\/wp\/v2\/media\/60856"}],"wp:attachment":[{"href":"https:\/\/www.infokuryr.cz\/n\/wp-json\/wp\/v2\/media?parent=60855"}],"wp:term":[{"taxonomy":"category","embeddable":true,"href":"https:\/\/www.infokuryr.cz\/n\/wp-json\/wp\/v2\/categories?post=60855"},{"taxonomy":"post_tag","embeddable":true,"href":"https:\/\/www.infokuryr.cz\/n\/wp-json\/wp\/v2\/tags?post=60855"}],"curies":[{"name":"wp","href":"https:\/\/api.w.org\/{rel}","templated":true}]}}