{"id":60852,"date":"2024-08-27T05:55:16","date_gmt":"2024-08-27T03:55:16","guid":{"rendered":"https:\/\/www.infokuryr.cz\/n\/?p=60852"},"modified":"2024-08-27T05:55:16","modified_gmt":"2024-08-27T03:55:16","slug":"jiri-paroubek-skandalni-postupy-vlady","status":"publish","type":"post","link":"https:\/\/www.infokuryr.cz\/n\/2024\/08\/27\/jiri-paroubek-skandalni-postupy-vlady\/","title":{"rendered":"Ji\u0159\u00ed Paroubek: Skand\u00e1ln\u00ed postupy vl\u00e1dy"},"content":{"rendered":"<div id=\"fb-root\"><\/div>\n<p><strong>Digitalizace stavebn\u00edho \u0159\u00edzen\u00ed v pod\u00e1n\u00ed \u201eexperta\u201c Pir\u00e1tsk\u00e9 strany, m\u00edstop\u0159edsedy vl\u00e1dy a ministra pro m\u00edstn\u00ed rozvoj Barto\u0161e se stala tragikomedi\u00ed.<\/strong><\/p>\n<p>Stavebn\u00ed \u0159\u00edzen\u00ed v cel\u00e9 zemi je vlastn\u011b ochromeno. To ve sv\u00fdch d\u016fsledc\u00edch znamen\u00e1, \u017ee se celost\u00e1tn\u011b sn\u00ed\u017e\u00ed ji\u017e tak nevaln\u00e1 stavebn\u00ed aktivita. To, co m\u011blo pomoci zrychlit stav \u0159\u00edzen\u00ed, bude znamenat jeho zpomalen\u00ed a nejist\u00fd v\u00fdsledek do budoucna. Podle dostupn\u00fdch informac\u00ed se zd\u00e1, \u017ee v\u00fdb\u011br zhotovitele softwaru pro digitalizaci stavebn\u00edho \u0159\u00edzen\u00ed na MMR prob\u011bhl bez v\u00fdb\u011brov\u00e9ho \u0159\u00edzen\u00ed. Nem\u00e1m mo\u017enosti a zejm\u00e9na nem\u00e1m prost\u0159edky na investigativn\u00ed prov\u011b\u0159en\u00ed v\u0161ech postup\u016f MMR a tak\u00e9 ministra Barto\u0161e osobn\u011b, kter\u00e9 by potvrdily a nebo vyvr\u00e1tily, \u017ee za prv\u00e9 do\u0161lo k\u00a0v\u00fdb\u011bru zhotovitele \u010di zhotovitel\u016f z\u00a0voln\u00e9 ruky. Za druh\u00e9, ve\u0159ejnost by jist\u011b m\u011bla v\u011bd\u011bt, kdo jsou firmy, kter\u00e9 p\u0159ipravovaly softwarov\u00e9 \u0159e\u0161en\u00ed. Za t\u0159et\u00ed, za kolik to bylo pen\u011bz. A kone\u010dn\u011b za \u010dtvrt\u00e9, kolik bude st\u00e1t extern\u00ed \u00fadr\u017eba tohoto (ne)syst\u00e9mu a kdo ji bude prov\u00e1d\u011bt.<\/p>\n<p>Je to ostuda t\u00e9to vl\u00e1dy, \u017ee nedok\u00e1\u017ee tuto v\u011bc zvl\u00e1dnout. Samoz\u0159ejm\u011b, ka\u017ed\u00fd trochu zku\u0161en\u011bj\u0161\u00ed mana\u017eer, kter\u00fd m\u00e1 zku\u0161enost se st\u00e1tn\u00ed spr\u00e1vou, mus\u00ed v\u011bd\u011bt, \u017ee je pot\u0159eba p\u0159i zav\u00e1d\u011bn\u00ed takto n\u00e1ro\u010dn\u00e9ho syst\u00e9mu d\u00e1t ur\u010dit\u00e9 p\u0159echodov\u00e9 obdob\u00ed, v\u00a0n\u011bm\u017e by b\u011b\u017eely oba syst\u00e9my sou\u010dasn\u011b. Ten dosavadn\u00ed i ten nov\u00fd. A ke ka\u017ed\u00e9mu projektu tohoto v\u00fdznamu n\u00e1le\u017e\u00ed \u0159\u00e1dn\u00e9 pro\u0161kolen\u00ed pracovn\u00edk\u016f, kte\u0159\u00ed s\u00a0t\u00edmto programem budou na v\u0161ech stupn\u00edch st\u00e1tn\u00ed zpr\u00e1vy pracovat.<\/p>\n<p>Prost\u011b, vl\u00e1da selhala a te\u010f postupuje syst\u00e9mem jak\u00e9hosi vyvi\u0148ov\u00e1n\u00ed ministra Barto\u0161e odpov\u011bdn\u00e9ho za zaveden\u00ed nefunk\u010dn\u00edho syst\u00e9mu s\u00a0t\u00edm, \u017ee by jeho vyhazov z\u00a0funkce nic ne\u0159e\u0161il. Pr\u00fd m\u00e1 do konce m\u011bs\u00edce \u010das na to uv\u00e9st digitaliza\u010dn\u00ed projekt do funk\u010dn\u00edho stavu.<\/p>\n<p>To se mu ov\u0161em nem\u016f\u017ee pov\u00e9st a tud\u00ed\u017e je mo\u017en\u00e9 o\u010dek\u00e1vat odchod tohoto zprofanovan\u00e9ho ministra a mo\u017en\u00e1 i poda\u0159en\u00e9 strany Pir\u00e1t\u016f z\u00a0vl\u00e1dy. Pir\u00e1ti zat\u00edm vystupuj\u00ed ve v\u0161ech oblastech politiky st\u00e1tu jako kutilov\u00e9 \u2013 amat\u00e9\u0159i. A\u0165 u\u017e se jedn\u00e1 o stavebn\u00ed \u0159\u00edzen\u00ed nebo bytovou politiku v\u00a0p\u0159\u00edpad\u011b Barto\u0161e nebo zahrani\u010dn\u00ed politiku v\u00a0p\u0159\u00edpad\u011b ministra Lipavsk\u00e9ho.<\/p>\n<p>Snad je\u0161t\u011b hor\u0161\u00ed uk\u00e1zkou kolos\u00e1ln\u00ed neschopnosti vl\u00e1dy ov\u0161em je uzav\u0159en\u00ed debaty o eventu\u00e1ln\u00edm navy\u0161ov\u00e1n\u00edm mezd n\u011bkter\u00fdch kategori\u00ed st\u00e1tn\u00edch zam\u011bstnanc\u016f. Ministr pr\u00e1ce Jure\u010dka rozjel celou z\u00e1le\u017eitost tak, \u017ee n\u011bkter\u00e9 kategorie st\u00e1tn\u00edch zam\u011bstnanc\u016f, a\u0165 u\u017e jde o l\u00e9ka\u0159e, pracovn\u00edky ve \u0161kolstv\u00ed \u010di pracovn\u00edky v soci\u00e1ln\u00ed oblasti (kde jim to bylo expresis verbis premi\u00e9rem a dal\u0161\u00edmi \u010dleny vl\u00e1dy sl\u00edbeno) p\u0159ipravil na situaci, \u017ee ke zm\u011bn\u011b plat\u016f k 1.9.2024 dojde. K tomu by ov\u0161em bylo pot\u0159eba, aby ve ve\u0159ejn\u00fdch rozpo\u010dtech bylo nalezeno alespo\u0148 6,5 mld. korun. Z toho ve st\u00e1tn\u00edm rozpo\u010dtu a\u017e 3,9 mld korun. Ministr financ\u00ed ale sd\u011blil, \u017ee na to nejsou pen\u00edze, proto\u017ee rozpo\u010dtov\u00e1 rezerva st\u00e1tu, kter\u00e1 za\u010d\u00e1tkem roku \u010dinila t\u00e9m\u011b\u0159 12 mld. korun je ji\u017e vybrab\u010dena. Vl\u00e1da se opravdu \u010dinila. Za sedm m\u011bs\u00edc\u016f a n\u011bco vybrab\u010dit celou rezervu st\u00e1tn\u00edho rozpo\u010dtu, k tomu je t\u0159eba opravdu mimo\u0159\u00e1dn\u00fd talent kombinovan\u00fd s naprost\u00fdm diletantismem a neschopnost\u00ed. Zejm\u00e9na ministr \u0161kolstv\u00ed Bek, kter\u00fd se do\u017eaduje pro p\u0159\u00ed\u0161t\u00ed rok v rozpo\u010dtu \u0161kolstv\u00ed 40 mld. korun nav\u00edc, je \u00fapln\u011b mimo rozpo\u010dtov\u00e9 mo\u017enosti st\u00e1tu.<\/p>\n<p>Ale \u0159ekn\u011bme si otev\u0159en\u011b, \u017ee mimo rozpo\u010dtov\u00e9 mo\u017enosti st\u00e1tu je zejm\u00e9na ministryn\u011b obrany, kter\u00e1 se do\u017eaduje v\u00a0rozpo\u010dtu p\u0159\u00ed\u0161t\u00edho roku t\u00e9m\u011b\u0159 170 mld. korun pro sv\u016fj resort, tj. 18 mld. n\u00e1r\u016fstu oproti leto\u0161n\u00edmu rozpo\u010dtu. Proto\u017ee nelze o\u010dek\u00e1vat jin\u00fd ne\u017eli miniaturn\u00ed r\u016fst n\u00e1rodn\u00edho hospod\u00e1\u0159stv\u00ed a tedy tit\u011brn\u00fd n\u00e1r\u016fst rozpo\u010dtov\u00fdch p\u0159\u00edjm\u016f, prakticky ve\u0161ker\u00fd p\u0159\u00edr\u016fstek rozpo\u010dtu p\u0159\u00edjm\u016f anebo jeho v\u011bt\u0161inu \u201ezhltne\u201c n\u00e1r\u016fst rozpo\u010dtu ministerstva obrany a infla\u010dn\u00ed n\u00e1r\u016fst v\u00a0polo\u017ece c\u00edrkevn\u00edch restituc\u00ed.<\/p>\n<p>Bylo by dobr\u00e9 v\u011bd\u011bt, na co vlastn\u011b pou\u017eila vl\u00e1da on\u011bch t\u00e9m\u011b\u0159 12 mld. rozpo\u010dtov\u00e9 rezervy. Prost\u011b Fialova vl\u00e1da ka\u017ed\u00fdm dnem p\u0159esv\u011bd\u010duje o tom, \u017ee nem\u00e1 na to, aby \u0159\u00eddila tento st\u00e1t. Je to trapn\u00e9, ale zejm\u00e9na v oblasti financ\u00ed p\u0159edv\u00e1d\u00ed vl\u00e1da d\u011bsupln\u00e9 p\u0159ehmaty.<\/p>\n<p><a href=\"https:\/\/vasevec.info\/domaci-politika\/skandalni-postupy-vlady\">Ji\u0159\u00ed Paroubek<\/a><\/p>\n<p><img decoding=\"async\" loading=\"lazy\" class=\"alignnone size-medium wp-image-2342\" src=\"http:\/\/www.infokuryr.cz\/n\/wp-content\/uploads\/2021\/06\/paroubek-300x208.jpg\" alt=\"\" width=\"300\" height=\"208\" srcset=\"https:\/\/www.infokuryr.cz\/n\/wp-content\/uploads\/2021\/06\/paroubek-300x208.jpg 300w, https:\/\/www.infokuryr.cz\/n\/wp-content\/uploads\/2021\/06\/paroubek.jpg 318w\" sizes=\"(max-width: 300px) 100vw, 300px\" \/><\/p>\n<p>&nbsp;<\/p>\n","protected":false},"excerpt":{"rendered":"<p>Digitalizace stavebn\u00edho \u0159\u00edzen\u00ed v pod\u00e1n\u00ed \u201eexperta\u201c Pir\u00e1tsk\u00e9 strany, m\u00edstop\u0159edsedy vl\u00e1dy a ministra pro m\u00edstn\u00ed rozvoj&#8230;<\/p>\n","protected":false},"author":2,"featured_media":32903,"comment_status":"closed","ping_status":"closed","sticky":false,"template":"","format":"standard","meta":[],"categories":[6],"tags":[363,7817,99],"_links":{"self":[{"href":"https:\/\/www.infokuryr.cz\/n\/wp-json\/wp\/v2\/posts\/60852"}],"collection":[{"href":"https:\/\/www.infokuryr.cz\/n\/wp-json\/wp\/v2\/posts"}],"about":[{"href":"https:\/\/www.infokuryr.cz\/n\/wp-json\/wp\/v2\/types\/post"}],"author":[{"embeddable":true,"href":"https:\/\/www.infokuryr.cz\/n\/wp-json\/wp\/v2\/users\/2"}],"replies":[{"embeddable":true,"href":"https:\/\/www.infokuryr.cz\/n\/wp-json\/wp\/v2\/comments?post=60852"}],"version-history":[{"count":0,"href":"https:\/\/www.infokuryr.cz\/n\/wp-json\/wp\/v2\/posts\/60852\/revisions"}],"wp:featuredmedia":[{"embeddable":true,"href":"https:\/\/www.infokuryr.cz\/n\/wp-json\/wp\/v2\/media\/32903"}],"wp:attachment":[{"href":"https:\/\/www.infokuryr.cz\/n\/wp-json\/wp\/v2\/media?parent=60852"}],"wp:term":[{"taxonomy":"category","embeddable":true,"href":"https:\/\/www.infokuryr.cz\/n\/wp-json\/wp\/v2\/categories?post=60852"},{"taxonomy":"post_tag","embeddable":true,"href":"https:\/\/www.infokuryr.cz\/n\/wp-json\/wp\/v2\/tags?post=60852"}],"curies":[{"name":"wp","href":"https:\/\/api.w.org\/{rel}","templated":true}]}}