{"id":60839,"date":"2024-08-27T00:48:40","date_gmt":"2024-08-26T22:48:40","guid":{"rendered":"https:\/\/www.infokuryr.cz\/n\/?p=60839"},"modified":"2024-08-26T18:14:43","modified_gmt":"2024-08-26T16:14:43","slug":"severni-korea-predvedla-nove-kamikadze-drony","status":"publish","type":"post","link":"https:\/\/www.infokuryr.cz\/n\/2024\/08\/27\/severni-korea-predvedla-nove-kamikadze-drony\/","title":{"rendered":"Severn\u00ed Korea p\u0159edvedla nov\u00e9 kamikadze drony"},"content":{"rendered":"<div id=\"fb-root\"><\/div>\n<p><span style=\"font-size: 18pt;\"><strong>V\u016fdce Kim \u010cong-un dohl\u00ed\u017eel na zku\u0161ebn\u00ed start bezpilotn\u00edch vzdu\u0161n\u00fdch prost\u0159edk\u016f, kter\u00e9 ni\u010d\u00ed r\u016fzn\u00e9 fale\u0161n\u00e9 c\u00edle<\/strong><\/span><\/p>\n<p>Severokorejsk\u00fd v\u016fdce Kim \u010cong-un dohl\u00ed\u017eel na testov\u00e1n\u00ed nov\u00fdch v tuzemsku vyvinut\u00fdch sebevra\u017eedn\u00fdch dron\u016f uprost\u0159ed rostouc\u00edho nap\u011bt\u00ed s USA a Ji\u017en\u00ed Koreou, uvedla v pond\u011bl\u00ed st\u00e1tn\u00ed tiskov\u00e1 agentura KCNA.<\/p>\n<p>D\u00e1lkov\u011b \u0159\u00edzen\u00e1 poflakuj\u00edc\u00ed se munice m\u016f\u017ee b\u00fdt \u00fadajn\u011b nasazena s r\u016fzn\u00fdmi dosahy \u00fader\u016f a je schopna spr\u00e1vn\u011b identifikovat a zni\u010dit pozemn\u00ed i n\u00e1mo\u0159n\u00ed c\u00edle.<\/p>\n<p>Kim vyzval v\u00fdzkumn\u00edky, aby vyvinuli a vyrobili v\u00edce sebevra\u017eedn\u00fdch dron\u016f r\u016fzn\u00fdch typ\u016f, kter\u00e9 by mohly b\u00fdt nasazeny u jednotek taktick\u00e9 p\u011bchoty a speci\u00e1ln\u00edch operac\u00ed, stejn\u011b jako u strategick\u00fdch pr\u016fzkumn\u00fdch a v\u00edce\u00fa\u010delov\u00fdch \u00fato\u010dn\u00fdch dron\u016f. Severokorejsk\u00fd v\u016fdce tak\u00e9 vyzval k zaveden\u00ed um\u011bl\u00e9 inteligence pro bezpilotn\u00ed letouny.<\/p>\n<p>Sn\u00edmky sd\u00edlen\u00e9 agenturou ukazuj\u00ed, jak drony vzl\u00e9taj\u00ed a ni\u010d\u00ed testovac\u00ed c\u00edle, v\u010detn\u011b fale\u0161n\u00e9ho tanku, a Kim, jak test pozoruje spolu s vysok\u00fdmi st\u00e1tn\u00edmi \u00fa\u0159edn\u00edky.<\/p>\n<p>V posledn\u00edch m\u011bs\u00edc\u00edch Severn\u00ed Korea aktivn\u011b buduje zbrojen\u00ed a z\u00e1rove\u0148 vyjad\u0159uje siln\u00e9 znepokojen\u00ed nad americk\u00fdmi vojensk\u00fdmi cvi\u010den\u00edmi prov\u00e1d\u011bn\u00fdmi pobl\u00ed\u017e Korejsk\u00e9ho poloostrova. Pchjongjang navrhl, \u017ee cvi\u010den\u00ed by mohla b\u00fdt n\u00e1cvikem mo\u017en\u00e9 invaze.<\/p>\n<p>Za\u010d\u00e1tkem tohoto m\u011bs\u00edce KCNA ozn\u00e1mila, \u017ee zem\u011b pos\u00edlila sv\u00e9 vojensk\u00e9 schopnosti 250 nov\u00fdmi odpalovac\u00edmi za\u0159\u00edzen\u00edmi taktick\u00fdch balistick\u00fdch raket. Kim tehdy uvedl, \u017ee nahromad\u011bn\u00ed bylo reakc\u00ed na to, co pova\u017euje za\u00a0<em>\u201est\u00e1le divo\u010dej\u0161\u00ed\u201c<\/em>\u00a0spolupr\u00e1ci mezi Washingtonem a jeho region\u00e1ln\u00edmi spojenci.<\/p>\n<p>V dubnu p\u0159i projevu ke student\u016fm Vojensk\u00e9 a politick\u00e9 akademie v Pchjongjangu severokorejsk\u00fd v\u016fdce \u0159ekl, \u017ee n\u00e1rod mus\u00ed b\u00fdt p\u0159ipraven bojovat a vyhr\u00e1t v\u00e1lku, s odkazem na nestabiln\u00ed vojenskou a politickou situaci v regionu.<\/p>\n<p>Nejnov\u011bj\u0161\u00ed test dronu p\u0159i\u0161el v dob\u011b, kdy americk\u00e9 a jihokorejsk\u00e9 arm\u00e1dy prov\u00e1d\u011bj\u00ed 11denn\u00ed vojensk\u00e1 cvi\u010den\u00ed, kter\u00e1 pokra\u010duj\u00ed do \u010dtvrtka. Spole\u010dn\u00e1 cvi\u010den\u00ed zahrnuj\u00ed po\u010d\u00edta\u010dov\u011b simulovan\u00e9 v\u00e1le\u010dn\u00e9 hry a v\u00edce ne\u017e 40 druh\u016f poln\u00edch cvi\u010den\u00ed, v\u010detn\u011b cvi\u010den\u00ed s \u017eivou palbou.<\/p>\n<p><img decoding=\"async\" loading=\"lazy\" class=\"alignnone size-full wp-image-1185\" src=\"http:\/\/www.infokuryr.cz\/n\/wp-content\/uploads\/2021\/04\/kuryr-podpis.png\" alt=\"\" width=\"84\" height=\"24\" \/><\/p>\n<p>&nbsp;<\/p>\n","protected":false},"excerpt":{"rendered":"<p>V\u016fdce Kim \u010cong-un dohl\u00ed\u017eel na zku\u0161ebn\u00ed start bezpilotn\u00edch vzdu\u0161n\u00fdch prost\u0159edk\u016f, kter\u00e9 ni\u010d\u00ed r\u016fzn\u00e9 fale\u0161n\u00e9 c\u00edle&#8230;<\/p>\n","protected":false},"author":2,"featured_media":60840,"comment_status":"closed","ping_status":"closed","sticky":false,"template":"","format":"standard","meta":[],"categories":[7],"tags":[2856,1644,2986],"_links":{"self":[{"href":"https:\/\/www.infokuryr.cz\/n\/wp-json\/wp\/v2\/posts\/60839"}],"collection":[{"href":"https:\/\/www.infokuryr.cz\/n\/wp-json\/wp\/v2\/posts"}],"about":[{"href":"https:\/\/www.infokuryr.cz\/n\/wp-json\/wp\/v2\/types\/post"}],"author":[{"embeddable":true,"href":"https:\/\/www.infokuryr.cz\/n\/wp-json\/wp\/v2\/users\/2"}],"replies":[{"embeddable":true,"href":"https:\/\/www.infokuryr.cz\/n\/wp-json\/wp\/v2\/comments?post=60839"}],"version-history":[{"count":0,"href":"https:\/\/www.infokuryr.cz\/n\/wp-json\/wp\/v2\/posts\/60839\/revisions"}],"wp:featuredmedia":[{"embeddable":true,"href":"https:\/\/www.infokuryr.cz\/n\/wp-json\/wp\/v2\/media\/60840"}],"wp:attachment":[{"href":"https:\/\/www.infokuryr.cz\/n\/wp-json\/wp\/v2\/media?parent=60839"}],"wp:term":[{"taxonomy":"category","embeddable":true,"href":"https:\/\/www.infokuryr.cz\/n\/wp-json\/wp\/v2\/categories?post=60839"},{"taxonomy":"post_tag","embeddable":true,"href":"https:\/\/www.infokuryr.cz\/n\/wp-json\/wp\/v2\/tags?post=60839"}],"curies":[{"name":"wp","href":"https:\/\/api.w.org\/{rel}","templated":true}]}}