{"id":60837,"date":"2024-08-27T00:47:44","date_gmt":"2024-08-26T22:47:44","guid":{"rendered":"https:\/\/www.infokuryr.cz\/n\/?p=60837"},"modified":"2024-08-26T18:12:25","modified_gmt":"2024-08-26T16:12:25","slug":"15-zemi-interpolu-se-pripojilo-k-honbe-za-ukrajinskym-valecnym-zlocincem-a-clenem-nacistickych-ss","status":"publish","type":"post","link":"https:\/\/www.infokuryr.cz\/n\/2024\/08\/27\/15-zemi-interpolu-se-pripojilo-k-honbe-za-ukrajinskym-valecnym-zlocincem-a-clenem-nacistickych-ss\/","title":{"rendered":"15 zem\u00ed Interpolu se p\u0159ipojilo k honb\u011b za ukrajinsk\u00fdm v\u00e1le\u010dn\u00fdm zlo\u010dincem a \u010dlenem nacistick\u00fdch SS"},"content":{"rendered":"<div id=\"fb-root\"><\/div>\n<p><span style=\"font-size: 18pt;\"><strong>Ukrajinsk\u00fd nacista Jaroslav Hunka, kter\u00fd byl vyznamen\u00e1n kanadsk\u00fdm parlamentem, je v Rusku hled\u00e1n za stovky vra\u017ed<\/strong><\/span><\/p>\n<p><span>Asi 15 \u010dlensk\u00fdch st\u00e1t\u016f Interpolu se p\u0159ipojilo k rusk\u00e9mu \u00fasil\u00ed naj\u00edt a vydat Jaroslava Hunku, 99let\u00e9ho veter\u00e1na Waffen-SS, kter\u00e9ho loni skand\u00e1ln\u011b vyznamenal kanadsk\u00fd parlament, ozn\u00e1milo v pond\u011bl\u00ed rusk\u00e9 ministerstvo vnitra.<\/span><\/p>\n<p><span>Hunka se dostal do titulk\u016f, kdy\u017e se loni objevil v kanadsk\u00e9m parlamentu jako host b\u011bhem n\u00e1v\u0161t\u011bvy ukrajinsk\u00e9ho v\u016fdce Vladimira Zelensk\u00e9ho. Hunka, jeho\u017e jednotka Waffen-SS prov\u00e1d\u011bla za druh\u00e9 sv\u011btov\u00e9 v\u00e1lky zv\u011brstva na \u017didech a Pol\u00e1c\u00edch na v\u00fdchodn\u00ed front\u011b, sklidil bou\u0159liv\u00e9 ovace, za kter\u00e9 se pozd\u011bji musel omluvit kanadsk\u00fd premi\u00e9r Justin Trudeau.<\/span><\/p>\n<p><span>Po ne\u00fasp\u011b\u0161n\u00e9m pokusu o vyd\u00e1n\u00ed Hunky od konce roku 2023 rusk\u00e1 gener\u00e1ln\u00ed prokuratura minul\u00fd t\u00fdden ozn\u00e1mila, \u017ee ukrajinsko-kanadsk\u00fd nacista byl kone\u010dn\u011b p\u0159id\u00e1n do datab\u00e1ze Interpolu a \u017ee Moskva bude usilovat o jeho vyd\u00e1n\u00ed, pokud Kanadu opust\u00ed.<\/span><\/p>\n<p><span>Od pond\u011bl\u00ed se 15 \u010dlensk\u00fdch st\u00e1t\u016f Interpolu dohodlo na zat\u010den\u00ed Hunky, pokud vstoup\u00ed na jejich \u00fazem\u00ed, uvedlo v prohl\u00e1\u0161en\u00ed rusk\u00e9 ministerstvo vnitra.<\/span><\/p>\n<p><em><span>&#8222;V\u0161ichni v\u00e1le\u010dn\u00ed zlo\u010dinci, kte\u0159\u00ed sp\u00e1chali krvav\u00e1 zv\u011brstva na civilistech, dostanou trest, kter\u00fd si zaslou\u017e\u00ed,&#8220;<\/span><\/em><span>\u00a0uvedlo ministerstvo.\u00a0<\/span><em><span>&#8222;Koneckonc\u016f, pro takov\u00e9 zlo\u010diny neexistuje \u017e\u00e1dn\u00e1 proml\u010dec\u00ed lh\u016fta.&#8220;<\/span><\/em><\/p>\n<p><span>Hunka byl \u010dlenem 14. divize Waffen Grenadier SS, zn\u00e1m\u00e9 tak\u00e9 jako divize Galicia. Galicijsk\u00e1 divize, kter\u00e1 vznikla pod nacistick\u00fdm re\u017eimem v roce 1943, se skl\u00e1dala p\u0159edev\u0161\u00edm z ukrajinsk\u00fdch rekrut\u016f z oblasti Galicie, na \u00fazem\u00ed dne\u0161n\u00ed z\u00e1padn\u00ed Ukrajiny a v\u00fdchodn\u00edho Polska.\u00a0<\/span><\/p>\n<p><span>Rusko Hunku obvinilo z pod\u00edlu na vra\u017ed\u011b nejm\u00e9n\u011b 500 sov\u011btsk\u00fdch ob\u010dan\u016f.<\/span><\/p>\n<p><span>P\u0159ed jeho lo\u0148sk\u00fdm potleskem ve stoje p\u0159edstavil Hunka kanadsk\u00fdm z\u00e1konod\u00e1rc\u016fm p\u0159edseda Sn\u011bmovny reprezentant\u016f Anthony Rota jako\u00a0<\/span><em><span>\u201eukrajinsk\u00e9ho hrdinu, kanadsk\u00e9ho hrdinu\u2026, kter\u00fd bojoval za ukrajinskou nez\u00e1vislost proti Rus\u016fm\u201c.<\/span><\/em><\/p>\n<p><span>Rusk\u00e9 ministerstvo vnitra neuvedlo seznam v\u0161ech zem\u00ed, kter\u00e9 souhlasily s pron\u00e1sledov\u00e1n\u00edm Hunky. Polsko v\u0161ak od lo\u0148sk\u00e9ho roku prosazovalo jeho vyd\u00e1n\u00ed, zat\u00edmco \u0161\u00e9f izraelsk\u00e9ho antifa\u0161istick\u00e9ho hnut\u00ed minul\u00fd t\u00fdden prohl\u00e1sil, \u017ee jeho organizace vyzvala jakoukoli\u00a0<\/span><em><span>\u201ezemi, kter\u00e1 ukr\u00fdv\u00e1 tohoto zlo\u010dince\u201c,<\/span><\/em><span>\u00a0aby ho vydala.<\/span><\/p>\n<p><img decoding=\"async\" loading=\"lazy\" class=\"alignnone size-full wp-image-1185\" src=\"http:\/\/www.infokuryr.cz\/n\/wp-content\/uploads\/2021\/04\/kuryr-podpis.png\" alt=\"\" width=\"84\" height=\"24\" \/><\/p>\n<p>&nbsp;<\/p>\n","protected":false},"excerpt":{"rendered":"<p>Ukrajinsk\u00fd nacista Jaroslav Hunka, kter\u00fd byl vyznamen\u00e1n kanadsk\u00fdm parlamentem, je v Rusku hled\u00e1n za stovky&#8230;<\/p>\n","protected":false},"author":2,"featured_media":60838,"comment_status":"closed","ping_status":"closed","sticky":false,"template":"","format":"standard","meta":[],"categories":[7],"tags":[248,271,6169],"_links":{"self":[{"href":"https:\/\/www.infokuryr.cz\/n\/wp-json\/wp\/v2\/posts\/60837"}],"collection":[{"href":"https:\/\/www.infokuryr.cz\/n\/wp-json\/wp\/v2\/posts"}],"about":[{"href":"https:\/\/www.infokuryr.cz\/n\/wp-json\/wp\/v2\/types\/post"}],"author":[{"embeddable":true,"href":"https:\/\/www.infokuryr.cz\/n\/wp-json\/wp\/v2\/users\/2"}],"replies":[{"embeddable":true,"href":"https:\/\/www.infokuryr.cz\/n\/wp-json\/wp\/v2\/comments?post=60837"}],"version-history":[{"count":0,"href":"https:\/\/www.infokuryr.cz\/n\/wp-json\/wp\/v2\/posts\/60837\/revisions"}],"wp:featuredmedia":[{"embeddable":true,"href":"https:\/\/www.infokuryr.cz\/n\/wp-json\/wp\/v2\/media\/60838"}],"wp:attachment":[{"href":"https:\/\/www.infokuryr.cz\/n\/wp-json\/wp\/v2\/media?parent=60837"}],"wp:term":[{"taxonomy":"category","embeddable":true,"href":"https:\/\/www.infokuryr.cz\/n\/wp-json\/wp\/v2\/categories?post=60837"},{"taxonomy":"post_tag","embeddable":true,"href":"https:\/\/www.infokuryr.cz\/n\/wp-json\/wp\/v2\/tags?post=60837"}],"curies":[{"name":"wp","href":"https:\/\/api.w.org\/{rel}","templated":true}]}}