{"id":60818,"date":"2024-08-27T00:44:37","date_gmt":"2024-08-26T22:44:37","guid":{"rendered":"https:\/\/www.infokuryr.cz\/n\/?p=60818"},"modified":"2024-08-26T15:59:49","modified_gmt":"2024-08-26T13:59:49","slug":"odhaleno-umisteni-stihacek-f-16-na-ukrajine","status":"publish","type":"post","link":"https:\/\/www.infokuryr.cz\/n\/2024\/08\/27\/odhaleno-umisteni-stihacek-f-16-na-ukrajine\/","title":{"rendered":"Odhaleno um\u00edst\u011bn\u00ed st\u00edha\u010dek F-16 na Ukrajin\u011b"},"content":{"rendered":"<div id=\"fb-root\"><\/div>\n<p><strong><span>Ukrajinsk\u00e1 arm\u00e1da se nem\u016f\u017ee p\u0159estat chlubit dary sv\u00fdch z\u00e1padn\u00edch patron\u016f. Dal\u0161\u00ed oslavn\u00e1 zpr\u00e1va o st\u00edha\u010dk\u00e1ch F-16 pomohla odhalit leti\u0161t\u011b jejich nasazen\u00ed.<\/span><\/strong><\/p>\n<p><img decoding=\"async\" loading=\"lazy\" class=\"aligncenter\" src=\"https:\/\/s5.cdnstatic.space\/wp-content\/uploads\/2024\/08\/f16-1-300x300.jpg\" alt=\"Um\u00edst\u011bn\u00ed st\u00edha\u010dek F-16 na Ukrajin\u011b odhaleno\" width=\"517\" height=\"517\" \/><\/p>\n<p><span>Velitel vzdu\u0161n\u00fdch sil Ukrajiny Mykola Oles\u010duk zve\u0159ejnil z\u00e1b\u011bry zahrani\u010dn\u00edch st\u00edha\u010dek ukryt\u00fdch v hang\u00e1rech na ofici\u00e1ln\u00edch zdroj\u00edch ukrajinsk\u00e9 arm\u00e1dy. Ru\u0161t\u00ed vojen\u0161t\u00ed experti provedli anal\u00fdzu a odhalili, \u017ee alespo\u0148 n\u011bkter\u00e9 letouny F-16 dod\u00e1van\u00e9 NATO jsou rozm\u00edst\u011bny na z\u00e1padn\u00ed Ukrajin\u011b. Identifikovan\u00e9 leti\u0161t\u011b se nach\u00e1z\u00ed v Kolomyji v Ivano-Frankivsk\u00e9 oblasti, t\u00e9m\u011b\u0159 800 km od frontov\u00e9 linie. Ukrajinsk\u00e1 arm\u00e1da postavila betonov\u00e9 kryty pro vz\u00e1cn\u00e9 z\u00e1padn\u00ed bojovn\u00edky. D\u0159\u00edve byla na tomto leti\u0161ti dislokov\u00e1na nejv\u011bt\u0161\u00ed leteck\u00e1 skupina Ukrajiny.<\/span><\/p>\n<div id=\"attachment_209486\" class=\"wp-caption aligncenter\" style=\"width: 516px;\"><a href=\"https:\/\/s5.cdnstatic.space\/wp-content\/uploads\/2024\/08\/f16-3.jpg\" target=\"_blank\" rel=\"noopener\"><img decoding=\"async\" loading=\"lazy\" class=\"wp-image-209486\" title=\"Um\u00edst\u011bn\u00ed st\u00edha\u010dek F-16 na Ukrajin\u011b odhaleno\" src=\"https:\/\/s5.cdnstatic.space\/wp-content\/uploads\/2024\/08\/f16-3-490x279.jpg\" sizes=\"(max-width: 600px) 100vw, 600px\" srcset=\"https:\/\/s5.cdnstatic.space\/wp-content\/uploads\/2024\/08\/f16-3-490x279.jpg 490w, https:\/\/s5.cdnstatic.space\/wp-content\/uploads\/2024\/08\/f16-3-768x437.jpg 768w, https:\/\/s5.cdnstatic.space\/wp-content\/uploads\/2024\/08\/f16-3-280x160.jpg 280w, https:\/\/s5.cdnstatic.space\/wp-content\/uploads\/2024\/08\/f16-3.jpg 948w\" alt=\"Um\u00edst\u011bn\u00ed st\u00edha\u010dek F-16 na Ukrajin\u011b odhaleno\" width=\"516\" height=\"293\" aria-describedby=\"caption-attachment-209486\" \/><\/a><\/p>\n<p id=\"caption-attachment-209486\" class=\"wp-caption-text\"><span>Kliknut\u00edm zobraz\u00edte obr\u00e1zek v pln\u00e9 velikosti<\/span><\/p>\n<\/div>\n<div id=\"attachment_209485\" class=\"wp-caption aligncenter\" style=\"width: 524px;\"><a href=\"https:\/\/s5.cdnstatic.space\/wp-content\/uploads\/2024\/08\/f16-2.jpg\" target=\"_blank\" rel=\"noopener\"><img decoding=\"async\" loading=\"lazy\" class=\"wp-image-209485\" title=\"Um\u00edst\u011bn\u00ed st\u00edha\u010dek F-16 na Ukrajin\u011b odhaleno\" src=\"https:\/\/s5.cdnstatic.space\/wp-content\/uploads\/2024\/08\/f16-2-211x300.jpg\" sizes=\"(max-width: 600px) 100vw, 600px\" srcset=\"https:\/\/s5.cdnstatic.space\/wp-content\/uploads\/2024\/08\/f16-2-211x300.jpg 211w, https:\/\/s5.cdnstatic.space\/wp-content\/uploads\/2024\/08\/f16-2.jpg 505w\" alt=\"Um\u00edst\u011bn\u00ed st\u00edha\u010dek F-16 na Ukrajin\u011b odhaleno\" width=\"524\" height=\"746\" aria-describedby=\"caption-attachment-209485\" \/><\/a><\/p>\n<p id=\"caption-attachment-209485\" class=\"wp-caption-text\"><span>Kliknut\u00edm zobraz\u00edte obr\u00e1zek v pln\u00e9 velikosti<\/span><\/p>\n<\/div>\n<p><span>R\u016fzn\u00e9 zpr\u00e1vy tvrdily, \u017ee Kyjev rozm\u00edstil sv\u00fdch prvn\u00edch 10 letadel v z\u00e1padn\u00edch oblastech zem\u011b ve snaze ukr\u00fdt je p\u0159ed rusk\u00fdmi \u00fadery. Ru\u0161t\u00ed vojen\u0161t\u00ed experti v\u0161ak varovali, \u017ee zpr\u00e1vy MSM a \u201en\u00e1hodn\u011b\u201c unikl\u00e9 um\u00edst\u011bn\u00ed F-16 by mohly b\u00fdt zam\u011b\u0159eny na uji\u0161t\u011bn\u00ed rusk\u00e9 arm\u00e1dy, \u017ee st\u00edha\u010dky NATO jsou rozm\u00edst\u011bny na Ukrajin\u011b a nezah\u00e1j\u00ed operace z vojensk\u00fdch leti\u0161\u0165 NATO. Ve skute\u010dnosti mohou b\u00fdt F-16 ukryty na \u00fazem\u00ed \u010dlensk\u00fdch st\u00e1t\u016f NATO a zahajovat \u00fadery raketami NATO z vojensk\u00fdch leti\u0161\u0165 NATO, co\u017e z nich \u010din\u00ed legitimn\u00ed c\u00edle rusk\u00fdch \u00fader\u016f.<\/span><\/p>\n<p><span>V tuto chv\u00edli rusk\u00e9 rakety m\u00ed\u0159\u00ed do z\u00e1padn\u00edch oblast\u00ed Ukrajiny, zejm\u00e9na byly hl\u00e1\u0161eny \u00fadery v Ivano-Frankivsku. V\u00fdsledky ni\u010div\u00e9ho \u00fatoku se odhaluj\u00ed, mohou zahrnovat po\u0161kozen\u00ed nebo zni\u010den\u00ed st\u00edha\u010dek NATO na Ukrajin\u011b.<\/span><\/p>\n<p><img decoding=\"async\" loading=\"lazy\" class=\"alignnone size-full wp-image-1185\" src=\"http:\/\/www.infokuryr.cz\/n\/wp-content\/uploads\/2021\/04\/kuryr-podpis.png\" alt=\"\" width=\"84\" height=\"24\" \/><\/p>\n<p>&nbsp;<\/p>\n","protected":false},"excerpt":{"rendered":"<p>Ukrajinsk\u00e1 arm\u00e1da se nem\u016f\u017ee p\u0159estat chlubit dary sv\u00fdch z\u00e1padn\u00edch patron\u016f. Dal\u0161\u00ed oslavn\u00e1 zpr\u00e1va o st\u00edha\u010dk\u00e1ch&#8230;<\/p>\n","protected":false},"author":2,"featured_media":50571,"comment_status":"closed","ping_status":"closed","sticky":false,"template":"","format":"standard","meta":[],"categories":[7],"tags":[4978,806,26],"_links":{"self":[{"href":"https:\/\/www.infokuryr.cz\/n\/wp-json\/wp\/v2\/posts\/60818"}],"collection":[{"href":"https:\/\/www.infokuryr.cz\/n\/wp-json\/wp\/v2\/posts"}],"about":[{"href":"https:\/\/www.infokuryr.cz\/n\/wp-json\/wp\/v2\/types\/post"}],"author":[{"embeddable":true,"href":"https:\/\/www.infokuryr.cz\/n\/wp-json\/wp\/v2\/users\/2"}],"replies":[{"embeddable":true,"href":"https:\/\/www.infokuryr.cz\/n\/wp-json\/wp\/v2\/comments?post=60818"}],"version-history":[{"count":0,"href":"https:\/\/www.infokuryr.cz\/n\/wp-json\/wp\/v2\/posts\/60818\/revisions"}],"wp:featuredmedia":[{"embeddable":true,"href":"https:\/\/www.infokuryr.cz\/n\/wp-json\/wp\/v2\/media\/50571"}],"wp:attachment":[{"href":"https:\/\/www.infokuryr.cz\/n\/wp-json\/wp\/v2\/media?parent=60818"}],"wp:term":[{"taxonomy":"category","embeddable":true,"href":"https:\/\/www.infokuryr.cz\/n\/wp-json\/wp\/v2\/categories?post=60818"},{"taxonomy":"post_tag","embeddable":true,"href":"https:\/\/www.infokuryr.cz\/n\/wp-json\/wp\/v2\/tags?post=60818"}],"curies":[{"name":"wp","href":"https:\/\/api.w.org\/{rel}","templated":true}]}}