{"id":6080,"date":"2021-11-10T17:33:31","date_gmt":"2021-11-10T16:33:31","guid":{"rendered":"http:\/\/www.infokuryr.cz\/n\/?p=6080"},"modified":"2021-11-10T17:33:31","modified_gmt":"2021-11-10T16:33:31","slug":"polsti-pohranicnici-surove-mlatili-migranty-na-hranici-s-beloruskem-znepokojive-obrazky","status":"publish","type":"post","link":"https:\/\/www.infokuryr.cz\/n\/2021\/11\/10\/polsti-pohranicnici-surove-mlatili-migranty-na-hranici-s-beloruskem-znepokojive-obrazky\/","title":{"rendered":"Pol\u0161t\u00ed pohrani\u010dn\u00edci surov\u011b ml\u00e1tili migranty na hranici s B\u011bloruskem (znepokojiv\u00e9 obr\u00e1zky!)"},"content":{"rendered":"<div id=\"fb-root\"><\/div>\n<div class=\"ArticleView-summary\">\n<div class=\"Text-root Text-type_1 \"><strong>Pozor!\u00a0Obsah videa a fotografi\u00ed v doln\u00ed \u010d\u00e1sti t\u00e9to zpr\u00e1vy m\u016f\u017ee b\u00fdt pro n\u011bkter\u00e9 lidi znepokojuj\u00edc\u00ed!\u00a0\u010cty\u0159i kurd\u0161t\u00ed uprchl\u00edci byli t\u00fdr\u00e1ni polsk\u00fdmi bezpe\u010dnostn\u00edmi silami na hranici s Polskem.\u00a0Informovala o tom b\u011blorusk\u00e1 pohrani\u010dn\u00ed str\u00e1\u017e.<\/strong><\/div>\n<\/div>\n<div class=\"ArticleView-coverWrap\"><\/div>\n<div class=\"Text-root Text-type_5 ArticleView-text ViewText-root \">\n<p>Kurd\u0161t\u00ed uprchl\u00edci, kte\u0159\u00ed byli zbiti polsk\u00fdmi bezpe\u010dnostn\u00edmi silami, byli nalezeni v t\u00e1bo\u0159e spont\u00e1nn\u00edch migrant\u016f na b\u011blorusko-polsk\u00e9 hranici.<\/p>\n<blockquote><p><em>&#8222;Dnes v noci [z 9. na 10. listopadu] byli ve spont\u00e1nn\u00edm uprchlick\u00e9m t\u00e1bo\u0159e na b\u011blorusko-polsk\u00e9 hranici nalezeni \u010dty\u0159i mu\u017ei, jejich n\u00e1rodnost\u00ed byli Kurdov\u00e9. V\u0161ichni vykazovali r\u016fzn\u00e1 zran\u011bn\u00ed a zn\u00e1mky fyzick\u00e9ho n\u00e1sil\u00ed.&#8220;<\/em><\/p><\/blockquote>\n<figure class=\"RTImage-root\">\n<div class=\"RTImage-image RTImage-original\"><picture class=\"Picture-root Picture-original\"><source srcset=\" \nhttps:\/\/cdni.rt.com\/deutsch\/images\/2021.11\/original\/618bd77548fbef6ef91bce54.jpeg 850w,\n                https:\/\/cdni.rt.com\/deutsch\/images\/2021.11\/original\/618bd77548fbef6ef91bce54.jpeg 1960w,\n            \" media=\"(-webkit-min-device-pixel-ratio: 2) and (min-resolution: 120dpi)\" sizes=\"912px\" data-srcset=\"\n                https:\/\/cdni.rt.com\/deutsch\/images\/2021.11\/original\/618bd77548fbef6ef91bce54.jpeg 850w,\n                https:\/\/cdni.rt.com\/deutsch\/images\/2021.11\/original\/618bd77548fbef6ef91bce54.jpeg 1960w,\n            \" \/><source srcset=\" \nhttps:\/\/cdni.rt.com\/deutsch\/images\/2021.11\/original\/618bd77548fbef6ef91bce54.jpeg 460w,\n              https:\/\/cdni.rt.com\/deutsch\/images\/2021.11\/original\/618bd77548fbef6ef91bce54.jpeg 980w,\n            \" sizes=\"912px\" data-srcset=\"\n              https:\/\/cdni.rt.com\/deutsch\/images\/2021.11\/original\/618bd77548fbef6ef91bce54.jpeg 460w,\n              https:\/\/cdni.rt.com\/deutsch\/images\/2021.11\/original\/618bd77548fbef6ef91bce54.jpeg 980w,\n            \" \/><img decoding=\"async\" class=\"Picture-root Picture-original lazyautosizes lazyloaded\" src=\"https:\/\/cdni.rt.com\/deutsch\/images\/2021.11\/original\/618bd77548fbef6ef91bce54.jpeg\" sizes=\"912px\" alt=\"\" data-sizes=\"auto\" data-src=\"https:\/\/cdni.rt.com\/deutsch\/images\/2021.11\/original\/618bd77548fbef6ef91bce54.jpeg\" \/><\/picture><\/div><figcaption class=\"RTImage-footer\"><span class=\"RTImage-source\"><span class=\"RTImage-captionItem\">gpk.gov.by<\/span><\/span><\/figcaption><\/figure>\n<figure class=\"RTImage-root\">\n<div class=\"RTImage-image RTImage-original\"><picture class=\"Picture-root Picture-original\"><source srcset=\" \nhttps:\/\/cdni.rt.com\/deutsch\/images\/2021.11\/original\/618bd77548fbef6ef91bce53.jpg 850w,\n                https:\/\/cdni.rt.com\/deutsch\/images\/2021.11\/original\/618bd77548fbef6ef91bce53.jpg 1960w,\n            \" media=\"(-webkit-min-device-pixel-ratio: 2) and (min-resolution: 120dpi)\" sizes=\"912px\" data-srcset=\"\n                https:\/\/cdni.rt.com\/deutsch\/images\/2021.11\/original\/618bd77548fbef6ef91bce53.jpg 850w,\n                https:\/\/cdni.rt.com\/deutsch\/images\/2021.11\/original\/618bd77548fbef6ef91bce53.jpg 1960w,\n            \" \/><source srcset=\" \nhttps:\/\/cdni.rt.com\/deutsch\/images\/2021.11\/original\/618bd77548fbef6ef91bce53.jpg 460w,\n              https:\/\/cdni.rt.com\/deutsch\/images\/2021.11\/original\/618bd77548fbef6ef91bce53.jpg 980w,\n            \" sizes=\"912px\" data-srcset=\"\n              https:\/\/cdni.rt.com\/deutsch\/images\/2021.11\/original\/618bd77548fbef6ef91bce53.jpg 460w,\n              https:\/\/cdni.rt.com\/deutsch\/images\/2021.11\/original\/618bd77548fbef6ef91bce53.jpg 980w,\n            \" \/><img decoding=\"async\" class=\"Picture-root Picture-original lazyautosizes lazyloaded\" src=\"https:\/\/cdni.rt.com\/deutsch\/images\/2021.11\/original\/618bd77548fbef6ef91bce53.jpg\" sizes=\"912px\" alt=\"\" data-sizes=\"auto\" data-src=\"https:\/\/cdni.rt.com\/deutsch\/images\/2021.11\/original\/618bd77548fbef6ef91bce53.jpg\" \/><\/picture><\/div><figcaption class=\"RTImage-footer\"><span class=\"RTImage-source\"><span class=\"RTImage-captionItem\">gpk.gov.by<\/span><\/span><\/figcaption><\/figure>\n<p>B\u011blorusk\u00fd v\u00fdbor pohrani\u010dn\u00ed str\u00e1\u017ee s odkazem na sv\u011bdectv\u00ed ob\u011bt\u00ed zd\u016fraz\u0148uje, \u017ee migranti vstoupili na st\u00e1tn\u00ed \u00fazem\u00ed Polska, kde se sna\u017eili po\u017e\u00e1dat o ochranu a status uprchl\u00edka.\u00a0M\u00edsto toho byli zat\u010deni a zbiti:<\/p>\n<blockquote><p><em>&#8222;Podle \u010detn\u00fdch zran\u011bn\u00ed na t\u011blech migrant\u016f polsk\u00e9 bezpe\u010dnostn\u00ed s\u00edly s lidmi \u0161patn\u011b zach\u00e1zely a p\u0159etla\u010dily je p\u0159es ostnat\u00fd plot na hranici s B\u011bloruskem.&#8220;<\/em><\/p><\/blockquote>\n<p>Ob\u011btem se dostalo pot\u0159ebn\u00e9 l\u00e9ka\u0159sk\u00e9 pomoci, uzav\u00edr\u00e1 zpr\u00e1va.<\/p>\n<p><iframe loading=\"lazy\" title=\"Poland stops migrants from crossing Belarus border | DW News\" width=\"640\" height=\"360\" src=\"https:\/\/www.youtube.com\/embed\/cSbKMD2zgfs?feature=oembed\" frameborder=\"0\" allow=\"accelerometer; autoplay; clipboard-write; encrypted-media; gyroscope; picture-in-picture\" allowfullscreen><\/iframe><\/p>\n<p><iframe loading=\"lazy\" title=\"Poland-Belarus border tensions intensify | DW News\" width=\"640\" height=\"360\" src=\"https:\/\/www.youtube.com\/embed\/y67uvAINmks?feature=oembed\" frameborder=\"0\" allow=\"accelerometer; autoplay; clipboard-write; encrypted-media; gyroscope; picture-in-picture\" allowfullscreen><\/iframe><\/p>\n<p><img decoding=\"async\" loading=\"lazy\" class=\"alignnone size-full wp-image-1185\" src=\"http:\/\/www.infokuryr.cz\/n\/wp-content\/uploads\/2021\/04\/kuryr-podpis.png\" alt=\"\" width=\"84\" height=\"24\" \/><\/p>\n<p>&nbsp;<\/p>\n<div class=\"EmbedBlock-root EmbedBlock-video\">\n<div class=\"VideoEmbed\">\n<div id=\"mediaplayer-js-mediaplayer-618bd803b480cc6de11f712e-block\" class=\"mediaplayer arcticle-media_js_hide-title\">\n<div id=\"js-mediaplayer-618bd803b480cc6de11f712e\" class=\"jwplayer jw-reset jw-state-paused jw-skin-five jw-stretch-uniform jw-flag-aspect-mode jw-breakpoint-5 jw-no-focus jw-flag-user-inactive\" tabindex=\"0\">\n<div class=\"jw-captions jw-captions-enabled jw-reset\"><\/div>\n<\/div>\n<\/div>\n<\/div>\n<\/div>\n<\/div>\n","protected":false},"excerpt":{"rendered":"<p>Pozor!\u00a0Obsah videa a fotografi\u00ed v doln\u00ed \u010d\u00e1sti t\u00e9to zpr\u00e1vy m\u016f\u017ee b\u00fdt pro n\u011bkter\u00e9 lidi znepokojuj\u00edc\u00ed!\u00a0\u010cty\u0159i&#8230;<\/p>\n","protected":false},"author":2,"featured_media":6081,"comment_status":"closed","ping_status":"closed","sticky":false,"template":"","format":"standard","meta":[],"categories":[7],"tags":[150,41,119,31],"_links":{"self":[{"href":"https:\/\/www.infokuryr.cz\/n\/wp-json\/wp\/v2\/posts\/6080"}],"collection":[{"href":"https:\/\/www.infokuryr.cz\/n\/wp-json\/wp\/v2\/posts"}],"about":[{"href":"https:\/\/www.infokuryr.cz\/n\/wp-json\/wp\/v2\/types\/post"}],"author":[{"embeddable":true,"href":"https:\/\/www.infokuryr.cz\/n\/wp-json\/wp\/v2\/users\/2"}],"replies":[{"embeddable":true,"href":"https:\/\/www.infokuryr.cz\/n\/wp-json\/wp\/v2\/comments?post=6080"}],"version-history":[{"count":0,"href":"https:\/\/www.infokuryr.cz\/n\/wp-json\/wp\/v2\/posts\/6080\/revisions"}],"wp:featuredmedia":[{"embeddable":true,"href":"https:\/\/www.infokuryr.cz\/n\/wp-json\/wp\/v2\/media\/6081"}],"wp:attachment":[{"href":"https:\/\/www.infokuryr.cz\/n\/wp-json\/wp\/v2\/media?parent=6080"}],"wp:term":[{"taxonomy":"category","embeddable":true,"href":"https:\/\/www.infokuryr.cz\/n\/wp-json\/wp\/v2\/categories?post=6080"},{"taxonomy":"post_tag","embeddable":true,"href":"https:\/\/www.infokuryr.cz\/n\/wp-json\/wp\/v2\/tags?post=6080"}],"curies":[{"name":"wp","href":"https:\/\/api.w.org\/{rel}","templated":true}]}}