{"id":60778,"date":"2024-08-26T05:12:55","date_gmt":"2024-08-26T03:12:55","guid":{"rendered":"https:\/\/www.infokuryr.cz\/n\/?p=60778"},"modified":"2024-08-26T05:12:55","modified_gmt":"2024-08-26T03:12:55","slug":"zatceni-zakladatele-a-sefa-telegramu-prislo-v-odvete-za-odmitnuti-cenzurovat-unikle-dokumenty-izraelske-vlady","status":"publish","type":"post","link":"https:\/\/www.infokuryr.cz\/n\/2024\/08\/26\/zatceni-zakladatele-a-sefa-telegramu-prislo-v-odvete-za-odmitnuti-cenzurovat-unikle-dokumenty-izraelske-vlady\/","title":{"rendered":"Zat\u010den\u00ed zakladatele a \u0161\u00e9fa Telegramu p\u0159i\u0161lo v odvet\u011b za odm\u00edtnut\u00ed cenzurovat unikl\u00e9 dokumenty izraelsk\u00e9 vl\u00e1dy&#8230;"},"content":{"rendered":"<div id=\"fb-root\"><\/div>\n<h4>Zat\u010den\u00ed zakladatele a \u0161\u00e9fa Telegramu p\u0159i\u0161lo v odvet\u011b za odm\u00edtnut\u00ed cenzurovat unikl\u00e9 dokumenty izraelsk\u00e9 vl\u00e1dy Benjamina Netanyahua o zv\u011brstvech IDF v Gaze, kter\u00e9 z Telegramu na\u010derpal i Mezin\u00e1rodn\u00ed trestn\u00ed soud v Haagu! Pavla Durova m\u016f\u017ee \u010dekat osud Juliana Assange! Durov dokonce vyl\u00ed\u010dil, jak americk\u00e9 tajn\u00e9 slu\u017eby cht\u011bly najmout jeho v\u00fdvoj\u00e1\u0159e a dokonce samotn\u00e9ho Durova p\u0159emlouvala FBI b\u011bhem n\u00e1v\u0161t\u011bvy v USA!<\/h4>\n<p>Soci\u00e1ln\u00edmi s\u00edt\u011bmi po cel\u00e9m sv\u011bt\u011b v posledn\u00edch hodin\u00e1ch ot\u0159\u00e1s\u00e1 kauza zat\u010den\u00ed Pavla Durova, rusk\u00e9ho v\u00fdvoj\u00e1\u0159e, zakladatele a sou\u010dasn\u00e9ho \u0161\u00e9fa soci\u00e1ln\u00ed s\u00edt\u011b Telegram. Durov byl podle informac\u00ed zat\u010den v sobotu na leti\u0161ti Le Bourget v Pa\u0159\u00ed\u017ei, kam p\u0159ilet\u011bl sv\u00fdm soukrom\u00fdm trysk\u00e1\u010dem z Dubaje, kde m\u00e1 Durov trval\u00e9 bydli\u0161t\u011b. Podle posledn\u00edch informac\u00ed mu pr\u00fd hroz\u00ed a\u017e 20 let v\u011bzen\u00ed za to, \u017ee pr\u00fd na jeho soci\u00e1ln\u00ed s\u00edti Telegram poskytoval ochranu a \u00fato\u010di\u0161t\u011b terorist\u016fm.<\/p>\n<p>Podle posledn\u00edch informac\u00ed byl Durov v sobotu 24. srpna po p\u0159\u00edletu do Francie zat\u010den v r\u00e1mci \u0159\u00edzen\u00ed, v n\u011bm\u017e je\u00a0<strong>Telegram obvin\u011bn [<a href=\"https:\/\/href.li\/?https:\/\/www.lemonde.fr\/en\/pixels\/article\/2024\/08\/25\/telegram-ceo-pavel-durov-arrested-in-france-in-world-first-case_6721434_13.html\" target=\"_blank\" rel=\"nofollow noopener\">1<\/a>] ze spolu\u00fa\u010dasti na mnoha p\u0159\u00edpadech spojen\u00fdch s obchodov\u00e1n\u00edm s drogami,\u00a0podporou terorismu\u00a0a kybernetick\u00fdm pron\u00e1sledov\u00e1n\u00edm v souvislosti s\u00a0d\u011btskou pornografi\u00ed.<\/strong>\u00a0Jak odhalil francouzsk\u00fd zpravodajsk\u00fd kan\u00e1l TF1\/LCI\u00a0<strong>[<a href=\"https:\/\/href.li\/?https:\/\/www.tf1info.fr\/justice-faits-divers\/info-tf1-lci-le-fondateur-et-pdg-de-la-messagerie-cryptee-telegram-interpelle-en-france-2316072.html\" target=\"_blank\" rel=\"nofollow noopener\">2<\/a>]<\/strong>, Durov byl zat\u010den na leti\u0161ti Le Bourget, kde byl na cest\u011b do ve\u010dern\u00ed Pa\u0159\u00ed\u017ee v doprovodu sv\u00e9ho bodyguarda a asistenta.\u00a0Cel\u00e1 v\u011bc m\u00e1 ale z\u00e1sadn\u00ed h\u00e1\u010dek.<\/p>\n<p>&nbsp;<\/p>\n<div id=\"rumble_v5a0yzm\">\n<div id=\"vid_v5a0yzm\" class=\"rumble_v5a0yzm-Rumble-cls\" tabindex=\"-1\">\n<div class=\"bigPlayUI ctp\"><div class='videoWrapper'>\r\n\t            <iframe src='https:\/\/rumble.com\/embed\/pj.v5a0yzm\/' frameborder='0' allowfullscreen><\/iframe>\r\n\t        <\/div><\/p>\n<div class=\"bigPlayUIInner ctp\"><\/div>\n<\/div>\n<\/div>\n<\/div>\n<p>&nbsp;<\/p>\n<p>Francouzsk\u00e9 \u00fa\u0159ady odm\u00edtly sd\u011blit, jak\u00e9ho terorismu se to m\u011blo t\u00fdkat, jak\u00e9ho konkr\u00e9tn\u00edho p\u0159\u00edpadu. Telegram toti\u017e podle prohl\u00e1\u0161en\u00ed\u00a0<strong>[<a href=\"https:\/\/href.li\/?https:\/\/news.sky.com\/story\/pavel-durov-has-nothing-to-hide-telegram-says-after-founders-arrest-in-france-13203549\" target=\"_blank\" rel=\"nofollow noopener\">3<\/a>]<\/strong>\u00a0veden\u00ed firmy dodr\u017euje z\u00e1kony, a to v\u010detn\u011b spolupr\u00e1ce s polici\u00ed a se soudy, p\u0159i\u010dem\u017e Durov pr\u00fd nem\u00e1, co skr\u00fdvat. Nikdo tak p\u0159esn\u011b nev\u00ed, \u010deho se Pavel Durov anebo firma Telegram m\u011bla dopustit. Cel\u00e1 v\u011bc nav\u00edc nab\u00edr\u00e1 absurdn\u00ed rozm\u011bry. V dubnu tohoto roku p\u0159ilet\u011bl americk\u00fd novin\u00e1\u0159 Tucker Carlson do Dubaje a nato\u010dil s Durovem rozhovor\u00a0<strong>[<a href=\"https:\/\/href.li\/?https:\/\/x.com\/TuckerCarlson\/status\/1780355490964283565\" target=\"_blank\" rel=\"nofollow noopener\">4<\/a>]<\/strong>. Pr\u00e1v\u011b v n\u011bm Durov popsal, jak se americk\u00e9 tajn\u00e9 slu\u017eby pokusily naverbovat jednoho z jeho zam\u011bstnanc\u016f, aby vlo\u017eil do Telegramu k\u00f3d, kter\u00fd by americk\u00e9 vl\u00e1d\u011b umo\u017enil p\u0159\u00edstupy ke v\u0161em u\u017eivatel\u016fm Telegramu.<\/p>\n<p>A pr\u00e1v\u011b Carlson te\u010f o tomto rozhovoru znovu napsal\u00a0<strong>[<a href=\"https:\/\/href.li\/?https:\/\/x.com\/TuckerCarlson\/status\/1827460234887008277\" target=\"_blank\" rel=\"nofollow noopener\">5<\/a>]<\/strong>\u00a0toto:\u00a0<em>Pavel Durov toti\u017e opustil Rusko, kdy\u017e se vl\u00e1da Vladimira Putina pokusila kontrolovat jeho spole\u010dnost Telegram, kter\u00e1 provozuje soci\u00e1ln\u00ed m\u00e9dia. Nakonec to v\u0161ak nebyl Putin, kdo ho zatkl za to, \u017ee umo\u017enil ve\u0159ejnosti uplat\u0148ovat svobodu projevu. Byla to z\u00e1padn\u00ed zem\u011b, spojenec Bidenovy administrativy a nad\u0161en\u00fd \u010dlen NATO, tedy Francie, kter\u00e1 ho zav\u0159ela. Pavel Durov dnes sed\u00ed ve francouzsk\u00e9m v\u011bzen\u00ed a je \u017eiv\u00fdm varov\u00e1n\u00edm pro v\u0161echny majitele platforem, kte\u0159\u00ed odm\u00edtaj\u00ed cenzurovat pravdu na p\u0159\u00edkaz vl\u00e1d a zpravodajsk\u00fdch slu\u017eeb. Na d\u0159\u00edve svobodn\u00fd sv\u011bt se rychle sn\u00e1\u0161\u00ed temnota<\/em>. Carlson to vystihl p\u0159esn\u011b, ale zapomn\u011bl na p\u00e1r detail\u016f.<\/p>\n<h6><span style=\"font-size: 18pt;\">Durov je od roku 2021 ob\u010danem Francie<\/span><\/h6>\n<p>Pavel Durov je toti\u017e od roku 2021 naturalizovan\u00fdm francouzsk\u00fdm ob\u010danem a je\u0161t\u011b v \u010dervnu tohoto roku si na Telegramu chv\u00e1lil\u00a0<strong>[<a href=\"https:\/\/href.li\/?https:\/\/t.me\/durov\/283\" target=\"_blank\" rel=\"nofollow noopener\">6<\/a>]<\/strong>, \u017ee Francie je nejlep\u0161\u00edm m\u00edstem pro dovolenou.\u00a0<strong>Po v\u00edkendov\u00e9m zat\u010den\u00ed se z\u0159ejm\u011b jeho n\u00e1zor na dovolenou mo\u017en\u00e1 zm\u011bn\u00ed, proto\u017ee tahle \u201cdovolen\u00e1\u201d se m\u016f\u017ee prot\u00e1hnout na 20 let<\/strong>, a rozhodn\u011b to nebude s ubytov\u00e1n\u00edm na rivi\u00e9\u0159e, i kdy\u017e pln\u00e1 penze bude zaji\u0161t\u011bna. Ot\u00e1zkou je, na \u010d\u00ed n\u00e1klady bude v\u011bzn\u011bn, proto\u017ee jestli bude odsouzen z podpory a poskytov\u00e1n\u00ed pomoci a \u00fato\u010di\u0161t\u011b terorist\u016fm, potom m\u016f\u017ee francouzsk\u00fd soud zkonfiskovat ve\u0161ker\u00fd jeho majetek.<\/p>\n<figure id=\"attachment_60684\" class=\"wp-caption aligncenter\" style=\"width: 706px;\"><a href=\"https:\/\/aeronet.news\/wp-content\/uploads\/DurovFrancePost.jpg\"><img decoding=\"async\" loading=\"lazy\" class=\"wp-image-60684 \" src=\"https:\/\/aeronet.news\/wp-content\/uploads\/DurovFrancePost.jpg\" sizes=\"(max-width: 700px) 100vw, 700px\" srcset=\"https:\/\/aeronet.news\/wp-content\/uploads\/DurovFrancePost.jpg 700w, https:\/\/aeronet.news\/wp-content\/uploads\/DurovFrancePost-300x214.jpg 300w, https:\/\/aeronet.news\/wp-content\/uploads\/DurovFrancePost-501x357.jpg 501w, https:\/\/aeronet.news\/wp-content\/uploads\/DurovFrancePost-678x483.jpg 678w\" alt=\"\" width=\"706\" height=\"503\" \/><\/a><figcaption class=\"wp-caption-text\">Durov v \u010dervnu na Telegramu napsal, \u017ee Francie je nejlep\u0161\u00ed destinac\u00ed pro dovolen\u00e9<\/figcaption><\/figure>\n<p>Pokud jde o majetek v Dubaji, tak tam francouzsk\u00e9 a z\u00e1padn\u00ed org\u00e1ny nedos\u00e1hnou, ale v\u0161echny majetky v zem\u00edch kolektivn\u00edho Z\u00e1padu mu budou zabaveny. A vsad\u00edm boty na to, \u017ee nebude trvat dlouho a prokuratura p\u0159ijde s obvin\u011bn\u00edm, \u017ee Telegram je ovl\u00e1d\u00e1n ruskou vl\u00e1dou, a \u017ee terorismus na s\u00edti Telegram byl \u0161\u00ed\u0159en a propagov\u00e1n s pomoc\u00ed Kremlu. Proces s Durovem m\u016f\u017ee v\u00e9st k \u00fapln\u00e9mu z\u00e1kazu Telegramu v t\u00e9m\u011b\u0159 50 zem\u00edch kolektivn\u00edho Z\u00e1padu. Takov\u00fd je n\u00e1zor nejen rusk\u00fdch novin\u00e1\u0159\u016f. A to po\u0159\u00e1d nen\u00ed v\u0161echno.<\/p>\n<h6><span style=\"font-size: 18pt;\">\u0160\u00e9fa a zakladatele Telegramu m\u016f\u017ee \u010dekat osud hor\u0161\u00ed, ne\u017e m\u011bl Julian Assange<\/span><\/h6>\n<p>Telegram m\u00e1 podle v\u0161eho obrovskou cenu pro kolektivn\u00ed Z\u00e1pad v p\u0159\u00edpad\u011b, \u017ee bude moci k syst\u00e9mu s\u00edt\u011b z\u00edskat p\u0159\u00edstup. To je logick\u00e9. Jen\u017ee\u2026 ve chv\u00edli, kdy do\u0161lo k zat\u010den\u00ed Durova a cht\u011bj\u00ed podle v\u0161eho z n\u011bho ud\u011blat druh\u00e9ho Assange, tak podle rusk\u00fdch novin\u00e1\u0159\u016f u\u017e jde o n\u011bco jin\u00e9ho.\u00a0<strong>U\u017e nejde o z\u00edsk\u00e1n\u00ed p\u0159\u00edstupu a zadn\u00edch vr\u00e1tek pro z\u00e1padn\u00ed tajn\u00e9 slu\u017eby, ale v tomto p\u0159\u00edpad\u011b jde u\u017e o likvidaci a z\u00e1kaz Telegramu na cel\u00e9m kolektivn\u00edm Z\u00e1pad\u011b.<\/strong>\u00a0Podle v\u0161eho si toti\u017e z\u00e1padn\u00ed slu\u017eby ov\u011b\u0159ily, \u017ee Durov je ne\u00faplatn\u00fd a nezkorumpovateln\u00fd, \u017ee nechce spolupracovat se z\u00e1padn\u00edmi tajn\u00fdmi slu\u017ebami na \u0161pehov\u00e1n\u00ed u\u017eivatel\u016f jeho vlastn\u00ed s\u00edt\u011b, je prost\u011b zatvrzel\u00fd a spolupr\u00e1ce nen\u00ed mo\u017en\u00e1. A proto bylo rozhodnuto s\u00ed\u0165 Telegram zak\u00e1zat.<\/p>\n<figure id=\"attachment_60682\" class=\"wp-caption aligncenter\" style=\"width: 710px;\"><a href=\"https:\/\/aeronet.news\/wp-content\/uploads\/DurovFrenchNaturalization.jpg\"><img decoding=\"async\" loading=\"lazy\" class=\"wp-image-60682 \" src=\"https:\/\/aeronet.news\/wp-content\/uploads\/DurovFrenchNaturalization-1024x599.jpg\" sizes=\"(max-width: 700px) 100vw, 700px\" srcset=\"https:\/\/aeronet.news\/wp-content\/uploads\/DurovFrenchNaturalization-1024x599.jpg 1024w, https:\/\/aeronet.news\/wp-content\/uploads\/DurovFrenchNaturalization-300x175.jpg 300w, https:\/\/aeronet.news\/wp-content\/uploads\/DurovFrenchNaturalization-768x449.jpg 768w, https:\/\/aeronet.news\/wp-content\/uploads\/DurovFrenchNaturalization-700x409.jpg 700w, https:\/\/aeronet.news\/wp-content\/uploads\/DurovFrenchNaturalization-611x357.jpg 611w, https:\/\/aeronet.news\/wp-content\/uploads\/DurovFrenchNaturalization-826x483.jpg 826w, https:\/\/aeronet.news\/wp-content\/uploads\/DurovFrenchNaturalization.jpg 1168w\" alt=\"\" width=\"710\" height=\"415\" \/><\/a><figcaption class=\"wp-caption-text\">V\u00fdpis z francouzsk\u00e9ho naturaliza\u010dn\u00edho rejst\u0159\u00edku<\/figcaption><\/figure>\n<p>Kdy\u017e tu s\u00ed\u0165 nem\u016f\u017eeme ovl\u00e1dat, tak ji prost\u011b zak\u00e1\u017eeme! To je p\u0159esn\u011b ta logika, kter\u00e1 z t\u00e9to v\u011bci po v\u00edkendu vyplynula. Prost\u011b dop\u0159edu lze \u0159\u00edct, \u017ee za zat\u010den\u00edm Durova nen\u00ed nic jin\u00e9ho, ne\u017e vykreslen\u00ed obrazu Telegramu jako teroristick\u00e9 platformy a Durova jako podporovatele a tv\u016frce s\u00edt\u011b \u0159\u00edzen\u00e9 rusk\u00fdmi tajn\u00fdmi slu\u017ebami. Nelze vylou\u010dit ani to, \u017ee dojde brzy k \u0161okuj\u00edc\u00edmu odhalen\u00ed, \u017ee odchod Durova z Ruska byl zfal\u0161ovan\u00fd a zinscenovan\u00fd, a \u017ee ve skute\u010dnosti byl celou dobu \u0159\u00edzen rusk\u00fdmi tajn\u00fdmi slu\u017ebami s ideologick\u00fdm kryt\u00edm, \u017ee je jako odp\u016frcem Putina a Kremlu, a proto jako musel z Ruska odej\u00edt. Nen\u00ed v\u0161ak v\u016fbec jasn\u00e9, o jak\u00fd terorismus by m\u011blo j\u00edt.<\/p>\n<h6><span style=\"font-size: 18pt;\">Z\u00e1minkou pro zat\u010den\u00ed Durova je podpora terorismu na Telegramu po odm\u00edtnut\u00ed \u017e\u00e1dosti izraelsk\u00e9 vl\u00e1dy o cenzuru unikl\u00fdch materi\u00e1l\u016f o Gaze<\/span><\/h6>\n<p>Podle zdroj\u016f rusk\u00fdch a tak\u00e9 americk\u00fdch nez\u00e1visl\u00fdch novin\u00e1\u0159\u016f je za t\u00edm obvin\u011bn\u00edm Durova z podpory terorismu mo\u017en\u00e1 \u00fapln\u011b jin\u00e9 pozad\u00ed. V uplynul\u00fdch m\u011bs\u00edc\u00edch toti\u017e do\u0161lo k jedn\u00e9 z\u00e1sadn\u00ed ud\u00e1losti na Telegramu, a to bylo uve\u0159ejn\u011bn\u00ed unikl\u00fdch materi\u00e1l\u016f z vl\u00e1dy izraelsk\u00e9ho premi\u00e9ra Benjamina Netanyahua, kter\u00e9 z\u00edskali hacke\u0159i \u00fadajn\u011b napojen\u00ed na \u00cdr\u00e1n.<\/p>\n<p><strong>Dokumenty obsahovaly informace o masakrech a zv\u011brstvech izraelsk\u00e9 arm\u00e1dy IDF v Gaze, informace o vyhlazov\u00e1n\u00ed m\u011bst, o za\u010di\u0161\u0165ov\u00e1n\u00ed biologick\u00e9ho prostoru Gazy, prost\u011b v\u00fdbu\u0161n\u00e9 informace<\/strong>. Izraelsk\u00e1 vl\u00e1da se obr\u00e1tila na veden\u00ed Telegramu a \u017e\u00e1dala okam\u017eit\u00e9 zablokov\u00e1n\u00ed t\u011bchto informac\u00ed a materi\u00e1l\u016f s odkazem na ohro\u017een\u00ed n\u00e1rodn\u00ed bezpe\u010dnosti a napom\u00e1h\u00e1n\u00ed terorismu, nebo\u0165 z \u00faniku materi\u00e1l\u016f byl obvin\u011bn \u00cdr\u00e1n.<\/p>\n<p><a href=\"https:\/\/aeronet.news\/wp-content\/uploads\/DurovIsrael.jpg\"><img decoding=\"async\" loading=\"lazy\" class=\"size-full wp-image-60683 aligncenter\" src=\"https:\/\/aeronet.news\/wp-content\/uploads\/DurovIsrael.jpg\" sizes=\"(max-width: 700px) 100vw, 700px\" srcset=\"https:\/\/aeronet.news\/wp-content\/uploads\/DurovIsrael.jpg 700w, https:\/\/aeronet.news\/wp-content\/uploads\/DurovIsrael-277x300.jpg 277w, https:\/\/aeronet.news\/wp-content\/uploads\/DurovIsrael-329x357.jpg 329w, https:\/\/aeronet.news\/wp-content\/uploads\/DurovIsrael-445x483.jpg 445w\" alt=\"\" width=\"700\" height=\"759\" \/><\/a><\/p>\n<p>Telegram v\u0161ak t\u00e9to \u017e\u00e1dosti nevyhov\u011bl a materi\u00e1ly nezablokoval. A aby toho nebylo m\u00e1lo, ve francouzsk\u00e9m tisku se ji\u017e v ned\u011bli objevily informace, \u017ee Mezin\u00e1rodn\u00ed trestn\u00ed soud (ICC) v Haagu na\u010derpal \u010d\u00e1st t\u011bchto dokument\u016f jako podklady pro \u017ealobu proti Izraeli ve v\u011bci genocidy v Gaze. Jin\u00fdmi slovy, podle v\u0161eho se z Pavla Durova m\u016f\u017ee st\u00e1t druh\u00fd Julian Assange, proto\u017ee jeho s\u00ed\u0165 Wikileaks rovn\u011b\u017e p\u0159ed v\u00edce jak 10 lety publikovala unikl\u00e9 materi\u00e1ly americk\u00e9 arm\u00e1dy a veden\u00ed Wikileaks rovn\u011b\u017e odm\u00edtlo jejich cenzurov\u00e1n\u00ed a zablokov\u00e1n\u00ed. Jak\u00e9 to potom m\u011blo dopady pro Juliana Assange, to je ji\u017e zn\u00e1mou histori\u00ed. V\u0161echno se ale znovu opakuje, ale tentokr\u00e1t je to hor\u0161\u00ed.<\/p>\n<h6><span style=\"font-size: 18pt;\">Z\u00e1padu se nepovedlo Durova naverbovat, a tak bylo rozhodnuto o likvidaci a z\u00e1kazu Telegramu jako prost\u0159edku pro \u0161\u00ed\u0159en\u00ed terorismu<\/span><\/h6>\n<p>Julian Assange je Anglosas a ob\u010dan Austr\u00e1lie, a sami v\u00edme, jak\u00e9 mu\u010den\u00ed a teror ho \u010dekal v lond\u00fdnsk\u00e9 v\u011bznici Belmarsh pro vrahy a n\u00e1siln\u00edky. Jen\u017ee Pavel Durov je Rus! A je \u00fapln\u011b jedno, \u017ee Durov v srpnu v roce 2021 z\u00edskal francouzsk\u00e9 ob\u010danstv\u00ed, proto\u017ee na to se u Rus\u016f nehraje. Jednou Rus, nav\u017edy Rus! A jak uvedly o v\u00edkendu francouzsk\u00e9 org\u00e1ny, \u017e\u00e1dost Moskvy a dokonce i USA o jeho vyd\u00e1n\u00ed budou zam\u00edtnuty, proto\u017ee Durov je francouzsk\u00fdm ob\u010danem a bude pr\u00fd souzen ve Francii.<\/p>\n<p><strong>Pokud se potvrd\u00ed, \u017ee za \u017ealobou stoj\u00ed obvin\u011bn\u00ed ze \u0161\u00ed\u0159en\u00ed tajn\u00fdch izraelsk\u00fdch dokument\u016f, kter\u00e9 byly vyt\u011b\u017eeny \u00edr\u00e1nsk\u00fdmi hackery, potom opravdu hroz\u00ed opakov\u00e1n\u00ed osudu Juliana Assange.<\/strong>\u00a0O tom nen\u00ed pochyb! Je to toti\u017e stejn\u00fd sc\u00e9n\u00e1\u0159. Nejprve \u00fanik vl\u00e1dn\u00edch a vojensk\u00fdch materi\u00e1l\u016f, potom jejich uve\u0159ejn\u011bn\u00ed na soci\u00e1ln\u00ed s\u00edti a n\u00e1sledn\u011b odm\u00edtnut\u00ed veden\u00ed soci\u00e1ln\u00ed s\u00edt\u011b o cenzuru a odstran\u011bn\u00ed unikl\u00fdch materi\u00e1l\u016f s odkazem na svobodu slova a svobodu novina\u0159iny.<\/p>\n<figure id=\"attachment_60685\" class=\"wp-caption aligncenter\" style=\"width: 702px;\"><a href=\"https:\/\/aeronet.news\/wp-content\/uploads\/DurovTuckerDubai.jpg\"><img decoding=\"async\" loading=\"lazy\" class=\"wp-image-60685 \" src=\"https:\/\/aeronet.news\/wp-content\/uploads\/DurovTuckerDubai-1024x576.jpg\" sizes=\"(max-width: 700px) 100vw, 700px\" srcset=\"https:\/\/aeronet.news\/wp-content\/uploads\/DurovTuckerDubai-1024x576.jpg 1024w, https:\/\/aeronet.news\/wp-content\/uploads\/DurovTuckerDubai-300x169.jpg 300w, https:\/\/aeronet.news\/wp-content\/uploads\/DurovTuckerDubai-768x432.jpg 768w, https:\/\/aeronet.news\/wp-content\/uploads\/DurovTuckerDubai-700x394.jpg 700w, https:\/\/aeronet.news\/wp-content\/uploads\/DurovTuckerDubai-635x357.jpg 635w, https:\/\/aeronet.news\/wp-content\/uploads\/DurovTuckerDubai-859x483.jpg 859w, https:\/\/aeronet.news\/wp-content\/uploads\/DurovTuckerDubai.jpg 1280w\" alt=\"\" width=\"702\" height=\"395\" \/><\/a><figcaption class=\"wp-caption-text\">Rozhovor Tuckera Carlsona s Pavlem Durovem v Dubaji v dubnu 2024<\/figcaption><\/figure>\n<p>A proto\u017ee \u201csprost\u00fdm\u201d pachatelem je Rus, nikdo nepochybujte o tom, jak\u00e1 neuv\u011b\u0159iteln\u00e1 obvin\u011bn\u00ed za\u010dne francouzsk\u00e1 prokuratura a z\u00e1padn\u00ed partne\u0159i Francie proti Durovovi te\u010f vypou\u0161t\u011bt. Durov jako rusk\u00fd miliard\u00e1\u0159 trp\u00ed st\u00e1le tou samou nemoc\u00ed jako v\u0161ichni ru\u0161t\u00ed miliard\u00e1\u0159i \u017eij\u00edc\u00ed na Z\u00e1pad\u011b \u2013 naivn\u00ed p\u0159edstavou, \u017ee kdy\u017e odjeli z Ruska a \u017eij\u00ed na Z\u00e1pad\u011b, \u017ee se z nich stanou\u00a0<em>zapad\u010diky<\/em>, a \u017ee se k nim Z\u00e1pad bude chovat jako rovn\u00ed k rovn\u00fdm.<\/p>\n<p>Mnoho Rus\u016f ji\u017e z t\u00e9to p\u0159edstavy bylo po \u00fanoru 2022 vyl\u00e9\u010deno, ale st\u00e1le jich spousta zb\u00fdv\u00e1. Durov se stal hrozbou pro kolektivn\u00ed Z\u00e1pad. Disponuje a ovl\u00e1d\u00e1 obrovskou soci\u00e1ln\u00ed s\u00ed\u0165, do kter\u00e9 jako z\u0159ejm\u011b jedin\u00e9 na sv\u011bt\u011b nemaj\u00ed z\u00e1padn\u00ed silov\u00e9 slo\u017eky tajn\u00fd zadn\u00ed p\u0159\u00edstup. T\u00edm se Durov a jeho Telegram stali nep\u0159\u00e1teli cel\u00e9ho kolektivn\u00edho Z\u00e1padu. A takov\u00e1 je realita!<\/p>\n<p><a href=\"https:\/\/aeronet.news\/zatceni-zakladatele-a-sefa-telegramu-prislo-v-odvete-za-odmitnuti-cenzurovat-unikle-dokumenty-izraelske-vlady-benjamina-netanyahua-o-zverstvech-idf-v-gaze-ktere-z-telegramu-nacerpal-i-soud-v-haagu\/\">-VK-<\/a><\/p>\n<p>&nbsp;<\/p>\n","protected":false},"excerpt":{"rendered":"<p>Zat\u010den\u00ed zakladatele a \u0161\u00e9fa Telegramu p\u0159i\u0161lo v odvet\u011b za odm\u00edtnut\u00ed cenzurovat unikl\u00e9 dokumenty izraelsk\u00e9 vl\u00e1dy&#8230;<\/p>\n","protected":false},"author":2,"featured_media":60779,"comment_status":"closed","ping_status":"closed","sticky":false,"template":"","format":"standard","meta":[],"categories":[6],"tags":[1042,1286,178,107,7808,2407],"_links":{"self":[{"href":"https:\/\/www.infokuryr.cz\/n\/wp-json\/wp\/v2\/posts\/60778"}],"collection":[{"href":"https:\/\/www.infokuryr.cz\/n\/wp-json\/wp\/v2\/posts"}],"about":[{"href":"https:\/\/www.infokuryr.cz\/n\/wp-json\/wp\/v2\/types\/post"}],"author":[{"embeddable":true,"href":"https:\/\/www.infokuryr.cz\/n\/wp-json\/wp\/v2\/users\/2"}],"replies":[{"embeddable":true,"href":"https:\/\/www.infokuryr.cz\/n\/wp-json\/wp\/v2\/comments?post=60778"}],"version-history":[{"count":0,"href":"https:\/\/www.infokuryr.cz\/n\/wp-json\/wp\/v2\/posts\/60778\/revisions"}],"wp:featuredmedia":[{"embeddable":true,"href":"https:\/\/www.infokuryr.cz\/n\/wp-json\/wp\/v2\/media\/60779"}],"wp:attachment":[{"href":"https:\/\/www.infokuryr.cz\/n\/wp-json\/wp\/v2\/media?parent=60778"}],"wp:term":[{"taxonomy":"category","embeddable":true,"href":"https:\/\/www.infokuryr.cz\/n\/wp-json\/wp\/v2\/categories?post=60778"},{"taxonomy":"post_tag","embeddable":true,"href":"https:\/\/www.infokuryr.cz\/n\/wp-json\/wp\/v2\/tags?post=60778"}],"curies":[{"name":"wp","href":"https:\/\/api.w.org\/{rel}","templated":true}]}}