{"id":60773,"date":"2024-08-26T05:05:45","date_gmt":"2024-08-26T03:05:45","guid":{"rendered":"https:\/\/www.infokuryr.cz\/n\/?p=60773"},"modified":"2024-08-26T05:05:45","modified_gmt":"2024-08-26T03:05:45","slug":"tisice-ukrajinskych-pravoslavnych-poutniku-vzdoruji-zakazu-pravoslavne-cirkve","status":"publish","type":"post","link":"https:\/\/www.infokuryr.cz\/n\/2024\/08\/26\/tisice-ukrajinskych-pravoslavnych-poutniku-vzdoruji-zakazu-pravoslavne-cirkve\/","title":{"rendered":"Tis\u00edce ukrajinsk\u00fdch pravoslavn\u00fdch poutn\u00edk\u016f vzdoruj\u00ed z\u00e1kazu pravoslavn\u00e9 c\u00edrkve"},"content":{"rendered":"<div id=\"fb-root\"><\/div>\n<p><span style=\"font-size: 18pt;\"><strong>Obrovsk\u00e9 mno\u017estv\u00ed v\u011b\u0159\u00edc\u00edch pochodovalo n\u011bkolik dn\u00ed, aby dos\u00e1hlo kl\u00e1\u0161tera Po\u010dajevsk\u00e1 l\u00e1vra na z\u00e1pad\u011b zem\u011b. Vypukne na Ukrajin\u011b n\u00e1bo\u017eensk\u00e1 v\u00e1lka?<\/strong><\/span><\/p>\n<p><span>Tis\u00edce ukrajinsk\u00fdch pravoslavn\u00fdch v\u011b\u0159\u00edc\u00edch dorazily do velk\u00e9ho kl\u00e1\u0161tera na z\u00e1pad\u011b zem\u011b pot\u00e9, co se vydaly na \u201epr\u016fvod k\u0159\u00ed\u017ee\u201c dlouh\u00fd stovky kilometr\u016f. Dlouh\u00fd pochod prob\u011bhl navzdory z\u00e1kazu akce \u00fa\u0159ady, proto\u017ee Kyjev pokra\u010duje v tvrd\u00fdch z\u00e1saz\u00edch proti Ukrajinsk\u00e9 pravoslavn\u00e9 c\u00edrkvi (UOC), kterou obvi\u0148uje z vazeb na Rusko.<\/span><\/p>\n<p><span>Podle ukrajinsk\u00fdch m\u00e9di\u00ed a z\u00e1b\u011br\u016f z ned\u011bln\u00edho m\u00edsta se u Po\u010dajevsk\u00e9 l\u00e1vry ve stejnojmenn\u00e9m m\u011bst\u011b v Ternopolsk\u00e9 oblasti shrom\u00e1\u017edil obrovsk\u00fd dav. Klipy a fotografie sd\u00edlen\u00e9 UOC na Facebooku ukazovaly ulici p\u0159ed kostelem plnou pravoslavn\u00fdch v\u011b\u0159\u00edc\u00edch, kam a\u017e oko dohl\u00e9dlo, mnoz\u00ed nesli k\u0159\u00ed\u017ee a ikony v \u017eivotn\u00ed velikosti.<\/span><\/p>\n<p><span>Pr\u016fvod se vydal v pond\u011bl\u00ed z m\u011bsta Kamenec-Podolsky, asi 125 mil (200 km) na jih. M\u00edstn\u00ed m\u00e9dia s odvol\u00e1n\u00edm na n\u00e1v\u0161t\u011bvn\u00edky kostela uvedla, \u017ee n\u011bkte\u0159\u00ed farn\u00edci se vydali do Lavry, aby se modlili za m\u00edr na Ukrajin\u011b k po\u010dajevsk\u00e9 ikon\u011b Matky Bo\u017e\u00ed, jedn\u00e9 z nejuct\u00edvan\u011bj\u0161\u00edch v pravoslav\u00ed.<\/span><\/p>\n<p><span>Ukrajin\u0161t\u00ed p\u0159edstavitel\u00e9 se pokusili vykolejit pr\u016fvod, p\u0159i\u010dem\u017e chmelnick\u00e1 oblastn\u00ed vojensk\u00e1 spr\u00e1va zak\u00e1zala jak\u00e9koli masov\u00e9 n\u00e1bo\u017eensk\u00e9 akce od 16. do 25. srpna. Zpr\u00e1vy z m\u00e9di\u00ed tvrdily, \u017ee v \u00fater\u00fd byla cesta poutn\u00edk\u016f zablokov\u00e1na ve vesnici Chemerovtsy, asi 50 mil. km) severn\u011b od Kamenets-Podolsky.<\/span><\/p>\n<p><span>P\u0159edseda m\u00edstn\u00ed obce Alexandr Soban \u0159ekl, \u017ee pr\u016fvod nesm\u00ed proch\u00e1zet osadou, a tak je nucen ji obej\u00edt.\u00a0<\/span><em><span>\u201eNem\u00e1m nic proti Bohu, ale jsem proti rusk\u00e9 c\u00edrkvi,\u201c<\/span><\/em><span>\u00a0\u0159ekl s odkazem na Ukrajinskou pravoslavnou c\u00edrkev.<\/span><\/p>\n<p><span>Ukrajinsk\u00e9 \u00fa\u0159ady vedly n\u011bkolik m\u011bs\u00edc\u016f kampa\u0148 proti UOC, zat\u00fdkaly, zav\u00edraly kostely a sna\u017eily se p\u0159inutit duchovn\u00ed a farnosti, aby se pod\u0159\u00eddily jurisdikci ukrajinsk\u00e9 pravoslavn\u00e9 c\u00edrkve (OCU), kter\u00e1 m\u00e1 podporu Kyjeva. OCU pova\u017euje rusk\u00e1 pravoslavn\u00e1 c\u00edrkev (ROC) za schizmatickou.<\/span><\/p>\n<p><span>Kyjev opakovan\u011b obvinil UOC ze vztah\u016f s Ruskem, i kdy\u017e n\u011bkolik t\u00fddn\u016f po za\u010d\u00e1tku ukrajinsk\u00e9ho konfliktu p\u0159eru\u0161ila v\u0161echna spojen\u00ed s Moskevsk\u00fdm patriarch\u00e1tem.<\/span><\/p>\n<p><span>Kampa\u0148 nap\u0159\u00ed\u010d Ukrajinou proti UOC, nejv\u011bt\u0161\u00ed n\u00e1bo\u017eensk\u00e9 organizaci v zemi, vyvrcholila v sobotu, kdy\u017e Vladimir Zelenskij podepsal z\u00e1kon umo\u017e\u0148uj\u00edc\u00ed z\u00e1kaz jak\u00e9koli n\u00e1bo\u017eensk\u00e9 skupiny podez\u0159el\u00e9 z vazeb na Rusko. Opat\u0159en\u00ed je \u0161iroce vn\u00edm\u00e1no jako p\u0159\u00edm\u00fd \u00fatok na UOC a d\u00e1v\u00e1 mu dev\u011bt m\u011bs\u00edc\u016f na p\u0159eru\u0161en\u00ed v\u0161ech vazeb s ROC, ne\u017e vstoup\u00ed v platnost ofici\u00e1ln\u00ed z\u00e1kaz.<\/span><\/p>\n<div style=\"width: 640px;\" class=\"wp-video\"><!--[if lt IE 9]><script>document.createElement('video');<\/script><![endif]-->\n<video class=\"wp-video-shortcode\" id=\"video-60773-1\" width=\"640\" height=\"360\" preload=\"metadata\" controls=\"controls\"><source type=\"video\/mp4\" src=\"http:\/\/www.infokuryr.cz\/n\/wp-content\/uploads\/2024\/08\/verici-pochod.mp4?_=1\" \/><a href=\"http:\/\/www.infokuryr.cz\/n\/wp-content\/uploads\/2024\/08\/verici-pochod.mp4\">http:\/\/www.infokuryr.cz\/n\/wp-content\/uploads\/2024\/08\/verici-pochod.mp4<\/a><\/video><\/div>\n<p><img decoding=\"async\" loading=\"lazy\" class=\"alignnone size-full wp-image-1185\" src=\"http:\/\/www.infokuryr.cz\/n\/wp-content\/uploads\/2021\/04\/kuryr-podpis.png\" alt=\"\" width=\"84\" height=\"24\" \/><\/p>\n<p>&nbsp;<\/p>\n","protected":false},"excerpt":{"rendered":"<p>Obrovsk\u00e9 mno\u017estv\u00ed v\u011b\u0159\u00edc\u00edch pochodovalo n\u011bkolik dn\u00ed, aby dos\u00e1hlo kl\u00e1\u0161tera Po\u010dajevsk\u00e1 l\u00e1vra na z\u00e1pad\u011b zem\u011b. Vypukne&#8230;<\/p>\n","protected":false},"author":2,"featured_media":60775,"comment_status":"closed","ping_status":"closed","sticky":false,"template":"","format":"standard","meta":[],"categories":[7],"tags":[250,815,26,7812],"_links":{"self":[{"href":"https:\/\/www.infokuryr.cz\/n\/wp-json\/wp\/v2\/posts\/60773"}],"collection":[{"href":"https:\/\/www.infokuryr.cz\/n\/wp-json\/wp\/v2\/posts"}],"about":[{"href":"https:\/\/www.infokuryr.cz\/n\/wp-json\/wp\/v2\/types\/post"}],"author":[{"embeddable":true,"href":"https:\/\/www.infokuryr.cz\/n\/wp-json\/wp\/v2\/users\/2"}],"replies":[{"embeddable":true,"href":"https:\/\/www.infokuryr.cz\/n\/wp-json\/wp\/v2\/comments?post=60773"}],"version-history":[{"count":0,"href":"https:\/\/www.infokuryr.cz\/n\/wp-json\/wp\/v2\/posts\/60773\/revisions"}],"wp:featuredmedia":[{"embeddable":true,"href":"https:\/\/www.infokuryr.cz\/n\/wp-json\/wp\/v2\/media\/60775"}],"wp:attachment":[{"href":"https:\/\/www.infokuryr.cz\/n\/wp-json\/wp\/v2\/media?parent=60773"}],"wp:term":[{"taxonomy":"category","embeddable":true,"href":"https:\/\/www.infokuryr.cz\/n\/wp-json\/wp\/v2\/categories?post=60773"},{"taxonomy":"post_tag","embeddable":true,"href":"https:\/\/www.infokuryr.cz\/n\/wp-json\/wp\/v2\/tags?post=60773"}],"curies":[{"name":"wp","href":"https:\/\/api.w.org\/{rel}","templated":true}]}}