{"id":60772,"date":"2024-08-26T04:58:00","date_gmt":"2024-08-26T02:58:00","guid":{"rendered":"https:\/\/www.infokuryr.cz\/n\/?p=60772"},"modified":"2024-08-26T04:58:00","modified_gmt":"2024-08-26T02:58:00","slug":"papez-odsuzuje-zelenskeho-zasah-proti-nejvetsi-ukrajinske-cirkvi","status":"publish","type":"post","link":"https:\/\/www.infokuryr.cz\/n\/2024\/08\/26\/papez-odsuzuje-zelenskeho-zasah-proti-nejvetsi-ukrajinske-cirkvi\/","title":{"rendered":"Pape\u017e odsuzuje Zelensk\u00e9ho z\u00e1sah proti nejv\u011bt\u0161\u00ed ukrajinsk\u00e9 c\u00edrkvi"},"content":{"rendered":"<div id=\"fb-root\"><\/div>\n<p><span style=\"font-size: 18pt;\"><strong>Kyjev nesm\u00ed br\u00e1nit lidem v modlitb\u011b v jak\u00e9koli c\u00edrkvi, kterou cht\u011bj\u00ed, \u0159ekl pape\u017e<\/strong><\/span><\/p>\n<p><span>Pape\u017e Franti\u0161ek prohl\u00e1sil, \u017ee se\u00a0<\/span><em><span>\u201eboj\u00ed o svobodu t\u011bch, kdo se modl\u00ed\u201c,<\/span><\/em><span>\u00a0pot\u00e9, co ukrajinsk\u00fd prezident Vladimir Zelenskij podepsal z\u00e1kon, kter\u00fd fakticky zakazuje nejv\u011bt\u0161\u00ed pravoslavnou c\u00edrkev v zemi. Z\u00e1kaz byl v Moskv\u011b odsouzen jako\u00a0<\/span><em><span>\u201esatansk\u00fd\u201c.<\/span><\/em><\/p>\n<p><span>Zelenskij v sobotu podepsal z\u00e1kon, kter\u00fd zakazuje v\u0161echny n\u00e1bo\u017eensk\u00e9 skupiny podez\u0159el\u00e9 z napojen\u00ed na Rusko a d\u00e1v\u00e1 Ukrajinsk\u00e9 pravoslavn\u00e9 c\u00edrkvi (UOC) dev\u011bt m\u011bs\u00edc\u016f na to, aby p\u0159eru\u0161ila ve\u0161ker\u00e9 styky s Ruskou pravoslavnou c\u00edrkv\u00ed (ROC). Z\u00e1kon byl podeps\u00e1n navzdory tomu, \u017ee UOC ji\u017e p\u0159ed dv\u011bma lety vyhl\u00e1sil plnou autonomii od moskevsk\u00e9ho patriarch\u00e1tu. Od za\u010d\u00e1tku rusk\u00e9 vojensk\u00e9 operace v roce 2022 vyu\u017e\u00edv\u00e1 Kyjev \u00fadajn\u00e9 vazby UOC na Moskvu k ospravedln\u011bn\u00ed razi\u00ed na c\u00edrkevn\u00ed statky a zat\u00fdk\u00e1n\u00ed kn\u011b\u017e\u00ed.<\/span><\/p>\n<p><em><span>\u201eSe z\u00e1rmutkem sleduji boje na Ukrajin\u011b a v Rusk\u00e9 federaci. A kdy\u017e p\u0159em\u00fd\u0161l\u00edm o z\u00e1konech ned\u00e1vno p\u0159ijat\u00fdch na Ukrajin\u011b, boj\u00edm se o svobodu t\u011bch, kdo se modl\u00ed,\u201c<\/span><\/em><span>\u00a0\u0159ekl pape\u017e Franti\u0161ek ve sv\u00fdch ned\u011bln\u00edch t\u00fddenn\u00edch modlitb\u00e1ch.<\/span><\/p>\n<p><em><span>\u201e\u010clov\u011bk nep\u00e1ch\u00e1 zlo modlitbou,\u201c<\/span><\/em><span>\u00a0pokra\u010doval pape\u017e.\u00a0<\/span><em><span>\u201eA\u0165 se tedy t\u011bm, kdo se cht\u011bj\u00ed modlit, m\u016f\u017ee modlit v tom, co pova\u017euj\u00ed za svou C\u00edrkev. Pros\u00edm, a\u0165 nen\u00ed p\u0159\u00edmo ani nep\u0159\u00edmo zru\u0161ena \u017e\u00e1dn\u00e1 k\u0159es\u0165ansk\u00e1 c\u00edrkev. Kostel\u016f se nesm\u00ed dot\u00fdkat!\u201c<\/span><\/em><\/p>\n<p><span>Zelenskij popsal sv\u016fj de facto z\u00e1kaz c\u00edrkve jako\u00a0<\/span><em><span>\u201ekrok k osvobozen\u00ed od moskevsk\u00fdch \u010f\u00e1bl\u016f\u201c.<\/span><\/em><span>\u00a0Mluv\u010d\u00ed UOC Metropolitan Klyment v\u0161ak z\u00e1kon ozna\u010dil za pokus zabavit c\u00edrkevn\u00ed majetek za \u00fa\u010delem p\u0159evodu na Ukrajinskou pravoslavnou c\u00edrkev (OCU), nekanonickou organizaci zalo\u017eenou vl\u00e1dou Petra Poro\u0161enka po p\u0159evratu Ukrajiny v roce 2014 podporovan\u00e9m USA.<\/span><\/p>\n<p><em><span>&#8222;Ukrajinsk\u00e1 pravoslavn\u00e1 c\u00edrkev bude i nad\u00e1le \u017e\u00edt jako prav\u00e1 c\u00edrkev, uzn\u00e1van\u00e1 drtivou v\u011bt\u0161inou praktikuj\u00edc\u00edch ukrajinsk\u00fdch v\u011b\u0159\u00edc\u00edch a m\u00edstn\u00edch c\u00edrkv\u00ed po cel\u00e9m sv\u011bt\u011b,&#8220;<\/span><\/em><span>\u00a0uvedl Klyment v prohl\u00e1\u0161en\u00ed minul\u00fd t\u00fdden.<\/span><\/p>\n<p><span>Rusk\u00e9 ministerstvo zahrani\u010d\u00ed odsoudilo z\u00e1kaz jako\u00a0<\/span><em><span>\u201emocn\u00fd \u00fader proti cel\u00e9mu pravoslav\u00ed\u201c,<\/span><\/em><span>\u00a0zat\u00edmco b\u00fdval\u00fd rusk\u00fd prezident Dmitrij Medved\u011bv obvinil Zelensk\u00e9ho z\u00a0<\/span><em><span>\u201eplnohodnotn\u00e9ho satanismu\u201c.<\/span><\/em><\/p>\n<p><span>Ukrajina\u00a0<\/span><em><span>\u201ebude zni\u010dena, jako byly Sodoma a Gomora, a d\u00e9moni nevyhnuteln\u011b padnou,\u201c<\/span><\/em><span>\u00a0\u0159ekl v p\u00e1tek Medved\u011bv.<\/span><\/p>\n<p><span>Pape\u017e Franti\u0161ek opakovan\u011b vyz\u00fdval k m\u00edrov\u00fdm rozhovor\u016fm mezi Kyjevem a Moskvou a nab\u00eddl se, \u017ee bude prost\u0159edn\u00edkem mezi ob\u011bma stranami. Zelenskyj tuto nab\u00eddku odm\u00edtl loni a znovu v b\u0159eznu, kdy\u017e pape\u017e\u00a0<\/span><a href=\"https:\/\/swentr.site\/news\/594008-pope-ukraine-negotiate-white-flag\/\" target=\"_blank\" rel=\"noopener noreferrer\"><span>vyzval<\/span><\/a><span>\u00a0Kyjev, aby uk\u00e1zal\u00a0<\/span><em><span>\u201eodvahu nedov\u00e9st zemi k sebevra\u017ed\u011b\u201c<\/span><\/em><span>\u00a0a usedl k jedn\u00e1n\u00ed s Kremlem.<\/span><\/p>\n<p><span>Minul\u00fd m\u011bs\u00edc se Zelenskij setkal v Kyjev\u011b s vatik\u00e1nsk\u00fdm st\u00e1tn\u00edm sekret\u00e1\u0159em kardin\u00e1lem Pietrem Parolinem.\u00a0<\/span><em><span>\u201eMysl\u00edm, \u017ee v\u0161ichni ch\u00e1peme, \u017ee v\u00e1lku mus\u00edme ukon\u010dit co nejd\u0159\u00edve,\u201c<\/span><\/em><span>\u00a0\u0159ekl po sch\u016fzce a dodal, \u017ee takzvan\u00fd \u201em\u00edrov\u00fd vzorec\u201c Ukrajiny z\u016fst\u00e1v\u00e1 jedin\u00fdm \u0159e\u0161en\u00edm p\u0159ijateln\u00fdm pro Kyjev.<\/span><\/p>\n<p><span>Po t\u00e9to sch\u016fzce Parolin \u0159ekl, \u017ee vzorec \u2013 kter\u00fd vyz\u00fdv\u00e1 Rusko, aby zaplatilo reparace Ukrajin\u011b a vydalo sv\u00e9 \u00fa\u0159edn\u00edky, aby \u010delili tribun\u00e1l\u016fm pro v\u00e1le\u010dn\u00e9 zlo\u010diny \u2013\u00a0<\/span><em><span>\u201enesta\u010d\u00ed\u201c<\/span><\/em><span>\u00a0a \u017ee Rusko mus\u00ed b\u00fdt zahrnuto do jak\u00fdchkoli jedn\u00e1n\u00ed.<\/span><\/p>\n<p><img decoding=\"async\" loading=\"lazy\" class=\"alignnone size-full wp-image-1185\" src=\"http:\/\/www.infokuryr.cz\/n\/wp-content\/uploads\/2021\/04\/kuryr-podpis.png\" alt=\"\" width=\"84\" height=\"24\" \/><\/p>\n<p>&nbsp;<\/p>\n","protected":false},"excerpt":{"rendered":"<p>Kyjev nesm\u00ed br\u00e1nit lidem v modlitb\u011b v jak\u00e9koli c\u00edrkvi, kterou cht\u011bj\u00ed, \u0159ekl pape\u017e Pape\u017e Franti\u0161ek&#8230;<\/p>\n","protected":false},"author":2,"featured_media":44630,"comment_status":"closed","ping_status":"closed","sticky":false,"template":"","format":"standard","meta":[],"categories":[7],"tags":[4815,254,250,1000],"_links":{"self":[{"href":"https:\/\/www.infokuryr.cz\/n\/wp-json\/wp\/v2\/posts\/60772"}],"collection":[{"href":"https:\/\/www.infokuryr.cz\/n\/wp-json\/wp\/v2\/posts"}],"about":[{"href":"https:\/\/www.infokuryr.cz\/n\/wp-json\/wp\/v2\/types\/post"}],"author":[{"embeddable":true,"href":"https:\/\/www.infokuryr.cz\/n\/wp-json\/wp\/v2\/users\/2"}],"replies":[{"embeddable":true,"href":"https:\/\/www.infokuryr.cz\/n\/wp-json\/wp\/v2\/comments?post=60772"}],"version-history":[{"count":0,"href":"https:\/\/www.infokuryr.cz\/n\/wp-json\/wp\/v2\/posts\/60772\/revisions"}],"wp:featuredmedia":[{"embeddable":true,"href":"https:\/\/www.infokuryr.cz\/n\/wp-json\/wp\/v2\/media\/44630"}],"wp:attachment":[{"href":"https:\/\/www.infokuryr.cz\/n\/wp-json\/wp\/v2\/media?parent=60772"}],"wp:term":[{"taxonomy":"category","embeddable":true,"href":"https:\/\/www.infokuryr.cz\/n\/wp-json\/wp\/v2\/categories?post=60772"},{"taxonomy":"post_tag","embeddable":true,"href":"https:\/\/www.infokuryr.cz\/n\/wp-json\/wp\/v2\/tags?post=60772"}],"curies":[{"name":"wp","href":"https:\/\/api.w.org\/{rel}","templated":true}]}}