{"id":60754,"date":"2024-08-26T00:34:16","date_gmt":"2024-08-25T22:34:16","guid":{"rendered":"https:\/\/www.infokuryr.cz\/n\/?p=60754"},"modified":"2024-08-25T15:54:59","modified_gmt":"2024-08-25T13:54:59","slug":"ivan-david-fakta-o-predrazovani-potravin-v-obchodnich-retezcich","status":"publish","type":"post","link":"https:\/\/www.infokuryr.cz\/n\/2024\/08\/26\/ivan-david-fakta-o-predrazovani-potravin-v-obchodnich-retezcich\/","title":{"rendered":"Ivan David: Fakta o p\u0159edra\u017eov\u00e1n\u00ed potravin v obchodn\u00edch \u0159et\u011bzc\u00edch"},"content":{"rendered":"<div id=\"fb-root\"><\/div>\n<p><strong>B\u00e1jn\u00e9 tvrzen\u00ed premi\u00e9ra Petra Fialy (ODS) o nejrychlej\u0161\u00edm poklesu cen potravin v \u010cR ze v\u0161ech zem\u00ed OECD a o v\u00fdhodnosti dota\u010dn\u00edho syst\u00e9mu, kter\u00fd pro zem\u011bd\u011blstv\u00ed zvolila p\u011btikoali\u010dn\u00ed vl\u00e1da, je\u017e nuteli\u00e9r pronesl ve sv\u00e9m projevu p\u0159i zah\u00e1jen\u00ed v\u00fdstavy Zem\u011b \u017eivitelka p\u0159im\u011blo Michala Svato\u0161e a Petra Rajsk\u00e9ho ke zpracov\u00e1n\u00ed anal\u00fdzy skute\u010dn\u00fdch dat. Pod n\u00e1zvem \u201e\u201cVrt\u011bti Folt\u00fdnem\u201d Rafinovan\u00e1 Fialova taktika jak si zachr\u00e1nit k\u016f\u017ei?!\u201c, ji zve\u0159ejnili na zpravodajsk\u00e9m webu Michalapetr, kter\u00fd spole\u010dn\u011b ji\u017e \u0159adu let vyd\u00e1vaj\u00ed. Proto\u017ee jejich dokument obsahuje \u0159adu informac\u00ed a srovn\u00e1n\u00ed, kter\u00e9 v mejnstr\u00fdmu nenajdete, dovoluji si V\u00e1m jejich materi\u00e1l p\u0159edlo\u017eit k p\u0159e\u010dten\u00ed s doporu\u010den\u00edm k pravideln\u00e9mu sledov\u00e1n\u00ed jejich webu:<\/strong><\/p>\n<p>\u201eTak\u0159ka v\u0161ichni v m\u00e9 generaci znaj\u00ed skv\u011bl\u00fd americk\u00fd film Vrt\u011bti psem. Jeho origin\u00e1ln\u00ed n\u00e1zev \u201cWag the dog\u201d odkazuje na star\u00fd americk\u00fd v\u00fdraz \u201cWag the dog\u201d ozna\u010duj\u00edc\u00ed mazan\u00fd politick\u00fd podvod na voli\u010d\u00edch, kter\u00fd byl poprv\u00e9 publikov\u00e1n v kv\u011btnu 1871 v novin\u00e1ch The Memphis Daily Appeal. Podstatou v\u00fdrazu \u201cWag the dog \u2013 Vrt\u011bti psem\u201d je trefn\u011b popsat absurdn\u00ed situaci, v n\u00ed\u017e se ned\u016fle\u017eit\u00e1 mal\u00e1 entita psa, jeho ocas, pokus\u00ed \u00fasp\u011b\u0161n\u011b ovl\u00e1dnout cel\u00e9 jeho t\u011blo, a tento z\u0159ejm\u00fd p\u0159\u00edrodn\u00ed nesmysl konfrontuje se z\u00e1kulisn\u00ed politikou, v n\u00ed\u017e je \u201cVrt\u011bti psem\u201d, \u010dili \u201cVrt\u011bti voli\u010di\u201d obl\u00edbenou taktikou ne\u00fasp\u011b\u0161n\u00fdch politik\u016f, kte\u0159\u00ed pot\u0159ebuj\u00ed odvr\u00e1tit pozornost od sv\u00fdch vlastn\u00edch selh\u00e1n\u00ed. Nyn\u011bj\u0161\u00ed \u201cFialovo vrt\u011bn\u00ed Folt\u00fdnem\u201d se zd\u00e1 b\u00fdt dal\u0161\u00edm klasick\u00fdm uplatn\u011bn\u00edm t\u00e9to osv\u011bd\u010den\u00e9 taktiky \u201cWag the dog\u201d, a my se proto na n\u011bj v dne\u0161n\u00ed anal\u00fdze pod\u00edv\u00e1me podrobn\u011bji.<\/p>\n<p>P\u0159ed p\u00e1r dny se Petr Fiala, zn\u00e1m\u00fd tak\u00e9 jako \u201cPan Nutella\u201c, op\u011bt ve\u0159ejn\u011b chv\u00e1stal, jak\u00fd je skv\u011bl\u00fd vl\u00e1dce \u010cech, Moravy a Slezska, a jak se mu poda\u0159ilo sn\u00ed\u017eit ceny drah\u00fdch potravin. Fiala je dokonce takov\u00fd nadutec, \u017ee 22. srpna v \u010cesk\u00fdch Bud\u011bjovic\u00edch vyk\u0159ikoval, \u017ee \u201ctakov\u00fdm poklesem cen potravin se te\u010f nem\u016f\u017ee pochlubit \u017e\u00e1dn\u00e1 jin\u00e1 \u010dlensk\u00e1 zem\u011b OECD\u201c. Provedeme-li v\u0161ak srovn\u00e1n\u00ed v\u00fdvozu potravin z N\u011bmecka do \u010c\u00edny, zato\u010d\u00ed se n\u00e1m hlava, jak s n\u00e1mi Fiala vrt\u00ed. A hlavn\u011b jak nic ned\u011bl\u00e1, aby byly potraviny levn\u011bj\u0161\u00ed.<\/p>\n<p>Podle spolehliv\u00fdch \u010desk\u00fdch dat se litr ml\u00e9ka v \u010cR v srpnu prod\u00e1val za 25 korun, (za Babi\u0161e 19), a kilo jogurtu za 75 CZK. A podle spolehliv\u00fdch n\u011bmeck\u00fdch dat publikovan\u00fdch 23. srpna, vyv\u00e1\u017e\u00ed N\u011bmecko ka\u017edoro\u010dn\u011b do \u010c\u00edny 294 000 tun ml\u00e9ka a dal\u0161\u00edch ml\u00e9\u010dn\u00fdch v\u00fdrobk\u016f (bez m\u00e1sla a s\u00fdra) za \u00fahrnnou cenu 386 milion\u016f EUR. A to p\u0159edstavuje 32.87 CZK na kilogram v\u00fdrobku, a n\u011bmeck\u00e9 \u010derstv\u00e9 a zpracovan\u00e9 konzumn\u00ed ml\u00e9ko v tomto objemu p\u0159edstavuje 1\/2 tohoto v\u00fdvozu. Pouh\u00fdm srovn\u00e1n\u00edm pr\u016fm\u011brn\u00e9 ceny 1 kilogramu ml\u00e9ka a jogurtu v \u010desk\u00fdch obchodech = 47 korun a pr\u016fm\u011brn\u00e9 v\u00fdvozn\u00ed ceny 1 kilogramu podobn\u00e9ho mixu n\u011bmeck\u00fdch ml\u00e9\u010dn\u00fdch potravin vyv\u00e1\u017een\u00fdch do \u010c\u00edny = 32.87 CZK dostaneme neuv\u011b\u0159iteln\u00fd rozd\u00edl 14 korun na kilogram v\u00fdrobku ve prosp\u011bch dod\u00e1vek \u010d\u00ednsk\u00fdm komunist\u016fm oproti prodej\u016fm na\u0161im lidem! A to jsme do pr\u016fm\u011bru \u010desk\u00fdch cen je\u0161t\u011b nepo\u010d\u00edtali smetanu, kter\u00e1 se prod\u00e1v\u00e1 za 120 korun na kilogram.<\/p>\n<p>Jak je mo\u017en\u00e9, \u017ee kilogram ml\u00e9ka, smetany a jogurt\u016f se do \u010c\u00edny vyv\u00e1\u017e\u00ed lod\u011bmi, kter\u00e9 plavou 8 625 kilometr\u016f z Hamburku do \u0160anghaje, a ml\u00e9\u010dn\u00e9 produkty je\u0161t\u011b mus\u00ed urazit dal\u0161\u00edch pr\u016fm\u011brn\u011b 400 km v N\u011bmecku z krav\u00edna do ml\u00e9k\u00e1rny a do p\u0159\u00edstavu, a v \u010c\u00edn\u011b dal\u0161\u00ed stovky kilometr\u016f za z\u00e1kazn\u00edkem, za cenu o 14 korun levn\u011bj\u0161\u00ed, ne\u017e je Fiala nech\u00e1v\u00e1 prod\u00e1vat \u010cech\u016fm, kdy\u017e je jasn\u00e9, \u017ee k jejich doprav\u011b do \u010desk\u00e9ho obchodu sta\u010d\u00ed p\u00e1r set kilometr\u016f? A hlavn\u011b, jak je mo\u017en\u00e9, \u017ee v\u010dera za\u010dali n\u011bme\u010dt\u00ed ml\u00e9ka\u0159i \u0159v\u00e1t jako pominut\u00ed, \u017ee \u010c\u00edna hodl\u00e1 na jejich lukrativn\u00ed byznys s ml\u00e9\u010dn\u00fdmi v\u00fdrobky levn\u011bj\u0161\u00edmi o 14 korun ne\u017e pro \u010cechy uvalit cla, a p\u0159ipravit je o jejich lukrativn\u00ed zisky!? Ch\u00e1pete to? N\u011bmci \u0159vou, \u017ee p\u0159ijdou o lukrativn\u00ed obchod s ml\u00e9kem, kter\u00fd je lukrativn\u00ed i p\u0159i 2\/3 \u010desk\u00e9 ceny, p\u0159esto\u017ee jeho p\u0159epravn\u00ed trasa je 25 kr\u00e1t del\u0161\u00ed ne\u017e do \u010cech!!!! Tady evidentn\u011b n\u011bco fialov\u011b smrd\u00ed.<\/p>\n<p>Abychom fialov\u00fd smrad val\u00edc\u00ed se na z\u00e1kazn\u00edky z cen potravin v \u010desk\u00fdch obchodech pochopili, mus\u00edme se na celou z\u00e1le\u017eitost pod\u00edvat optikou \u010c\u00edny. Ta v odvet\u011b za cla na \u010d\u00ednsk\u00e1 auta ude\u0159ila na lukrativn\u00ed byznys evropsk\u00fdch potravin\u00e1\u0159\u016f. A zah\u00e1jila proceduru, kter\u00e1 uval\u00ed cla na n\u011bmeck\u00e9, rakousk\u00e9, irsk\u00e9, \u010desk\u00e9 a dal\u0161\u00ed ml\u00e9ko, smetanu, jogurt a tvaroh, a francouzsk\u00e9 ko\u0148aky, a na \u0161pan\u011blsk\u00e9 vep\u0159ov\u00e9. \u010c\u00edna postupuje mazan\u011b. V\u00fdb\u011brov\u011b v odvet\u011b za cla na jej\u00ed dotovan\u00e1 auta \u00fato\u010d\u00ed cly na dotovan\u00e9 evropsk\u00e9 potraviny, kter\u00e9 p\u0159in\u00e1\u0161en\u00ed jejich producent\u016fm lukrativn\u00ed zisky i p\u0159i neskute\u010dn\u011b n\u00edzk\u00fdch v\u00fdvozn\u00edch cen\u00e1ch, a po \u010d\u00ednsk\u00e9m oby\u010deji z celn\u00edho \u00fatoku vyjmula sp\u0159\u00e1telen\u00e9 Ma\u010farsko. \u010c\u00ednsk\u00fd \u00fatok prov\u011b\u0159\u00ed 20 bruselsk\u00fdch dota\u010dn\u00edch program\u016f, a o\u010dek\u00e1v\u00e1 se, \u017ee bude m\u00edt \u010c\u00edna \u00fasp\u011bch, a je\u0161t\u011b k tomu souhlasn\u00fd ohlas v zem\u00edch glob\u00e1ln\u00edho jihu, proto\u017ee evropsk\u00e9 dotace z\u00e1padoevropsk\u00fdm zem\u011bd\u011blc\u016fm ruinuj\u00ed tamn\u00ed zem\u011bd\u011blce. \u0158ev z\u00e1padn\u00edch Evropan\u016f, kter\u00fd v\u010dera propuknul, ukazuje, \u017ee Xi trefil do \u010dern\u00e9ho. Nastane konec lukrativn\u00edho v\u00fdvozu evropsk\u00fdch potravin za ceny, kter\u00e9 \u010ce\u0161i mohou d\u00edky Fialovi jen ti\u0161e z\u00e1vid\u011bt.<\/p>\n<p>Kdo m\u00e1 ve skute\u010dnosti zisky z vysok\u00fdch cen potravin je jasn\u00e9. Podle statistiky EU se finan\u010dn\u00ed hodnota ve\u0161ker\u00e9 zem\u011bd\u011blsk\u00e9 produkce zv\u00fd\u0161ila v \u010cR o 15%, a to navzdory zv\u00fd\u0161en\u00ed vstupn\u00edch n\u00e1klad\u016f pro zem\u011bd\u011blce ve v\u00fd\u0161i 22%. Z bruselsk\u00e9 statistiky tak jasn\u011b vypl\u00fdv\u00e1, \u017ee \u010de\u0161t\u00ed zem\u011bd\u011blci absorbovali pr\u016fm\u011brn\u011b 7% zv\u00fd\u0161en\u00ed n\u00e1klad\u016f na produkci sami, a jen 15% ze 22% zv\u00fd\u0161en\u00fdch n\u00e1klad\u016f p\u0159enesli na z\u00e1kazn\u00edky. Pr\u016fm\u011brn\u00e1 cena potravin se v\u0161ak v \u010desk\u00fdch obchodech zvedla o 37%!! A n\u011bmeck\u00fdm ml\u00e9ka\u0159\u016fm se p\u0159itom lukrativn\u011b vypl\u00e1celo ve stejn\u00e9m obdob\u00ed vyv\u00e1\u017eet sv\u00e9 produkty do \u010c\u00edny za prodejn\u00ed hodnotu pouh\u00fdch 66% kone\u010dn\u00fdch cen v \u010desk\u00fdch obchodech. Souhrn tr\u017eeb \u010desk\u00fdch zem\u011bd\u011blc\u016f v roce 2022 p\u0159edstavoval 160 miliard, souhrn tr\u017eeb 10 nejv\u011bt\u0161\u00edch prodejn\u00edch \u0159et\u011bzc\u016f v \u010cR p\u0159itom 415 miliard. Samotn\u00e1 Fialova vl\u00e1da p\u0159itom podle anal\u00fdzy EU naprosto idioticky rozd\u011bluje zem\u011bd\u011blsk\u00e9 dotace. \u010cesk\u00e1 zem\u011bd\u011blsk\u00e1 v\u00fdroba od n\u00e1stupu Fialy spot\u0159ebov\u00e1v\u00e1 0.18 EURA dotace na ka\u017ed\u00e9 1 EURO kone\u010dn\u00e9 produkce. Fiala je tak 7 nejhor\u0161\u00ed p\u0159i v\u00fdsledn\u00e9 efektivit\u011b vyu\u017eit\u00ed rozd\u011blovan\u00fdch zem\u011bd\u011blsk\u00fdch dotac\u00ed v EU, Slov\u00e1ci p\u0159ed n\u00e1stupem Fica byli 12 se spot\u0159ebou 0.17 EURA. Nejlep\u0161\u00ed byli Holan\u010fan\u00e9 0.03 EURA, D\u00e1nov\u00e9 0.05, a Italov\u00e9 a Belgi\u010dani 0.06. Fiala tedy nejen strp\u011bl, \u017ee \u010cech\u016fm byly prod\u00e1v\u00e1ny evropsk\u00e9 potraviny o 33% dra\u017ee, ne\u017e byly i s lukrativn\u00edm n\u011bmeck\u00fdm ziskem vyv\u00e1\u017eeny \u010d\u00ednsk\u00fdm komunist\u016fm. Ale ani nebyl schopen p\u0159id\u011blovat zem\u011bd\u011blsk\u00e9 dotace, tak by zvy\u0161ovaly v\u00fdkonnost \u010desk\u00e9ho zem\u011bd\u011blstv\u00ed, stejn\u011b jako tomu \u010dinily vl\u00e1dy \u0159\u00edzen\u00e9 chyt\u0159ej\u0161\u00edmi evropsk\u00fdmi politiky, kte\u0159\u00ed se m\u00e9n\u011b chv\u00e1staj\u00ed, ale v\u00edce pracuj\u00ed. A na Fialu se \u0159\u00edd\u00ed dal\u0161\u00ed probl\u00e9m. Zem\u011bd\u011blci za\u010dali v\u010dera v\u0159e\u0161t\u011bt, \u017ee \u00faroda st\u00e1la za nic, a tr\u017eby tak budou ni\u017e\u0161\u00ed o 7 miliard, (skoro o 5%).<\/p>\n<p>Pro\u010d \u010ce\u0161i se zna\u010dn\u011b ni\u017e\u0161\u00edmi zem\u011bd\u011blsk\u00fdmi dotacemi nedosahuj\u00ed stejn\u011b vysok\u00e9 efektivity sv\u00e9 produkce jako z\u00e1padn\u00ed zem\u011bd\u011blci je z\u0159ejm\u00e9. Nemohou investovat stejn\u00e9 \u010d\u00e1stky do v\u00fdnosn\u00e9 zem\u011bd\u011blsk\u00e9 produkce jako z\u00e1padn\u00ed zem\u011bd\u011blci, a mus\u00ed produkovat pouze n\u00e1kladov\u011b nen\u00e1ro\u010dn\u00e9 potraviny, a ty je\u0161t\u011b mus\u00ed prod\u00e1vat z\u00e1padn\u00edm \u0159et\u011bzc\u016fm, kter\u00e9 \u010desk\u00fd trh s potravinami ovl\u00e1daj\u00ed. V\u00fdsledkem t\u00e9to fialov\u00e9 politiky podku\u0159ov\u00e1n\u00ed Bruselu ve prosp\u011bch Z\u00e1padu je krom drah\u00fdch potravin v \u010cR tak\u00e9 miziv\u00fd da\u0148ov\u00fd p\u0159\u00ednos \u010desk\u00e9ho zem\u011bd\u011blstv\u00ed st\u00e1tn\u00edmu rozpo\u010dtu \u010cR. Francie z\u00edsk\u00e1v\u00e1 do sv\u00e9ho rozpo\u010dtu 0.18 EUR z ka\u017ed\u00e9ho 1 EUR bruselsk\u00e9 zem\u011bd\u011blsk\u00e9 dotace, a je hv\u011bzdou v EU. Fialov\u00fd ignorant dok\u00e1\u017ee z\u00edskat pouze 0.03 EUR dan\u011b z ka\u017ed\u00e9ho 1 EURA bruselsk\u00e9 zem\u011bd\u011blsk\u00e9 dotace a je op\u011bt skoro nejhor\u0161\u00ed v EU. Pr\u016fm\u011br EU je 0.12 EUR. V \u010dele jsou op\u011bt krom Francouz\u016f D\u00e1nov\u00e9, Holan\u010fani a Italov\u00e9. V zem\u011bd\u011blstv\u00ed EU plat\u00ed, \u017ee z\u00e1padn\u00ed zem\u011b, kter\u00e9 dost\u00e1vaj\u00ed zna\u010dn\u011b vy\u0161\u0161\u00ed zem\u011bd\u011blsk\u00e9 dotace ne\u017e \u010ce\u0161i a Slov\u00e1ci maj\u00ed v pom\u011bru k plat\u016fm zna\u010dn\u011b levn\u011bj\u0161\u00ed potraviny, konkuren\u010dn\u011b d\u00edky dotac\u00edm likviduj\u00ed na\u0161e zem\u011bd\u011blstv\u00ed, a je\u0161t\u011b d\u00edky obrovsk\u00fdm dotac\u00edm maj\u00ed zna\u010dn\u011b vy\u0161\u0161\u00ed p\u0159\u00edjmy pro sv\u00e9 st\u00e1tn\u00ed rozpo\u010dty. Drzost, \u017ee vyv\u00e1\u017eej\u00ed \u010d\u00ednsk\u00fdm komunist\u016f levn\u011bj\u0161\u00ed potraviny ne\u017e jsou prod\u00e1v\u00e1ny \u010cech\u016fm a maj\u00ed z toho i tak lukrativn\u00ed zisky, je u\u017e ov\u0161em do nebe volaj\u00edc\u00ed! Fiala m\u00edsto toho, aby se zviditel\u0148oval letn\u00edm protikomunistick\u00fdm kinem p\u0159ed Strakovou akademi\u00ed, by se m\u011bl rad\u011bji soust\u0159edit na to, aby \u010cech\u016fm EU neprod\u00e1vala potraviny dr\u00e1\u017ee, ne\u017e je dov\u00e1\u017e\u00ed \u010d\u00ednsk\u00fdm komunist\u016fm. V\u00fdsledkem tohoto letit\u00e9ho podku\u0159ov\u00e1n\u00ed Bruselu v zem\u011bd\u011blsk\u00e9 politice je pokles stav\u016f \u010desk\u00e9ho skotu ze 3.5 milionu kus\u016f v roce 1989 na 1.4 miliony v roce 2022. Co se stane s \u010desk\u00fdmi kravami d\u00e1le je jasn\u00e9. \u010c\u00ed\u0148an\u00e9 uval\u00ed cla na n\u011bmeck\u00e9 ml\u00e9ko a N\u011bmci budou muset n\u011bkde udat 294 000 tun ml\u00e9\u010dn\u00fdch v\u00fdrobk\u016f, a to p\u0159edstavuje v\u00edce ne\u017e nadoj\u00ed v\u0161echny \u010desk\u00e9 kr\u00e1vy za cel\u00fd m\u011bs\u00edc, (247 a\u017e 269 tis\u00edc tun m\u011bs\u00ed\u010dn\u011b). K tomu si p\u0159ipo\u010dt\u011bte produkci Holan\u010fan\u016f a dal\u0161\u00ed zem\u00ed v\u010detn\u011b Francie, a m\u016f\u017eete po\u010d\u00edtat, \u017ee \u010desk\u00e1 kr\u00e1va p\u0159estane existovat stejn\u011b tak jako \u010desk\u00fd zem\u011bd\u011blec.<\/p>\n<p>Co je prim\u00e1rn\u00ed p\u0159\u00ed\u010dinou v\u0161\u00ed drahoty v Evrop\u011b je z\u0159ejm\u00e9, vysok\u00e9 ceny energi\u00ed, kter\u00e9 plundruj\u00ed \u010desk\u00e9 pen\u011b\u017eenky, a likviduj\u00ed \u010desk\u00e9 i evropsk\u00e9 zem\u011bd\u011blstv\u00ed i pr\u016fmysl. Vysok\u00e9 ceny energi\u00ed jsou zp\u016fsobeny Green Deal a sankcemi na Rusko. Green Deal je zhola nesmysln\u00fd podnik. Jezd\u00edm po Praze MHD a zna\u010dn\u00e1 \u010d\u00e1st pra\u017esk\u00fdch tramvaj\u00ed je p\u0159estav\u011bn\u00e1 modernizovan\u00e1 verze p\u016fvodn\u00ed tramvaje Tatra T3 vyr\u00e1b\u011bn\u00e9 za komunismu. Praha takto modernizovala 315 komunistick\u00fdch tramvaj\u00ed a za 34 let demokracie je z velk\u00e9 \u010d\u00e1sti je\u0161t\u011b nedok\u00e1zala v provozu nahradit jin\u00fdmi tipy. Je to prost\u011b finan\u010dn\u011b nemo\u017en\u00e9. P\u0159esto nikomu v pra\u017esk\u00e9m veden\u00ed nep\u0159ipad\u00e1 \u0161\u00edlen\u00e9, \u017ee Brusel pl\u00e1nuje nahradit v\u0161echny osobn\u00ed automobily elektromobily. Kdy\u017e se to za 34 let nepoda\u0159ilo u tramvaj\u00ed, nahradit je za nov\u00e9 tipy, m\u00e1 se to poda\u0159it za 10 let u osobn\u00edch automobil\u016f? Naprost\u00e1 \u0161\u00edlenost. K tomu bude t\u0159eba nahradit elektr\u00e1rny, kotle, zateplit ka\u017ed\u00fd d\u016fm? U\u017e te\u010f lid\u00e9 nemaj\u00ed \u010dasto ani na po\u0159\u00e1dn\u00e9 j\u00eddlo.<\/p>\n<p>Fiala m\u00e1 p\u0159ed volbami a v\u00ed ze statistik, \u017ee \u010de\u0161t\u00ed voli\u010di jsou nespokojen\u00ed se stavem sv\u00fdch pen\u011b\u017eenek a s v\u00fd\u0161\u00ed fialov\u00fdch cen. Velk\u00e1 \u010d\u00e1st voli\u010d\u016f, kter\u00e1 zm\u011bnou sv\u00e9ho hlasu rozhoduje volby, je nespokojen\u00e1 s Fialovou koalic\u00ed pr\u00e1v\u011b pro jej\u00ed naprostou neschopnost \u0159e\u0161it jejich ekonomickou situaci a budoucnost. Fialovy nejnov\u011bj\u0161\u00ed n\u00e1pady, schodek rozpo\u010dtu na rok 2025 dal\u0161\u00edch 235 miliard, vyhazov\u00e1n\u00ed z pr\u00e1ce bez ud\u00e1n\u00ed d\u016fvod\u016f a nesmysln\u00e9 v\u00e1le\u010dn\u00e9 v\u00fddaje ve v\u00fd\u0161i p\u0159es 160 miliard ro\u010dn\u011b tyto voli\u010de doslova d\u011bs\u00ed. Fiala nem\u00e1 \u017e\u00e1dn\u00fd ekonomick\u00fd program, kter\u00fd by \u010cech\u016fm zajistil nad\u011bji na slu\u0161n\u00fd \u017eivot v budoucnosti. Jeho ignoranstv\u00ed je tak neskute\u010dn\u00e9, \u017ee str\u016fjce v\u0161\u00ed drahoty v \u010cesku za posledn\u00ed roky, sv\u00e9ho ministra obchodu S\u00edkelu, kter\u00fd si nedok\u00e1zal do\u0161l\u00e1pnout ani na p\u0159edra\u017een\u00e9 potraviny, ani na p\u0159edra\u017een\u00e9 energie, po\u0161le za odm\u011bnu do Bruselu, aby odtamtud \u0161kodil lidem je\u0161t\u011b v\u00edc. Tito voli\u010di, kte\u0159\u00ed svou nespokojenost\u00ed budou rozhodovat leto\u0161n\u00ed podzimn\u00ed volby, a p\u0159\u00ed\u0161t\u00ed rok parlamentn\u00ed volby, budou cht\u00edt ze v\u0161eho nejv\u00edc sly\u0161et, jestli Fialova opozice jejich budoucnost vy\u0159e\u0161\u00ed l\u00e9pe. Proto\u017ee Fiala \u017e\u00e1dn\u00fd jin\u00fd pl\u00e1n, ne\u017e \u0161kodit lidem je\u0161t\u011b v\u00edc, nem\u00e1, mus\u00ed za\u010d\u00edt \u201cVrt\u011bt psem\u201d, tedy v na\u0161em p\u0159\u00edpad\u011b Folt\u00fdnem. Aby se Fialova koalice (ODS, STAN, KDU-\u010cSL, TOP-09 a Pir\u00e1ti) udr\u017eela u moci, mus\u00ed hlavn\u00ed \u010d\u00e1st p\u0159edvolebn\u00ed debaty odv\u00e9st od ekonomick\u00fdch t\u00e9mat, k t\u00e9mat\u016fm ideologick\u00fdm. Vrt\u011bn\u00ed Folt\u00fdnem je tak zp\u016fsob jak medi\u00e1ln\u00ed prostor zahltit nesmysln\u00fdmi debatami o zm\u011bn\u00e1ch, kter\u00e9 nejsou v \u010cR mo\u017en\u00e9 bez zm\u011bny \u00dastavy, kterou ov\u0161em Fialov\u00e1 koalice nem\u00e1 \u0161anci zm\u011bnit. Voli\u010di, kte\u0159\u00ed jsou d\u00edky sv\u00e9 nespokojenosti s Fialou schopni zm\u011bnit rozlo\u017een\u00ed politick\u00fdch sil v \u010cR, se v\u0161ak kupodivu o h\u00e1dky vyvol\u00e1van\u00e9 vrt\u011bn\u00fdm Folt\u00fdnem o vyhran\u011bn\u00fdch ideologick\u00fdch p\u00f3z\u00e1ch zaj\u00edmaj\u00ed ze v\u0161eho nejm\u00e9n\u011b. Je, stejn\u011b jako americk\u00e9 voli\u010de, zaj\u00edm\u00e1 ideologie mnohem m\u00e9n\u011b ne\u017e praktick\u00e1 ekonomika jejich pen\u011b\u017eenky. Fiala tak vrt\u00ed Folt\u00fdnem, aby jako kandid\u00e1t na prezidenta ve filmu \u201cWag the dog\u201d odvr\u00e1til pozornost od vlastn\u00edch selh\u00e1n\u00ed k bizardn\u00edm t\u00e9mat\u016fm. Fialova slabost tkv\u00ed v jeho neschopnosti prov\u00e9st jakoukoli reformu \u010desk\u00e9ho st\u00e1tu a jeho ekonomiky. Vlastenci ve volb\u00e1ch zv\u00edt\u011bz\u00ed jedin\u011b, kdy\u017e nab\u00eddnou relevantn\u00ed \u0159e\u0161en\u00ed tohoto hlavn\u00edho probl\u00e9mu, kter\u00fd voli\u010de tr\u00e1p\u00ed. Podr\u00e1\u017ed\u011bn\u00e1 reakce na za\u010d\u00ednaj\u00edc\u00ed Okamurovu p\u0159edvolebn\u00ed kampa\u0148, kter\u00e1 m\u00ed\u0159\u00ed hlavn\u011b k ekonomick\u00fdm ot\u00e1zk\u00e1m, je toho kr\u00e1sn\u00fdm d\u016fkazem. \u010cech\u016fm tak nezb\u00fdv\u00e1 ne\u017e pop\u0159\u00e1t, aby si fialovou reality show \u201cWag the Folt\u00fdn\u201d skv\u011ble u\u017eili, a vlastenc\u016fm, aby se na ni nenechali nachytat.\u201c, napsali Michal Svato\u0161.<\/p>\n<p>Za obzvl\u00e1\u0161t\u011b cenn\u00e9 pova\u017euji zve\u0159ejn\u011bn\u00e9 informace o efektivit\u011b r\u016fzn\u00fdch dota\u010dn\u00edch mechanism\u016f. Francie, jej\u00ed\u017e zem\u011bd\u011blsk\u00e1 politika klade v\u011bt\u0161\u00ed d\u016fraz na podporu produkce (c\u00edlen\u00e9 dotace p\u011bstov\u00e1n\u00ed konkr\u00e9tn\u00edch plodin a chov vybran\u00fdch druh\u016f zv\u00ed\u0159at pro potravin\u00e1\u0159sk\u00e9 \u00fa\u010dely) vykazuje ve srovn\u00e1n\u00ed s \u010desk\u00fdm syst\u00e9mem dotac\u00ed na hektar a podpory nicned\u011bl\u00e1n\u00ed maskovan\u00e9ho jako ekologie \u0159\u00e1dov\u011b lep\u0161\u00edch v\u00fdsledk\u016f. Francouzsk\u00fd syst\u00e9m si na sebe vyd\u011bl\u00e1. Jejich st\u00e1tn\u00ed rozpo\u010det dostane zdan\u011bn\u00edm zem\u011bd\u011blsk\u00e9 a potravin\u00e1\u0159sk\u00e9 v\u00fdroby zp\u011bt to co do zem\u011bd\u011blstv\u00ed nainvestoval z dotac\u00ed nainvestoval. Mnohem v\u00edce tak\u00e9 pom\u00e1h\u00e1 udr\u017eovat na venkov\u011b zam\u011bstnanost. Ov\u0161em nikoli um\u011blou zam\u011bstnanost v podob\u011b pracovn\u00edch \u00favazk\u016f \u00fa\u010detn\u00edch a pr\u00e1vn\u00edk\u016f zab\u00fdvaj\u00edc\u00edch se \u201elad\u011bn\u00edm\u201c dota\u010dn\u00edch \u017e\u00e1dost\u00ed, ale zam\u011bstnanost lid\u00ed produkuj\u00edc\u00edch potravin\u00e1\u0159sk\u00e9 plodiny a prov\u00e1d\u011bj\u00edc\u00edch chov potravin\u00e1\u0159sk\u00fdch zv\u00ed\u0159at. Srovn\u00e1n\u00ed pom\u011bru dotac\u00ed a tr\u017eeb z prodeje potravin\u00e1\u0159sk\u00fdch v\u00fdrobk\u016f je pro politiku teologa z Bo\u017e\u00edho dopu\u0161t\u011bn\u00ed vykon\u00e1vaj\u00edc\u00edho funkci ministra zem\u011bd\u011blstv\u00ed Marka V\u00fdborn\u00e9ho (KDU-\u010cSL) naprosto zdrcuj\u00edc\u00ed.<\/p>\n<p>Anal\u00fdza ukazuje, \u017ee vl\u00e1dn\u00ed politika v zem\u011bd\u011blstv\u00ed, potravin\u00e1\u0159stv\u00ed a maloobchodu je tunel\u00e1\u0159sk\u00e1 a vede zemi k bankrotu.<\/p>\n<p><em><strong>MUDr. Ivan David, CSc.<\/strong><\/em><\/p>\n<p><img decoding=\"async\" loading=\"lazy\" class=\"alignnone size-medium wp-image-922\" src=\"http:\/\/www.infokuryr.cz\/n\/wp-content\/uploads\/2021\/04\/Ivan-David-1-222x300.jpg\" alt=\"\" width=\"222\" height=\"300\" srcset=\"https:\/\/www.infokuryr.cz\/n\/wp-content\/uploads\/2021\/04\/Ivan-David-1-222x300.jpg 222w, https:\/\/www.infokuryr.cz\/n\/wp-content\/uploads\/2021\/04\/Ivan-David-1.jpg 466w\" sizes=\"(max-width: 222px) 100vw, 222px\" \/><\/p>\n<p>&nbsp;<\/p>\n","protected":false},"excerpt":{"rendered":"<p>B\u00e1jn\u00e9 tvrzen\u00ed premi\u00e9ra Petra Fialy (ODS) o nejrychlej\u0161\u00edm poklesu cen potravin v \u010cR ze v\u0161ech&#8230;<\/p>\n","protected":false},"author":2,"featured_media":19889,"comment_status":"closed","ping_status":"closed","sticky":false,"template":"","format":"standard","meta":[],"categories":[6],"tags":[1042,1907,1385,750],"_links":{"self":[{"href":"https:\/\/www.infokuryr.cz\/n\/wp-json\/wp\/v2\/posts\/60754"}],"collection":[{"href":"https:\/\/www.infokuryr.cz\/n\/wp-json\/wp\/v2\/posts"}],"about":[{"href":"https:\/\/www.infokuryr.cz\/n\/wp-json\/wp\/v2\/types\/post"}],"author":[{"embeddable":true,"href":"https:\/\/www.infokuryr.cz\/n\/wp-json\/wp\/v2\/users\/2"}],"replies":[{"embeddable":true,"href":"https:\/\/www.infokuryr.cz\/n\/wp-json\/wp\/v2\/comments?post=60754"}],"version-history":[{"count":0,"href":"https:\/\/www.infokuryr.cz\/n\/wp-json\/wp\/v2\/posts\/60754\/revisions"}],"wp:featuredmedia":[{"embeddable":true,"href":"https:\/\/www.infokuryr.cz\/n\/wp-json\/wp\/v2\/media\/19889"}],"wp:attachment":[{"href":"https:\/\/www.infokuryr.cz\/n\/wp-json\/wp\/v2\/media?parent=60754"}],"wp:term":[{"taxonomy":"category","embeddable":true,"href":"https:\/\/www.infokuryr.cz\/n\/wp-json\/wp\/v2\/categories?post=60754"},{"taxonomy":"post_tag","embeddable":true,"href":"https:\/\/www.infokuryr.cz\/n\/wp-json\/wp\/v2\/tags?post=60754"}],"curies":[{"name":"wp","href":"https:\/\/api.w.org\/{rel}","templated":true}]}}