{"id":6074,"date":"2021-11-10T14:35:41","date_gmt":"2021-11-10T13:35:41","guid":{"rendered":"http:\/\/www.infokuryr.cz\/n\/?p=6074"},"modified":"2021-11-10T14:35:41","modified_gmt":"2021-11-10T13:35:41","slug":"agent-fbi-umira-nekolik-hodin-po-ockovani-proti-covid","status":"publish","type":"post","link":"https:\/\/www.infokuryr.cz\/n\/2021\/11\/10\/agent-fbi-umira-nekolik-hodin-po-ockovani-proti-covid\/","title":{"rendered":"Agent FBI um\u00edr\u00e1 n\u011bkolik hodin po o\u010dkov\u00e1n\u00ed proti COVID"},"content":{"rendered":"<div id=\"fb-root\"><\/div>\n<p><span>Ned\u00e1vno ovdov\u011bl\u00e1 \u017eena, kter\u00e1 zaslechla n\u011bkoho na \u0161koln\u00ed sch\u016fzce, jak si st\u011b\u017euje, \u017ee prost\u011b nech\u00e1pe, pro\u010d se lid\u00e9 nevzd\u00e1vaj\u00ed sv\u00e9ho odporu a necht\u011bj\u00ed dostat vakc\u00ednu? Je to opravdu tak t\u011b\u017ek\u00e9?\u00a0Nyn\u00ed vytvo\u0159ila video, ve kter\u00e9m pros\u00ed o ukon\u010den\u00ed \u0161\u00edlenstv\u00ed.<\/span><\/p>\n<p><span>Kdy\u017e vyslechla st\u011b\u017eovatele, \u0159ekla: Cht\u011blo se mi hned zvracet, a to z mnoha d\u016fvod\u016f. Nejsem proti o\u010dkov\u00e1n\u00ed.\u00a0Nikdy jsem nebyl odp\u016frcem o\u010dkov\u00e1n\u00ed.\u00a0V\u011b\u0159\u00edm ve svobodu.\u00a0V\u011b\u0159\u00edm v \u201ena\u0161e t\u011blo, na\u0161e volba\u201c.\u00a0Mysl\u00edm, \u017ee v\u011bda je cool.<\/span><\/p>\n<p><span>Ale d\u016fv\u011b\u0159uji v\u011bd\u011b, \u017ee ud\u011bl\u00e1 v\u0161echno, a p\u0159edev\u0161\u00edm d\u016fv\u011b\u0159uji v\u0161em v\u011bdc\u016fm? &#8222;V \u017e\u00e1dn\u00e9m p\u0159\u00edpad\u011b,&#8220; \u0159\u00edk\u00e1.\u00a0Pak vzlykala, aby vysv\u011btlila, \u017ee jej\u00ed man\u017eel, agent FBI, tak\u00e9 v\u011b\u0159il ve svobodu, a to natolik, \u017ee se nechal o\u010dkovat proti COVID je\u0161t\u011b p\u0159edt\u00edm, ne\u017e to bylo v\u016fbec zavedeno. Dokonce si z n\u00ed d\u011blal legraci, \u017ee se ob\u00e1v\u00e1 o bezpe\u010dnost vakc\u00edny.<\/span><\/p>\n<p><span>Po injekci se mu okam\u017eit\u011b ud\u011blalo nevolno.\u00a0\u0160el sp\u00e1t se silnou bolest\u00ed hlavy.\u00a0T\u0159ela mu nohy a konej\u0161ila ho, dokud neusnul, ale o p\u011bt hodin pozd\u011bji byl mrtv\u00fd.<\/span><\/p>\n<p><span>Koroner si myslel, \u017ee to byla n\u00e1hoda, \u201e\u010dir\u00e1 n\u00e1hoda,\u201c \u0159\u00edk\u00e1 truchl\u00edc\u00ed vdova.\u00a0<\/span><\/p>\n<p><span>Video zakon\u010duje t\u00edm, \u017ee mo\u017en\u00e1 d\u016fvod, pro\u010d lid\u00e9 bojuj\u00ed s na\u0159\u00edzen\u00edmi, je ten, \u017ee znaj\u00ed n\u011bkoho jako byl jej\u00ed man\u017eel, n\u011bkoho, koho milovali a koho tato vakc\u00edna tak brzy vzala z tohoto sv\u011bta.&#8220;<\/span><\/p>\n<div class=\"elementor-element elementor-element-1fb4c2c elementor-widget elementor-widget-theme-post-content\" data-id=\"1fb4c2c\" data-element_type=\"widget\" data-widget_type=\"theme-post-content.default\">\n<div class=\"elementor-widget-container\">\n<p>&nbsp;<\/p>\n<p><iframe loading=\"lazy\" id=\"lbry-iframe\" src=\"https:\/\/odysee.com\/$\/embed\/45-Year-Old-FBI-Special-Agent-Dies-Less-Than-24-Hours-After-Receiving-The-Pfizer-COVID-19-Vaccine\/62b419f77229e9e30da9bab3f29e8a1ec3d9035f?r=48AdSX3rMdSWqZJuRBq9Mp2KgGn3tVGF\" width=\"560\" height=\"315\" allowfullscreen=\"allowfullscreen\" data-mce-fragment=\"1\"><\/iframe><\/div>\n<\/div>\n<div class=\"elementor-element elementor-element-8c57238 quelle dc-has-condition dc-condition-empty elementor-widget elementor-widget-heading\" data-id=\"8c57238\" data-element_type=\"widget\" data-widget_type=\"heading.default\">\n<div class=\"elementor-widget-container\">\n<h3 class=\"elementor-heading-title elementor-size-default\"><span style=\"font-size: 8pt;\"><a href=\"https:\/\/healthimpactnews.com\/2021\/45-year-old-fbi-special-agent-dies-less-than-24-hours-after-receiving-the-pfizer-covid-19-vaccine\/\" target=\"_blank\" rel=\"nofollow noopener\">ZDROJ: 45LET\u00dd ZVL\u00c1\u0160TN\u00cd AGENT FBI ZEM\u0158EL M\u00c9N\u011a NE\u017d 24 HODIN PO OBDR\u017dEN\u00cd VAKC\u00cdNY PFIZER COVID-19<\/a><\/span><\/h3>\n<\/div>\n<\/div>\n<p>&nbsp;<\/p>\n","protected":false},"excerpt":{"rendered":"<p>Ned\u00e1vno ovdov\u011bl\u00e1 \u017eena, kter\u00e1 zaslechla n\u011bkoho na \u0161koln\u00ed sch\u016fzce, jak si st\u011b\u017euje, \u017ee prost\u011b nech\u00e1pe,&#8230;<\/p>\n","protected":false},"author":2,"featured_media":6075,"comment_status":"closed","ping_status":"closed","sticky":false,"template":"","format":"standard","meta":[],"categories":[7],"tags":[213,474,46],"_links":{"self":[{"href":"https:\/\/www.infokuryr.cz\/n\/wp-json\/wp\/v2\/posts\/6074"}],"collection":[{"href":"https:\/\/www.infokuryr.cz\/n\/wp-json\/wp\/v2\/posts"}],"about":[{"href":"https:\/\/www.infokuryr.cz\/n\/wp-json\/wp\/v2\/types\/post"}],"author":[{"embeddable":true,"href":"https:\/\/www.infokuryr.cz\/n\/wp-json\/wp\/v2\/users\/2"}],"replies":[{"embeddable":true,"href":"https:\/\/www.infokuryr.cz\/n\/wp-json\/wp\/v2\/comments?post=6074"}],"version-history":[{"count":0,"href":"https:\/\/www.infokuryr.cz\/n\/wp-json\/wp\/v2\/posts\/6074\/revisions"}],"wp:featuredmedia":[{"embeddable":true,"href":"https:\/\/www.infokuryr.cz\/n\/wp-json\/wp\/v2\/media\/6075"}],"wp:attachment":[{"href":"https:\/\/www.infokuryr.cz\/n\/wp-json\/wp\/v2\/media?parent=6074"}],"wp:term":[{"taxonomy":"category","embeddable":true,"href":"https:\/\/www.infokuryr.cz\/n\/wp-json\/wp\/v2\/categories?post=6074"},{"taxonomy":"post_tag","embeddable":true,"href":"https:\/\/www.infokuryr.cz\/n\/wp-json\/wp\/v2\/tags?post=6074"}],"curies":[{"name":"wp","href":"https:\/\/api.w.org\/{rel}","templated":true}]}}