{"id":6073,"date":"2021-11-10T14:16:14","date_gmt":"2021-11-10T13:16:14","guid":{"rendered":"http:\/\/www.infokuryr.cz\/n\/?p=6073"},"modified":"2021-11-10T14:37:01","modified_gmt":"2021-11-10T13:37:01","slug":"francouzsky-zdravotnicky-urad-varuje-muzi-do-30-let-by-se-meli-vyhnout-ockovani-moderna","status":"publish","type":"post","link":"https:\/\/www.infokuryr.cz\/n\/2021\/11\/10\/francouzsky-zdravotnicky-urad-varuje-muzi-do-30-let-by-se-meli-vyhnout-ockovani-moderna\/","title":{"rendered":"Francouzsk\u00fd zdravotnick\u00fd \u00fa\u0159ad varuje: mu\u017ei do 30 let by se m\u011bli vyhnout o\u010dkov\u00e1n\u00ed vakc\u00ednou Moderna"},"content":{"rendered":"<div id=\"fb-root\"><\/div>\n<div class=\"elementor-element elementor-element-1fb4c2c elementor-widget elementor-widget-theme-post-content\" data-id=\"1fb4c2c\" data-element_type=\"widget\" data-widget_type=\"theme-post-content.default\">\n<div class=\"elementor-widget-container\">\n<p>T\u00edm \u0161patn\u00e9 zpr\u00e1vy pro Modernu nekon\u010d\u00ed.<\/p>\n<p>Po slab\u00e9 zpr\u00e1v\u011b o v\u00fdd\u011blc\u00edch, kter\u00e1 minul\u00fd t\u00fdden zhroutila akcie spole\u010dnosti Moderna, vydali francouz\u0161t\u00ed zdravotn\u00edci nov\u00e9 doporu\u010den\u00ed, aby lid\u00e9 mlad\u0161\u00ed 30 let nedostali vakc\u00ednu Moderna, ale dostali vakc\u00ednu Pfizer \u2013 spole\u010dnost BioNTech.<\/p>\n<p>Rozhodnut\u00ed je zalo\u017eeno na ned\u00e1vno zve\u0159ejn\u011bn\u00fdch \u00fadaj\u00edch, kter\u00e9 ukazuj\u00ed, \u017ee o\u010dkov\u00e1n\u00ed od spole\u010dnosti Pfizer z\u0159ejm\u011b sni\u017euje riziko myokarditidy asi p\u011btkr\u00e1t ve srovn\u00e1n\u00ed s o\u010dkov\u00e1n\u00edm Spikevax od spole\u010dnosti Modera, \u201cpodle prohl\u00e1\u0161en\u00ed zve\u0159ejn\u011bn\u00e9ho HAS.<\/p>\n<p>P\u0159\u00edpady myokarditidy se obvykle objevuj\u00ed do 7 dn\u016f po o\u010dkov\u00e1n\u00ed, obvykle po pod\u00e1n\u00ed druh\u00e9 d\u00e1vky.\u00a0V\u011bt\u0161ina pacient\u016f, kte\u0159\u00ed zaznamenaj\u00ed vedlej\u0161\u00ed \u00fa\u010dinky, jsou obvykle mu\u017ei mlad\u0161\u00ed 30 let,\u00a0<strong><a href=\"https:\/\/www.has-sante.fr\/jcms\/p_3297260\/fr\/covid-19-la-has-precise-la-place-de-spikevax-dans-la-strategie-vaccinale\" target=\"_blank\" rel=\"noreferrer noopener\" data-type=\"URL\" data-id=\"https:\/\/www.has-sante.fr\/jcms\/p_3297260\/fr\/covid-19-la-has-precise-la-place-de-spikevax-dans-la-strategie-vaccinale\">podle HAS, kter\u00fd se op\u00edr\u00e1 o v\u00fdzkumn\u00e9 studie<\/a><\/strong>\u00a0.<\/p>\n<p>HAS rad\u00ed francouzsk\u00e9mu zdravotnick\u00e9mu syst\u00e9mu, ale nen\u00ed opr\u00e1vn\u011bn zakazovat l\u00e9ky nebo vakc\u00edny.\u00a0Doporu\u010den\u00ed se vztahuje na prvn\u00ed a druhou d\u00e1vku i na jak\u00e9koli p\u0159eo\u010dkov\u00e1n\u00ed, dokud \u00fa\u0159ady \u010dekaj\u00ed na dal\u0161\u00ed \u00fadaje.<\/p>\n<p>Pro Francouze\u00a0 ve v\u011bku 30 a v\u00edce let v\u0161ak HAS nevid\u00ed \u017e\u00e1dn\u00fd probl\u00e9m v pod\u00e1v\u00e1n\u00ed vakc\u00edny Moderna Spikevax t\u00e9to skupin\u011b a poznamen\u00e1v\u00e1, \u017ee jej\u00ed \u00fa\u010dinnost je o n\u011bco vy\u0161\u0161\u00ed ne\u017e u vakc\u00edny Pfizer-BioNTech.<\/p>\n<p>B\u011bhem posledn\u00edho m\u011bs\u00edce zavedlo n\u011bkolik seversk\u00fdch zem\u00ed r\u016fzn\u00e1 omezen\u00ed na vakc\u00ednu Moderna.<\/p>\n<p>Mal\u00fd Island zak\u00e1zal pou\u017eit\u00ed vakc\u00edny Moderna pro celou populaci.<\/p>\n<p>Stockholm ozn\u00e1mil, \u017ee pozastav\u00ed pou\u017e\u00edv\u00e1n\u00ed Moderny pro v\u0161echny obyvatele narozen\u00e9 v roce 1991 nebo pozd\u011bji.<\/p>\n<p>Helsinky n\u00e1sledovaly p\u0159\u00edklad, ale pouze p\u0159estaly o\u010dkovat mlad\u00e9 Finy, proto\u017ee studie zahrnuj\u00edc\u00ed Finsko, D\u00e1nsko, Norsko a \u0160v\u00e9dsko zjistila, \u017ee mu\u017ei do 30 let byli vystaveni m\u00edrn\u011b vy\u0161\u0161\u00edmu riziku rozvoje srde\u010dn\u00edch infekc\u00ed.\u00a0Oslo tak\u00e9 navrhlo, aby mlad\u00ed nor\u0161t\u00ed mu\u017ei zvolili Comirnaty, o\u010dkov\u00e1n\u00ed Pfizer, Moderna nebo jednu z dal\u0161\u00edch mo\u017enost\u00ed.<\/p>\n<p>EMA, l\u00e9ka\u0159sk\u00fd regul\u00e1tor EU, uznala, \u017ee z\u00e1n\u011btliv\u00e9 stavy, jako je myokarditida a perikarditida, dva r\u016fzn\u00e9 typy z\u00e1n\u011btu srdce, by m\u011bly b\u00fdt zahrnuty do seznamu\u00a0 <strong>&#8222;\u00fadajn\u011b vz\u00e1cn\u00fdch&#8220;<\/strong> vedlej\u0161\u00edch \u00fa\u010dink\u016f vakc\u00edny, kter\u00e9 by mohly b\u00fdt potenci\u00e1ln\u011b \u0161kodliv\u00e9.<\/p>\n<p><span style=\"color: #ff0000;\"><strong>V \u010cesk\u00e9 republice se vesele lid\u00e9 nech\u00e1vaj\u00ed o\u010dkovat d\u00e1l a je t\u0159eba otev\u0159en\u011b t\u011bmto o\u010dkovan\u00fdm sd\u011blil, \u017ee vakcinaci podstoupili na vlastn\u00ed riziko a souhlas stvrdili sv\u00fdm podpisem, tak\u017ee je nutn\u00e9, aby si n\u00e1klady na pozd\u011bj\u0161\u00ed l\u00e9\u010dbu hradili z vlastn\u00ed kapsy a nezat\u011b\u017eovali zdravotn\u00ed poji\u0161\u0165ovny!!!<\/strong><\/span><\/p>\n<\/div>\n<\/div>\n<div class=\"elementor-element elementor-element-8c57238 quelle dc-has-condition dc-condition-empty elementor-widget elementor-widget-heading\" data-id=\"8c57238\" data-element_type=\"widget\" data-widget_type=\"heading.default\">\n<div class=\"elementor-widget-container\">\n<h3 class=\"elementor-heading-title elementor-size-default\"><span style=\"font-size: 8pt;\"><a href=\"https:\/\/www.zerohedge.com\/covid-19\/french-health-authority-warns-men-under-30-avoid-moderna-jab?utm_source=feedburner&amp;utm_medium=feed&amp;utm_campaign=Feed%3A+zerohedge%2Ffeed+%28zero+hedge+-+on+a+long+enough+timeline%2C+the+survival+rate+for+everyone+drops+to+zero%29\" target=\"_blank\" rel=\"nofollow noopener\">ZDROJ: FRANCOUZSK\u00dd ZDRAVOTNICK\u00dd \u00da\u0158AD VARUJE MU\u017dE DO 30 LET, ABY SE VYHNULI MODERN\u00cdMU JAB<\/a><\/span><\/h3>\n<p>&nbsp;<\/p>\n<\/div>\n<\/div>\n","protected":false},"excerpt":{"rendered":"<p>T\u00edm \u0161patn\u00e9 zpr\u00e1vy pro Modernu nekon\u010d\u00ed. Po slab\u00e9 zpr\u00e1v\u011b o v\u00fdd\u011blc\u00edch, kter\u00e1 minul\u00fd t\u00fdden zhroutila&#8230;<\/p>\n","protected":false},"author":2,"featured_media":2361,"comment_status":"closed","ping_status":"closed","sticky":false,"template":"","format":"standard","meta":[],"categories":[7],"tags":[573,213,651],"_links":{"self":[{"href":"https:\/\/www.infokuryr.cz\/n\/wp-json\/wp\/v2\/posts\/6073"}],"collection":[{"href":"https:\/\/www.infokuryr.cz\/n\/wp-json\/wp\/v2\/posts"}],"about":[{"href":"https:\/\/www.infokuryr.cz\/n\/wp-json\/wp\/v2\/types\/post"}],"author":[{"embeddable":true,"href":"https:\/\/www.infokuryr.cz\/n\/wp-json\/wp\/v2\/users\/2"}],"replies":[{"embeddable":true,"href":"https:\/\/www.infokuryr.cz\/n\/wp-json\/wp\/v2\/comments?post=6073"}],"version-history":[{"count":0,"href":"https:\/\/www.infokuryr.cz\/n\/wp-json\/wp\/v2\/posts\/6073\/revisions"}],"wp:featuredmedia":[{"embeddable":true,"href":"https:\/\/www.infokuryr.cz\/n\/wp-json\/wp\/v2\/media\/2361"}],"wp:attachment":[{"href":"https:\/\/www.infokuryr.cz\/n\/wp-json\/wp\/v2\/media?parent=6073"}],"wp:term":[{"taxonomy":"category","embeddable":true,"href":"https:\/\/www.infokuryr.cz\/n\/wp-json\/wp\/v2\/categories?post=6073"},{"taxonomy":"post_tag","embeddable":true,"href":"https:\/\/www.infokuryr.cz\/n\/wp-json\/wp\/v2\/tags?post=6073"}],"curies":[{"name":"wp","href":"https:\/\/api.w.org\/{rel}","templated":true}]}}