{"id":60722,"date":"2024-08-25T05:49:32","date_gmt":"2024-08-25T03:49:32","guid":{"rendered":"https:\/\/www.infokuryr.cz\/n\/?p=60722"},"modified":"2024-08-25T05:58:14","modified_gmt":"2024-08-25T03:58:14","slug":"michael-svatos-arabsky-uprchlik-vrazdil-v-solingenu-a-mistni-starosta-pasoval-araby-do-mesta","status":"publish","type":"post","link":"https:\/\/www.infokuryr.cz\/n\/2024\/08\/25\/michael-svatos-arabsky-uprchlik-vrazdil-v-solingenu-a-mistni-starosta-pasoval-araby-do-mesta\/","title":{"rendered":"Michael Svato\u0161: Arabsk\u00fd uprchl\u00edk vra\u017edil v Solingenu a m\u00edstn\u00ed starosta pa\u0161oval Araby do m\u011bsta!"},"content":{"rendered":"<div id=\"fb-root\"><\/div>\n<p><span style=\"font-size: 14pt;\"><strong>Arabsk\u00fd uprchl\u00edk vra\u017edil v Solingenu a m\u00edstn\u00ed starosta pa\u0161oval Araby do m\u011bsta! 360 000 EUR za pa\u0161ovan\u00fd kus se d\u011blil i mezi n\u011bmeck\u00e9 proimigra\u010dn\u00ed strany! Ministryn\u011b vnitra N\u011bmecka ozn\u00e1mila, \u017ee \u010cechy a Slov\u00e1ky \u201cgezwungen \u2013 donut\u00ed\u201d p\u0159eb\u00edrat a platit za uprchl\u00edky, a p\u0159iznala, \u017ee do EU u\u017e vandruje stejn\u011b uprchl\u00edk\u016f jako v \u010dasech, kdy je pozvala Merklov\u00e1! Velk\u00e1 anal\u00fdza jak Raku\u0161an \u201cvrt\u00ed\u201d s \u010cechy o neleg\u00e1ln\u00ed imigraci.<\/strong><\/span><\/p>\n<p><em>Uf, dnes v noci jsem se nad anal\u00fdzou zapotil, je dlouh\u00e1, ale snad stoj\u00ed za to. Dejte v\u011bd\u011bt.<\/em><\/p>\n<p>Starosta n\u011bmeck\u00e9ho Solingenu, kde tento t\u00fdden\u00a0<a href=\"https:\/\/www.bild.de\/news\/inland\/ich-bin-der-den-ihr-sucht-killer-von-solingen-hat-sich-gestellt-63fd9acda09ee54623cf0baf\">syrsk\u00fd imigrant no\u017eem povra\u017edil<\/a>\u00a02 mu\u017ee a 1 \u017eenu, a dal\u0161\u00ed 4 N\u011bmce zranil t\u011b\u017ece, a 4 zranil lehce, byl \u010dlenem pa\u0161er\u00e1ck\u00e9ho gangu, kter\u00fd\u00a0<a href=\"https:\/\/www1.wdr.de\/nachrichten\/rheinland\/grosseinsatz-gegen-schleuserkriminalitaet-100.html\">do m\u011bsta dov\u00e1\u017eel Araby, \u010c\u00ed\u0148any a dal\u0161\u00ed neleg\u00e1ln\u00ed imigranty<\/a>,\u00a0kte\u0159\u00ed si mohli dovolit zaplatit jeho luxusn\u00ed slu\u017eby. Gang m\u011bl podle vy\u0161et\u0159ov\u00e1n\u00ed n\u011bmeck\u00e9 prokuratury 38 \u010dlen\u016f, v\u011bt\u0161inou advok\u00e1ty, politiky a \u00fa\u0159edn\u00edky, a ti vytv\u00e1\u0159eli fiktivn\u00ed firmy, a v nich jakoby zam\u011bstn\u00e1vali pa\u0161ovan\u00e9 imigranty, aby jim podplacen\u00ed \u00fa\u0159edn\u00edci mohli vyd\u00e1vat povolen\u00ed k pobytu. Gang celkem do N\u011bmecka propa\u0161oval nejm\u00e9n\u011b 146 neleg\u00e1ln\u00edch imigrant\u016f, ozn\u00e1mila zat\u00edm n\u011bmeck\u00e1 prokuratura. P\u0159i razii proti \u010dlen\u016fm gangu byl zat\u010den vysok\u00fd \u00fa\u0159edn\u00edk v N\u011bmecku vl\u00e1dnouc\u00ed soci\u00e1ln\u00ed demokracie \u2013 SPD, a dal\u0161\u00edm politik\u016fm byla sd\u011blena obvin\u011bn\u00ed. Policie dosud pa\u0161er\u00e1k\u016fm zablokovala 269 bankovn\u00edch \u00fa\u010dt\u016f a 31 nemovitost\u00ed.<\/p>\n<p>Pa\u0161er\u00e1ci vyb\u00edrali poplatek 360 000 EUR za pa\u0161ovan\u00fd kus, a utr\u017een\u00e9 pen\u00edze putovaly i do stranick\u00fdch pokladen proimigra\u010dn\u00edch stran CDU a SPD. Cel\u00e1 organizace byla mimo\u0159\u00e1dn\u011b rozv\u011btven\u00e1. Jej\u00ed chapadla vedou podle prokuratury\u00a0<a href=\"https:\/\/www1.wdr.de\/nachrichten\/rheinland\/grosseinsatz-gegen-schleuserkriminalitaet-100.html\">do dal\u0161\u00edch 7 n\u011bmeck\u00fdch zem\u00ed<\/a>, ve kter\u00fdch dal\u0161\u00ed pomocn\u00edci gangu \u00fa\u010delov\u011b vytv\u00e1\u0159eli tzv. \u201c<a href=\"https:\/\/www1.wdr.de\/nachrichten\/rheinland\/grosseinsatz-gegen-schleuserkriminalitaet-100.html\">pracovn\u00ed m\u00edsta vyhrazen\u00e1 pro kvalifikovan\u00e9 d\u011bln\u00edky<\/a>\u201c, a k jejich obsazen\u00ed n\u00e1sledn\u011b pa\u0161ovali imigranty z Indie, Ar\u00e1bie, Afriky a \u010c\u00edny. Samotn\u00e1 p\u0159edstava, \u017ee tzv. kvalifikovan\u00fd neevropsk\u00fd d\u011bln\u00edk zaplat\u00ed za propa\u0161ov\u00e1n\u00ed do N\u011bmecka a za zaji\u0161t\u011bn\u00ed kvalifikovan\u00e9ho pracovn\u00edho m\u00edsta 360 000 EUR, (9 milion\u016f CZK) je p\u0159itom naprosto absurdn\u00ed. Z\u00a0<a href=\"https:\/\/www1.wdr.de\/nachrichten\/rheinland\/oberbuergermeister-solingen-verdacht-schleuserbande-100.html\">prob\u00edhaj\u00edc\u00edho n\u011bmeck\u00e9ho vy\u0161et\u0159ov\u00e1n\u00ed se zd\u00e1<\/a>, \u017ee tzv. \u201cnutn\u00e1 imigrace do EU\u201d, kterou obvin\u011bn\u00ed politici prosazovali, jim vlastn\u011b slou\u017eila jen jako z\u00e1st\u011brka pro vlastn\u00ed \u201cluxusn\u00ed pa\u0161er\u00e1ckou stezku\u201d, ze kter\u00e9 bohatli, a ze kter\u00e9 financovali tu\u010dn\u00e9 dary sv\u00fdm proimigra\u010dn\u00edm stran\u00e1m.<\/p>\n<div id=\"attachment_12691\" class=\"wp-caption aligncenter\" style=\"width: 770px;\">\n<p><img decoding=\"async\" loading=\"lazy\" class=\" wp-image-12691\" src=\"https:\/\/www.michalapetr.com\/wp-content\/uploads\/2024\/08\/13245255_10154189757177277_7275696253953840471_n.jpg\" sizes=\"(max-width: 770px) 100vw, 770px\" srcset=\"https:\/\/www.michalapetr.com\/wp-content\/uploads\/2024\/08\/13245255_10154189757177277_7275696253953840471_n.jpg 770w, https:\/\/www.michalapetr.com\/wp-content\/uploads\/2024\/08\/13245255_10154189757177277_7275696253953840471_n-300x216.jpg 300w, https:\/\/www.michalapetr.com\/wp-content\/uploads\/2024\/08\/13245255_10154189757177277_7275696253953840471_n-768x554.jpg 768w, https:\/\/www.michalapetr.com\/wp-content\/uploads\/2024\/08\/13245255_10154189757177277_7275696253953840471_n-705x508.jpg 705w, https:\/\/www.michalapetr.com\/wp-content\/uploads\/2024\/08\/13245255_10154189757177277_7275696253953840471_n-450x324.jpg 450w\" alt=\"\" width=\"770\" height=\"555\" aria-describedby=\"caption-attachment-12691\" \/><\/p>\n<p id=\"caption-attachment-12691\" class=\"wp-caption-text\">Starosta n\u011bmeck\u00e9ho Solingenu, kter\u00fd\u00a0<a href=\"https:\/\/www1.wdr.de\/nachrichten\/rheinland\/oberbuergermeister-solingen-verdacht-schleuserbande-100.html\">je vy\u0161et\u0159ov\u00e1n<\/a>\u00a0v souvislosti se \u010dlenstv\u00edm v pa\u0161er\u00e1ck\u00e9m gangu neleg\u00e1ln\u00edch imigrant\u016f Tim Kurzbach z proimigra\u010dn\u00ed n\u011bmeck\u00e9 strany SPD je typick\u00fd nov\u00fd bruselsk\u00fd proimigra\u010dn\u00ed apar\u00e1t\u010d\u00edk. Stejn\u011b jako jeho \u017eena, politi\u010dka strany Zelen\u00fdch, oba z\u0159ejm\u011b\u00a0<a href=\"https:\/\/de.wikipedia.org\/wiki\/Tim_Kurzbach\">nikdy nepracovali ne\u017e v neziskov\u00fdch organizac\u00edch a v dotovan\u00fdch \u00fa\u0159edn\u00edch m\u00edstech<\/a>. (<a href=\"https:\/\/www.wuelfrath.net\/rat-verwaltung\/aktuelles-und-bekanntmachungen\/presse-detailansicht\/article\/ursula-linda-kurzbach-ist-die-neue-klimaschutzmanagerin-der-stadt\">Viz tak\u00e9 Kurzbachov\u00e1<\/a>.) Finan\u010dn\u00ed odm\u011bny za propagov\u00e1n\u00ed nekontrolovan\u00e9 imigrace a Green Dealu mu ov\u0161em podle podez\u0159en\u00ed n\u011bmeck\u00e9 prokuratury nesta\u010dily, a tak se dal do slu\u017eeb pa\u0161er\u00e1k\u016f lid\u00ed. Pro \u010cechy je to jasn\u00e9 varov\u00e1n\u00ed, aby si na podobn\u00e9 nov\u00e9 bruselsk\u00e9 apar\u00e1t\u010d\u00edky d\u00e1vali ve volb\u00e1ch bedliv\u00fd pozor. Nebo by se jim mohlo st\u00e1t, \u017ee dopadnou jako obyvatel\u00e9 n\u011bmeck\u00e9ho Solingenu, a budou za\u0159\u00edznuti n\u011bjak\u00fdm pomaten\u00fdm \u017eadatelem o azyl, kter\u00e9ho nikdo d\u016fkladn\u011b neprov\u011b\u0159il, proto\u017ee probruselsk\u00fd starosta pa\u0161oval imigranty a podpl\u00e1cel imigra\u010dn\u00ed \u00fa\u0159edn\u00edky, aby jim vyd\u00e1vali podvodn\u00e1 povolen\u00ed k pobytu. (<a href=\"https:\/\/www.facebook.com\/photo.php?fbid=10154189757177277&amp;id=108177002276&amp;set=a.403815217276\">Zdroj foto FB<\/a>)<\/p>\n<\/div>\n<p>N\u011bmeck\u00e1 spolkov\u00e1 ministryn\u011b vnitra\u00a0<a href=\"https:\/\/de.wikipedia.org\/wiki\/Nancy_Faeser#Migration_und_Flucht\">Nancy Faeserov\u00e1<\/a>, kter\u00e1 je v n\u011bmeck\u00fdch m\u00e9di\u00edch pravideln\u011b obvi\u0148ovan\u00e1, \u017ee proti imigraci nijak nekon\u00e1, je zn\u00e1mou p\u0159\u00edvr\u017eenkyn\u00ed tzv. Raku\u0161anova paktu na \u0159e\u0161en\u00ed neleg\u00e1ln\u00ed imigrace do z\u00e1padn\u00ed EU, a<a href=\"https:\/\/www.bmi.bund.de\/SharedDocs\/kurzmeldungen\/DE\/2023\/06\/ji-rat-geas.html\">\u00a0na str\u00e1nk\u00e1ch sv\u00e9ho ministerstva m\u00e1 zve\u0159ejn\u011bny tyto pro \u010cechy varuj\u00edc\u00ed texty<\/a>: (1) \u201cSolidarita se zem\u011bmi EU posti\u017een\u00fdmi imigrac\u00ed u\u017e nad\u00e1le nebude dobrovoln\u00e1, ale povinn\u00e1!\u201d. (2) \u201cZem\u011b EU, kter\u00e9 dobrovoln\u011b nep\u0159evezmou p\u0159erozd\u011blovan\u00e9 uprchl\u00edky, budou donuceny (gezwungen werden) zaplatit vyrovn\u00e1vac\u00ed poplatky.\u201d (3) \u201cSt\u00e1ty Ji\u017en\u00ed EU si mus\u00ed b\u00fdt jist\u00e9, \u017ee pokud s uprchl\u00edkem provedou azylov\u00e9 \u0159\u00edzen\u00ed, budou m\u00edt zaru\u010denou podporu ostatn\u00edch zem\u00ed.\u201d Tedy de facto \u017ee uprchl\u00edk bude p\u0159em\u00edst\u011bn do dal\u0161\u00edch zem\u00ed EU, a nebo budou ve\u0161ker\u00e9 n\u00e1klady na jeho v\u00fd\u017eivu a ubytov\u00e1n\u00ed a \u00fa\u0159edn\u00ed p\u00e9\u010di t\u011bmito zem\u011bmi\u00a0 refundov\u00e1ny. (4) \u201cP\u0159edev\u0161\u00edm pomoc\u00ed nov\u00e9 (Raku\u0161anov\u00fdm paktem) regulovan\u00e9 imigrace do EU chceme zajistit, aby se stra\u0161liv\u00e1 \u00famrt\u00ed ve St\u0159edozemn\u00edm mo\u0159i kone\u010dn\u011b zastavila.\u201d. Jak vid\u00edte, podle ofici\u00e1ln\u00edho webu n\u011bmeck\u00e9 mistryn\u011b vnitra, je c\u00edlem Raku\u0161anova paktu nikoli zamezen\u00ed neleg\u00e1ln\u00ed imigrace, ale zamezen\u00ed \u00famrt\u00ed p\u0159i neleg\u00e1ln\u00ed imigraci. Vzpome\u0148te si na to, a\u017e p\u016fjdete k volb\u00e1m. Raku\u0161an = STAN.<\/p>\n<p>Respektovan\u00ed n\u011bme\u010dt\u00ed profeso\u0159i politologie\u00a0\u00a0<a href=\"https:\/\/en.wikipedia.org\/wiki\/J%C3%BCrgen_W._Falter\">J\u00fcrgen Falter<\/a>\u00a0a\u00a0<a href=\"https:\/\/de.wikipedia.org\/wiki\/Klaus_Schroeder\"><span class=\"mw-page-title-main\">Klaus Schroeder<\/span><\/a>\u00a0si pov\u0161imli u ministryn\u011b Faeserov\u00e9 i v\u00a0<a href=\"https:\/\/www.facebook.com\/MUDrIDavid\/posts\/pfbid026t9b49JGEVktXjMsq1kERyoHTif7ARosdMHJ43GQ9ZsGxBmzHW56jzQy97mga827l?locale=cs_CZ\">\u010cesku tak typick\u00e9ho p\u0159edvolebn\u00edho<\/a>\u00a0\u201cvrt\u011bn\u00ed psem\u201d.\u00a0<a href=\"https:\/\/www.news.de\/politik\/856690917\/nancy-faeser-schockt-mit-knallhart-ansage-zu-silvester-randalen-2022-wechselt-bundesinnenministerin-politischen-kurs-vor-hessen-wahl\/1\/\">Podle obou<\/a>, kdykoli v N\u011bmecku dojde k medi\u00e1ln\u011b v\u00fdznamn\u00e9mu n\u00e1siln\u00e9mu incidentu s imigra\u010dn\u00edm pozad\u00edm, ministryn\u011b Faeserov\u00e1 rozjede hlasitou kampa\u0148, jak s imigrac\u00ed a s n\u00e1siln\u00fdmi imigranty rychle zato\u010d\u00ed. Ve skute\u010dnosti v\u0161ak tyto jej\u00ed kr\u00e1tkodob\u00e9 kampan\u011b maj\u00ed za c\u00edl jen p\u0159ed zemsk\u00fdmi volbami obalamutit voli\u010de, a jakmile je po volb\u00e1ch, ministryn\u011b se vr\u00e1t\u00ed ke sv\u00e9 osv\u011bd\u010den\u00e9 taktice, b\u00fdt v\u016f\u010di kriminalit\u011b p\u0159ist\u011bhovalc\u016f slep\u00e1 a zdr\u017eenliv\u00e1. Typicky nyn\u00ed po vra\u017eedn\u00e9m \u00fatoku Sy\u0159ana v Solingenu vyhl\u00e1sila Faeserov\u00e1\u00a0<a href=\"https:\/\/www.merkur.de\/politik\/solingen-anschlag-messerangriff-taeter-reaktionen-polizei-nrw-news-ticker-zr-93259680.html\">m\u00edsto boje proti imigraci v\u00e1lku no\u017e\u016fm<\/a>\u00a0a chce N\u011bmc\u016fm zak\u00e1zat \u010depele del\u0161\u00ed ne\u017e 6 cm.<\/p>\n<div id=\"attachment_12701\" class=\"wp-caption aligncenter\" style=\"width: 493px;\">\n<p><img decoding=\"async\" loading=\"lazy\" class=\" wp-image-12701\" src=\"https:\/\/www.michalapetr.com\/wp-content\/uploads\/2024\/08\/photo_2024-08-23_20-53-16.jpg\" sizes=\"(max-width: 705px) 100vw, 705px\" srcset=\"https:\/\/www.michalapetr.com\/wp-content\/uploads\/2024\/08\/photo_2024-08-23_20-53-16.jpg 705w, https:\/\/www.michalapetr.com\/wp-content\/uploads\/2024\/08\/photo_2024-08-23_20-53-16-165x300.jpg 165w, https:\/\/www.michalapetr.com\/wp-content\/uploads\/2024\/08\/photo_2024-08-23_20-53-16-567x1030.jpg 567w, https:\/\/www.michalapetr.com\/wp-content\/uploads\/2024\/08\/photo_2024-08-23_20-53-16-388x705.jpg 388w, https:\/\/www.michalapetr.com\/wp-content\/uploads\/2024\/08\/photo_2024-08-23_20-53-16-450x817.jpg 450w\" alt=\"\" width=\"493\" height=\"895\" aria-describedby=\"caption-attachment-12701\" \/><\/p>\n<p id=\"caption-attachment-12701\" class=\"wp-caption-text\">Ta\u017een\u00ed Faesarov\u00e9 proti no\u017e\u016fm je sm\u011b\u0161n\u00e9. Na fotce vid\u00edte \u010dlena rusk\u00e9 v\u011bze\u0148sk\u00e9 str\u00e1\u017ee,\u00a0<a href=\"https:\/\/t.me\/swodki\/413374\">kter\u00fd n\u00e1sledn\u011b zem\u0159el v nemocnici na tyto n\u00e1sledky zran\u011bn\u00ed<\/a>, kter\u00e9 mu zp\u016fsobili vzbou\u0159en\u00ed islamist\u00e9 ve Volgogradsk\u00e9 st\u0159e\u017een\u00e9 kolonii. Zran\u011bn\u00ed, kter\u00e1 vid\u00edte byla zp\u016fsobena pouze oby\u010dejn\u00fdmi n\u016f\u017ekami v rukou islamisty.<\/p>\n<\/div>\n<p>Fotka<a href=\"https:\/\/t.me\/swodki\/413246\">\u00a0je z tohoto obzvl\u00e1\u0161t\u011b brut\u00e1ln\u00edho videa<\/a>\u00a0ze dne 23. srpna.\u00a0<a href=\"https:\/\/t.me\/swodki\/413230\">Na tomto videu<\/a>\u00a0si m\u016f\u017eete prohl\u00e9dnout jak islamist\u00e9 pr\u00e1v\u011b n\u016f\u017ekami povra\u017edili zajat\u00e9 rusk\u00e9 str\u00e1\u017ece.\u00a0<a href=\"https:\/\/t.me\/swodki\/413234\">A zde vid\u00edte<\/a>, jak dopadne krk ob\u011bti po \u00fatoku oby\u010dejn\u00fdmi n\u016f\u017ekami. \u201cVrt\u011bn\u00ed no\u017ei\u201d, kter\u00e9 nyn\u00ed p\u0159edv\u00e1d\u00ed n\u011bmeck\u00e1 ministryn\u011b vnitra Faesarov\u00e9, m\u00e1 op\u011bt klasick\u00fd p\u0159edvolen\u00ed c\u00edl, obalamutit voli\u010de. Stejn\u011b jak si p\u0159ed lo\u0148sk\u00fdmi\u00a0 zemsk\u00fdmi volbami v Hesensku v\u0161imli profeso\u0159i Falter i Schroeder, i nyn\u00ed m\u00e1 Faeserov\u00e1 op\u011bt p\u0159ed z\u00e1\u0159iov\u00fdmi zemsk\u00fdmi volbami v Sasku, a tak mus\u00ed \u201cvrt\u011bt\u201d.\u00a0 Za p\u00e1r dn\u00ed 1. \u0159\u00edjna se v Sasku a Durynsku, a o t\u0159i t\u00fddny pozd\u011bji v Braniborsku, konaj\u00ed zemsk\u00e9 volby, a\u00a0<a href=\"https:\/\/www.watson.ch\/international\/interview\/679594191-wahlen-in-ostdeutschland-afd-und-bsw-koennten-zusammengehen\">podle n\u011bkter\u00fdch n\u011bmeck\u00fdch politolog\u016f<\/a>, m\u016f\u017ee hlavn\u011b v Durynsku vzniknout koalice AfD a BSW (Sara Wagenknecht), a poprv\u00e9 tak mohou b\u00fdt v\u0161echny klasick\u00e9 n\u011bmeck\u00e9 strany SPD, CDU, FDP a Zelen\u00ed vytla\u010deni mimo zemskou vl\u00e1du.<\/p>\n<p>Nav\u00edc podle politolog\u016f z\u0159ejm\u011b ani nebude mo\u017en\u00e9 bez AfD nebo BSW slo\u017eit \u017e\u00e1dnou koalici. Sara Wagenknecht a jej\u00ed BSW jsou kometou sou\u010dasn\u00e9 v\u00fdchodon\u011bmeck\u00e9 politiky, a vys\u00e1vaj\u00ed tradi\u010dn\u00ed elektor\u00e1t SPD. T\u011b\u017e\u00ed ze skute\u010dnosti, \u017ee neuv\u011b\u0159iteln\u00fdch 70% v\u00fdchodn\u00edch N\u011bmc\u016f odm\u00edt\u00e1 dal\u0161\u00ed podporu Ukrajiny ve v\u00e1lce s Ruskem, a dal\u0161\u00ed body z\u00edsk\u00e1vaj\u00ed d\u016frazem na soci\u00e1ln\u00ed jistoty, odm\u00edt\u00e1n\u00edm rozmis\u0165ovan\u00ed US jadern\u00fdch raket v N\u011bmecku, a na levicovou politi\u010dku a stranu vskutku pravicov\u00fdmi n\u00e1zory na imigraci\u00a0 \u2013 cht\u011bj\u00ed uzav\u0159\u00edt hranici v\u0161em imigrant\u016fm! Strana BSW sice zat\u00edm nem\u00e1 tak\u0159ka \u017e\u00e1dn\u00e9 \u010dlenstvo, ale p\u0159itahuje z\u00e1jem znechucen\u00fdch v\u00fdchodn\u00edch N\u011bmc\u016f.<\/p>\n<p>Neleg\u00e1ln\u00ed imigrace do Evropy je na dal\u0161\u00edm dramatick\u00e9m vzestupu. Podle zpr\u00e1vy n\u011bmeck\u00e9 vl\u00e1dy ze st\u0159edy 21. srpna p\u0159i\u0161el loni do EU nejv\u011bt\u0161\u00ed po\u010det ileg\u00e1ln\u00edch imigrant\u016f (bez Ukrajinc\u016f) od roku 2016. Celkem do EU\u00a0<a href=\"https:\/\/www.infomigrants.net\/en\/post\/59305\/german-police-report-significant-rise-in-irregular-migration\">neleg\u00e1ln\u011b p\u0159ivandrovalo 380 200<\/a>\u00a0uprchl\u00edk\u016f, a do N\u011bmecka 226 224. Pro srovn\u00e1n\u00ed v roce 2016, kdy<a href=\"https:\/\/www.idnes.cz\/zpravy\/zahranicni\/merkelova-migracni-krize-priliv-uprchliku.A161011_135927_zahranicni_ane\">\u00a0kon\u010dila vlna<\/a>\u00a0Merklov\u00e9<a href=\"https:\/\/dtm.iom.int\/europe\/arrivals\">\u00a0to bylo 389 000<\/a>\u00a0neleg\u00e1ln\u00edch uprchl\u00edk\u016f!<\/p>\n<p>\u010cesk\u00fd ministr Raku\u0161an,\u00a0<a href=\"https:\/\/www.mvcr.cz\/clanek\/vetsi-duraz-na-vnejsi-dimenzi-migrace-vit-rakusan-jednal-v-kodani-o-budoucnosti-evropske-migracni-politiky.aspx\">se ned\u00e1vno chv\u00e1stal<\/a>, \u017ee dal dohromady pl\u00e1n, jak zastavit neleg\u00e1ln\u00ed imigraci do EU. A za p\u0159\u00edklad hodn\u00fd n\u00e1sledov\u00e1n\u00ed vyd\u00e1val imigra\u010dn\u00ed dohodu mezi It\u00e1lii a Alb\u00e1nii, podle n\u00ed\u017e se podle Raku\u0161ana odv\u00e1\u017eej\u00ed ileg\u00e1ln\u00ed imigranti do Alb\u00e1nie, a tam jsou ubytov\u00e1ni, a je tam s nimi prov\u00e1d\u011bno azylov\u00e9 \u0159\u00edzen\u00ed. Raku\u0161an op\u011bt klasicky vrt\u011bl psem. \u010e\u00e1bel se toti\u017e v\u017edy skr\u00fdv\u00e1 v detailu. A v tomto p\u0159\u00edpad\u011b nejsou v\u0161ichni neleg\u00e1ln\u00ed imigranti, kte\u0159\u00ed byli zachyceni italsk\u00fdmi \u00fa\u0159ady, dopravov\u00e1ni do Alb\u00e1nie, ale jen jejich mal\u00e1 a naprosto nepodstatn\u00e1 \u010d\u00e1st.\u00a0<a href=\"https:\/\/www.infomigrants.net\/en\/post\/59313\/what-is-the-italyalbania-deal-on-migration\">Organizace Infomigrants dohodu zve\u0159ejnila<\/a>, a podle n\u00ed se do Alb\u00e1nie budou odv\u00e1\u017eet pouze imigranti zachycen\u00ed italskou pob\u0159e\u017en\u00ed str\u00e1\u017e\u00ed na mo\u0159i mimo italsk\u00e9 teritori\u00e1ln\u00ed vody. Kdokoli pronikne do It\u00e1lie, do italsk\u00fdch pob\u0159e\u017en\u00edch vod, a nebo bude zachr\u00e1n\u011bn lo\u010fstvem neziskovek, nebude dopraven do Alb\u00e1nie. Nav\u00edc do Alb\u00e1nie mohou b\u00fdt odv\u00e1\u017eeni pouze ob\u010dan\u00e9\u00a0 22 zem\u00ed v\u010detn\u011b takov\u00fdch rarit jako Srbska, \u010cern\u00e9 Hory, Bosny a Hercegoviny, Severn\u00ed Makedonie, Peru, Kolumbie a Gruzie.<\/p>\n<p>Hlavn\u00ed masa imigrant\u016f p\u0159itom podle zpr\u00e1vy publikovan\u00e9 n\u011bmeckou vl\u00e1dou 21. srpna p\u0159ich\u00e1z\u00ed\u00a0 ze S\u00fdrie, Afganist\u00e1nu a Turecka, celkem 125 000 za lo\u0148sk\u00fd rok, a imigrant\u016f z t\u011bchto zem\u00ed se odvoz do Alb\u00e1nie net\u00fdk\u00e1. Kdo z imigrant\u016f p\u0159ed zadr\u017een\u00edm italsk\u00fdm lo\u010fstvem zahod\u00ed doklady, nem\u016f\u017ee b\u00fdt do Alb\u00e1nie odesl\u00e1n. Pouze ob\u010dan\u00e9\u00a0<a href=\"https:\/\/www.worldometers.info\/geography\/how-many-countries-in-africa\/\">9 zem\u00ed Afriky z 54<\/a>\u00a0mohou b\u00fdt do t\u00e1bor\u016f p\u0159emis\u0165ov\u00e1ni. A nav\u00edc Infomigrants sd\u011bluje, \u017ee po ukon\u010den\u00ed azylov\u00e9ho \u0159\u00edzen\u00ed stejn\u011b mate\u0159sk\u00e9 zem\u011b imigranty nep\u0159ijmou zp\u011bt, a tak bude kapacita alb\u00e1nsk\u00e9ho st\u0159ediska 3000 imigrant\u016f rychle napln\u011bna, a nebude schopna dal\u0161\u00ed imigranty p\u0159ij\u00edmat. Z detail\u016f dohody v cen\u011b 20 miliard korun vyplacen\u00fdch Alb\u00e1nii je kr\u00e1sn\u011b vid\u011bt, jak mazan\u00fd Raku\u0161an \u010desk\u00fdmi voli\u010di jen vrt\u00ed, \u017ee vyjednal pl\u00e1n, jak zamezit imigraci.<\/p>\n<p>Zat\u00edmco Raku\u0161an se holedb\u00e1, jak budou neleg\u00e1ln\u00ed imigranti podle jeho pl\u00e1nu odv\u00e1\u017eeni za hranice EU, a\u010d Infomigrants tvrd\u00ed de facto opak.\u00a0<a href=\"https:\/\/rmx.news\/european-union\/hungary-will-send-all-migrants-to-brussels-of-the-eu-does-not-relent-minister-warns\/\">Orb\u00e1n a Ma\u010farsko byli EU potrest\u00e1ni denn\u00ed pokutou 1 milion EUR<\/a>, proto\u017ee zadr\u017euj\u00ed imigranty mimo hranice EU! \u010cesk\u00e1 fialov\u00e1 koala Orb\u00e1na a jeho spojence a n\u00e1sledovn\u00edky nen\u00e1vid\u00ed a\u017e za hrob, proto\u017ee svou politikou ohro\u017euj\u00ed jej\u00ed politick\u00e9 prebendy. Rafinovan\u00fd Orb\u00e1n, p\u0159\u00edtel Trumpa, vymyslel dal\u0161\u00ed chytr\u00fd pl\u00e1n, jak to bruselsk\u00fdm apar\u00e1t\u010d\u00edk\u016fm za jejich proimigra\u010dn\u00ed politiku \u0159\u00e1dn\u011b vytmavit. A stejn\u011b jako republik\u00e1n\u0161t\u00ed guvern\u00e9\u0159i v USA p\u0159ev\u00e1\u017eeli imigranty ze sv\u00fdch st\u00e1t\u016f do New Yorku, hodl\u00e1 Ma\u010farsko odv\u00e1\u017eet ileg\u00e1ln\u00ed imigranty do Bruselu, a\u0165 se tam o n\u011b staraj\u00ed, kdy\u017e je Ma\u010farsko nesm\u00ed zadr\u017eovat p\u0159ed sv\u00fdmi hranicemi, a hranicemi EU! Pro\u010d se Raku\u0161an holedb\u00e1, \u017ee zajist\u00ed odvoz imigrant\u016f za hranice EU, kdy\u017e nepodpo\u0159\u00ed Orb\u00e1na, aby je zadr\u017eoval za hranicemi EU? Proto\u017ee op\u011bt vrt\u00ed psem, jak za\u010d\u00edn\u00e1 b\u00fdt u fialov\u00e9 koaly jedin\u00fdm politick\u00fdm n\u00e1padem! Tak s nimi u voleb po\u0159\u00e1dn\u011b zavr\u0165te. M\u00edsto probruselsk\u00fdch apar\u00e1t\u010d\u00edk\u016f solingensk\u00e9ho typu pot\u0159ebujeme technokratick\u00e9 starosty orb\u00e1novsk\u00e9ho ra\u017een\u00ed. Jsem si jist, \u017ee jich na volebn\u00edch listin\u00e1ch letos najdete v\u00edce ne\u017e kdy jindy. M\u00edsto z\u00e1kaz\u016f no\u017e\u016f pot\u0159ebuje z\u00e1kaz jejich u\u017eivatel\u016f proti Evropan\u016fm.<\/p>\n<p>A \u00fapln\u00e1 perli\u010dka na z\u00e1v\u011br. Zde si m\u016f\u017eete prohl\u00e9dnout fotografii senegalsk\u00e9ho uprchl\u00edka, kter\u00fd m\u011bl od listopadu 2023 na\u0159\u00edzeno ihned opustit EU,\u00a0<a href=\"https:\/\/rmx.news\/article\/senegalese-illegal-migrant-detained-and-deported-from-poland-after-defecating-in-public-at-popular-swimming-area\/\">ale m\u00edsto toho je\u0161t\u011b p\u0159ed p\u00e1r dny nah\u00fd k\u00e1lel do koupali\u0161t\u011b pln\u00e9ho lid\u00ed.<\/a>\u00a0K tomu u\u017e nen\u00ed, co dodat, \u017ee?<\/p>\n<p>Posledn\u00ed po\u0159ady:\u00a0 U Petra H\u00e1jka na Protiproudu,\u00a0<a class=\"mfp-iframe lightbox-added\" href=\"https:\/\/www.youtube.com\/watch?v=_gdgdXwa3Og\">po\u0159ad najdete zde<\/a>.\u00a0 Na TV Bure\u0161 s Josefem Sk\u00e1lou\u00a0<a class=\"mfp-iframe lightbox-added\" href=\"https:\/\/www.youtube.com\/watch?v=vvHP8zjz-Xs\">po\u0159ad najdete zde<\/a>. Z\u00e1znamy z P\u0159\u00ed\u010dov na obou kan\u00e1lech.<\/p>\n<p><a href=\"https:\/\/www.michalapetr.com\/map-2075-arabsky-uprchlik-vrazdil-v-solingenu-a-mistni-starosta-pasoval-araby-do-mesta-360-000-eur-za-pasovany-kus-se-delil-i-mezi-nemecke-proimigracni-strany-ministryne-vnitra-nemecka-oznamila-ze\/\">Michael Svato\u0161<\/a><\/p>\n<p><img decoding=\"async\" loading=\"lazy\" class=\"alignnone size-full wp-image-27204\" src=\"http:\/\/www.infokuryr.cz\/n\/wp-content\/uploads\/2023\/05\/Michael_Svatos.png\" alt=\"\" width=\"180\" height=\"180\" srcset=\"https:\/\/www.infokuryr.cz\/n\/wp-content\/uploads\/2023\/05\/Michael_Svatos.png 180w, https:\/\/www.infokuryr.cz\/n\/wp-content\/uploads\/2023\/05\/Michael_Svatos-150x150.png 150w\" sizes=\"(max-width: 180px) 100vw, 180px\" \/><\/p>\n<p>&nbsp;<\/p>\n","protected":false},"excerpt":{"rendered":"<p>Arabsk\u00fd uprchl\u00edk vra\u017edil v Solingenu a m\u00edstn\u00ed starosta pa\u0161oval Araby do m\u011bsta! 360 000 EUR&#8230;<\/p>\n","protected":false},"author":2,"featured_media":4703,"comment_status":"closed","ping_status":"closed","sticky":false,"template":"","format":"standard","meta":[],"categories":[6],"tags":[1042,119,84,1322,1205],"_links":{"self":[{"href":"https:\/\/www.infokuryr.cz\/n\/wp-json\/wp\/v2\/posts\/60722"}],"collection":[{"href":"https:\/\/www.infokuryr.cz\/n\/wp-json\/wp\/v2\/posts"}],"about":[{"href":"https:\/\/www.infokuryr.cz\/n\/wp-json\/wp\/v2\/types\/post"}],"author":[{"embeddable":true,"href":"https:\/\/www.infokuryr.cz\/n\/wp-json\/wp\/v2\/users\/2"}],"replies":[{"embeddable":true,"href":"https:\/\/www.infokuryr.cz\/n\/wp-json\/wp\/v2\/comments?post=60722"}],"version-history":[{"count":0,"href":"https:\/\/www.infokuryr.cz\/n\/wp-json\/wp\/v2\/posts\/60722\/revisions"}],"wp:featuredmedia":[{"embeddable":true,"href":"https:\/\/www.infokuryr.cz\/n\/wp-json\/wp\/v2\/media\/4703"}],"wp:attachment":[{"href":"https:\/\/www.infokuryr.cz\/n\/wp-json\/wp\/v2\/media?parent=60722"}],"wp:term":[{"taxonomy":"category","embeddable":true,"href":"https:\/\/www.infokuryr.cz\/n\/wp-json\/wp\/v2\/categories?post=60722"},{"taxonomy":"post_tag","embeddable":true,"href":"https:\/\/www.infokuryr.cz\/n\/wp-json\/wp\/v2\/tags?post=60722"}],"curies":[{"name":"wp","href":"https:\/\/api.w.org\/{rel}","templated":true}]}}