{"id":6071,"date":"2021-11-10T14:06:22","date_gmt":"2021-11-10T13:06:22","guid":{"rendered":"http:\/\/www.infokuryr.cz\/n\/?p=6071"},"modified":"2021-11-10T14:06:22","modified_gmt":"2021-11-10T13:06:22","slug":"kreml-o-bezencich-u-hranice-polska-blizi-se-humanitarni-katastrofa","status":"publish","type":"post","link":"https:\/\/www.infokuryr.cz\/n\/2021\/11\/10\/kreml-o-bezencich-u-hranice-polska-blizi-se-humanitarni-katastrofa\/","title":{"rendered":"Kreml o b\u011b\u017eenc\u00edch u hranice Polska: Bl\u00ed\u017e\u00ed se humanit\u00e1rn\u00ed katastrofa"},"content":{"rendered":"<div id=\"fb-root\"><\/div>\n<p><strong>V Kremlu konstatuj\u00ed neochotu Evropan\u016f uk\u00e1zat svou oddanost ide\u00e1l\u016fm humanismu v situaci na hranici B\u011bloruska a Polska, prohl\u00e1sil mluv\u010d\u00ed rusk\u00e9ho prezidenta Dmitrij Peskov.<\/strong><\/p>\n<p>\u201eSituace je opravdu mimo\u0159\u00e1dn\u011b napjat\u00e1. Je vid\u011bt tendence k r\u016fstu nap\u011bt\u00ed a n\u00e1s to mus\u00ed znepokojovat. Je z\u0159ejm\u00e1 bl\u00ed\u017e\u00edc\u00ed se\u00a0<strong>humanit\u00e1rn\u00ed katastrofa<\/strong>\u00a0na pozad\u00ed neochoty na\u0161ich koleg\u016f Evropan\u016f uk\u00e1zat oddanost sv\u00fdm evropsk\u00fdm hodnot\u00e1m,\u201c \u0159ekl novin\u00e1\u0159\u016fm.<\/p>\n<p>Podotkl, \u017ee Evropan\u00e9 \u201eprok\u00e1zali tuto svou oddanost v situac\u00edch s r\u016fzn\u00fdmi zem\u011bmi, s\u00a0b\u011b\u017eenci\u00a0z r\u016fzn\u00fdch zem\u00ed, kdy\u017e mluvili o vy\u0161\u0161\u00edch ide\u00e1lech humanismu, tentokr\u00e1t ale tuto ochotu nemaj\u00ed\u201c.<\/p>\n<p>\u201eA z\u00e1rove\u0148 to hlavn\u00ed v cel\u00e9 t\u00e9to z\u00e1le\u017eitosti jsou snad osudy n\u011bkolika tis\u00edc\u016f naprosto bezbrann\u00fdch lid\u00ed. Jsme t\u00edm skute\u010dn\u011b znepokojeni,\u201c zd\u016fraznil.<\/p>\n<p><strong>Morawieck\u00e9ho prohl\u00e1\u0161en\u00ed je nep\u0159ijateln\u00e9<\/strong><\/p>\n<p>V Kremlu pova\u017euj\u00ed za nep\u0159ijateln\u00e1 slova polsk\u00e9ho premi\u00e9ra o \u201eodpov\u011bdnosti\u201c Ruska za situaci s migranty na hranici Polska a B\u011bloruska, prohl\u00e1sil mluv\u010d\u00ed prezidenta RF Dmitrij Peskov.<\/p>\n<p>Ministersk\u00fd p\u0159edseda Polska Mateusz Morawiecki prohl\u00e1sil, \u017ee pokl\u00e1d\u00e1 Rusko za \u201ez\u00fa\u010dastn\u011bn\u00e9\u201c v migra\u010dn\u00ed krizi na polsko-b\u011blorusk\u00e9\u00a0hranici.<\/p>\n<p>\u201ePova\u017eujeme za naprosto nezodpov\u011bdn\u00e1 a nep\u0159ijateln\u00e1 slova polsk\u00e9ho ministersk\u00e9ho p\u0159edsedy o tom, \u017ee Rusko nese odpov\u011bdnost za tuto situaci. Je to naprosto nezodpov\u011bdn\u00e9 a nep\u0159ijateln\u00e9 prohl\u00e1\u0161en\u00ed,\u201c \u0159ekl Peskov novin\u00e1\u0159\u016fm.<\/p>\n<p><strong>Situace na polsk\u00e9 hranici<\/strong><\/p>\n<p>V pond\u011bl\u00ed St\u00e1tn\u00ed pohrani\u010dn\u00ed v\u00fdbor B\u011bloruska ozn\u00e1mil, \u017ee po\u010detn\u00e1 skupina b\u011b\u017eenc\u016f z v\u00fdchodn\u00edch a africk\u00fdch zem\u00ed zam\u00ed\u0159ila k hranici B\u011bloruska s Polskem. Ve\u010der t\u00e9ho\u017e dne rezort ozn\u00e1mil, \u017ee situace s b\u011b\u017eenci na hranici je i nad\u00e1le mimo\u0159\u00e1dn\u011b napjat\u00e1, p\u0159ed polsk\u00fdmi z\u00e1tarasy na hranici se zastavily p\u0159es dva tis\u00edce b\u011b\u017eenc\u016f, v\u010detn\u011b \u017een a d\u011bt\u00ed. Pol\u0161t\u00ed pohrani\u010dn\u00edci je nepou\u0161t\u011bj\u00ed, migranti se pokou\u0161eli\u00a0prorazit z\u00e1tarasy.<\/p>\n<p>V posledn\u00ed dob\u011b ohl\u00e1sily Litva, Loty\u0161sko a Polsko r\u016fst po\u010dtu zadr\u017eovan\u00fdch neleg\u00e1ln\u00edch migrant\u016f na hranici s B\u011bloruskem a obvinily Minsk z vytv\u00e1\u0159en\u00ed migra\u010dn\u00ed krize. Minsk v\u0161echna obvin\u011bn\u00ed zam\u00edt\u00e1. V souvislosti s touto situac\u00ed zavedl prezident Polska na \u00fazem\u00edch pohrani\u010dn\u00edch s B\u011bloruskem re\u017eim v\u00fdjime\u010dn\u00e9ho stavu, do ochrany hranice byly zapojeny arm\u00e1da a policie. B\u011blorusk\u00fd prezident Alexandr Luka\u0161enko podot\u00fdkal, \u017ee Minsk u\u017e nebude zadr\u017eovat proud neleg\u00e1ln\u00edch migrant\u016f do \u010dlensk\u00fdch zem\u00ed EU, kv\u016fli z\u00e1padn\u00edm sankc\u00edm na to u\u017e nem\u00e1 \u201eani pen\u00edze, ani s\u00edly\u201c. B\u011bloru\u0161t\u00ed pohrani\u010dn\u00edci nejednou ohl\u00e1sili n\u00e1siln\u00e9 vyho\u0161t\u011bn\u00ed migrant\u016f z Litvy, Polska a Loty\u0161ska na b\u011blorusk\u00e9 \u00fazem\u00ed.<\/p>\n<p><a href=\"https:\/\/cz.sputniknews.com\/20211110\/kreml-o-bezencich-u-hranice-polska-blizi-se-humanitarni-katastrofa-16462852.html\">ZDROJ<\/a><\/p>\n<p>&nbsp;<\/p>\n","protected":false},"excerpt":{"rendered":"<p>V Kremlu konstatuj\u00ed neochotu Evropan\u016f uk\u00e1zat svou oddanost ide\u00e1l\u016fm humanismu v situaci na hranici B\u011bloruska&#8230;<\/p>\n","protected":false},"author":2,"featured_media":6072,"comment_status":"closed","ping_status":"closed","sticky":false,"template":"","format":"standard","meta":[],"categories":[7],"tags":[150,41,283,371,31,22,148],"_links":{"self":[{"href":"https:\/\/www.infokuryr.cz\/n\/wp-json\/wp\/v2\/posts\/6071"}],"collection":[{"href":"https:\/\/www.infokuryr.cz\/n\/wp-json\/wp\/v2\/posts"}],"about":[{"href":"https:\/\/www.infokuryr.cz\/n\/wp-json\/wp\/v2\/types\/post"}],"author":[{"embeddable":true,"href":"https:\/\/www.infokuryr.cz\/n\/wp-json\/wp\/v2\/users\/2"}],"replies":[{"embeddable":true,"href":"https:\/\/www.infokuryr.cz\/n\/wp-json\/wp\/v2\/comments?post=6071"}],"version-history":[{"count":0,"href":"https:\/\/www.infokuryr.cz\/n\/wp-json\/wp\/v2\/posts\/6071\/revisions"}],"wp:featuredmedia":[{"embeddable":true,"href":"https:\/\/www.infokuryr.cz\/n\/wp-json\/wp\/v2\/media\/6072"}],"wp:attachment":[{"href":"https:\/\/www.infokuryr.cz\/n\/wp-json\/wp\/v2\/media?parent=6071"}],"wp:term":[{"taxonomy":"category","embeddable":true,"href":"https:\/\/www.infokuryr.cz\/n\/wp-json\/wp\/v2\/categories?post=6071"},{"taxonomy":"post_tag","embeddable":true,"href":"https:\/\/www.infokuryr.cz\/n\/wp-json\/wp\/v2\/tags?post=6071"}],"curies":[{"name":"wp","href":"https:\/\/api.w.org\/{rel}","templated":true}]}}