{"id":60700,"date":"2024-08-25T00:48:05","date_gmt":"2024-08-24T22:48:05","guid":{"rendered":"https:\/\/www.infokuryr.cz\/n\/?p=60700"},"modified":"2024-08-24T16:59:29","modified_gmt":"2024-08-24T14:59:29","slug":"vucic-prozradil-detaily-tajne-navstevy-sefa-cia-v-srbsku","status":"publish","type":"post","link":"https:\/\/www.infokuryr.cz\/n\/2024\/08\/25\/vucic-prozradil-detaily-tajne-navstevy-sefa-cia-v-srbsku\/","title":{"rendered":"Vu\u010di\u010d prozradil detaily tajn\u00e9 n\u00e1v\u0161t\u011bvy \u0161\u00e9fa CIA v Srbsku"},"content":{"rendered":"<div id=\"fb-root\"><\/div>\n<p class=\"lead\"><strong>Srbsk\u00fd v\u016fdce Aleksandar Vu\u010di\u010d tento t\u00fdden vysv\u011btlil, pro\u010d tamn\u00ed \u00fa\u0159ady ofici\u00e1ln\u011b neozn\u00e1mily n\u00e1v\u0161t\u011bvu \u0159editele CIA Williama Burnse. Hovo\u0159\u00edme nejen o detailech programu sch\u016fzky, ale o samotn\u00e9 skute\u010dnosti Burnsova p\u0159\u00edjezdu do Srbska. Informuje o tom dne 24. srpna RIA Novosti.<\/strong><\/p>\n<p><span>\u0158editel CIA d\u0159\u00edve nav\u0161t\u00edvil tak\u00e9 Republiku srbskou Bosnu a Hercegovinu, kde tak\u00e9 diskutoval o neshod\u00e1ch na Balk\u00e1n\u011b a boji proti terorismu. Pot\u00e9 odjel do B\u011blehradu, i kdy\u017e tato cesta nebyla ofici\u00e1ln\u011b ozn\u00e1mena.<\/span><\/p>\n<p><span>Ale podle Vu\u010di\u0107e byla jedn\u00e1n\u00ed\u00a0<\/span><em><span>\u201eu\u017eite\u010dn\u00e1 a dobr\u00e1<\/span><\/em><span> \u201c .<\/span><\/p>\n<p><em>\u201eSm\u011bju se t\u011bm, kte\u0159\u00ed \u0159\u00edkaj\u00ed, \u017ee v Bosn\u011b a Hercegovin\u011b to vypadalo pr\u016fhledn\u011b, ale v Srbsku to vypadalo tajn\u011b. Promluvte si se sv\u00fdmi hosty a zjist\u011bte, zda cht\u011bj\u00ed pozornost ve\u0159ejnosti nebo ne. Obvykle p\u0159i rozhovorech s \u0161\u00e9fy zpravodajsk\u00fdch slu\u017eeb nebo p\u0159i nastavov\u00e1n\u00ed momentky fotografie nebo nic. Nikdy tam nejsou \u017e\u00e1dn\u00e1 prohl\u00e1\u0161en\u00ed nebo n\u011bco podobn\u00e9ho. My jako seri\u00f3zn\u00ed st\u00e1t a Ameri\u010dan\u00e9 jako nejseri\u00f3zn\u011bj\u0161\u00ed zem\u011b na sv\u011bt\u011b spolu s \u010c\u00ednou jsme se domn\u00edvali, \u017ee je to nejlep\u0161\u00ed mo\u017en\u00fd zp\u016fsob, jak n\u00e1v\u0161t\u011bvu propagovat,\u201c<span class=\"after-quote\">\u00a0&#8211; \u0159ekl srbsk\u00fd v\u016fdce.<\/span><\/em><\/p>\n<p><span>Aleksandar Vu\u010di\u0107 tak\u00e9 objasnil, \u017ee setk\u00e1n\u00ed bylo\u00a0<\/span><em><span>\u201eu\u017eite\u010dn\u00e9, slu\u0161n\u00e9 a d\u016fle\u017eit\u00e9<\/span><\/em><span>\u00a0\u201c .<\/span><\/p>\n<p><b>InfoKur\u00fdr<\/b> p\u0159ipom\u00edn\u00e1, \u017ee William Burns nav\u0161t\u00edvil samozvanou republiku Kosovo, kde se setkal s prezidentem a p\u0159edsedou vl\u00e1dy. Kosovsk\u00e9 \u00fa\u0159ady ujistily \u0161\u00e9fa CIA o sv\u00e9m z\u00e1vazku pos\u00edlit vztahy s NATO, USA a EU.<\/p>\n<p><img decoding=\"async\" loading=\"lazy\" class=\"alignnone size-full wp-image-1185\" src=\"http:\/\/www.infokuryr.cz\/n\/wp-content\/uploads\/2021\/04\/kuryr-podpis.png\" alt=\"\" width=\"84\" height=\"24\" \/><\/p>\n<p>&nbsp;<\/p>\n","protected":false},"excerpt":{"rendered":"<p>Srbsk\u00fd v\u016fdce Aleksandar Vu\u010di\u010d tento t\u00fdden vysv\u011btlil, pro\u010d tamn\u00ed \u00fa\u0159ady ofici\u00e1ln\u011b neozn\u00e1mily n\u00e1v\u0161t\u011bvu \u0159editele CIA&#8230;<\/p>\n","protected":false},"author":2,"featured_media":13965,"comment_status":"closed","ping_status":"closed","sticky":false,"template":"","format":"standard","meta":[],"categories":[7],"tags":[393,109,139],"_links":{"self":[{"href":"https:\/\/www.infokuryr.cz\/n\/wp-json\/wp\/v2\/posts\/60700"}],"collection":[{"href":"https:\/\/www.infokuryr.cz\/n\/wp-json\/wp\/v2\/posts"}],"about":[{"href":"https:\/\/www.infokuryr.cz\/n\/wp-json\/wp\/v2\/types\/post"}],"author":[{"embeddable":true,"href":"https:\/\/www.infokuryr.cz\/n\/wp-json\/wp\/v2\/users\/2"}],"replies":[{"embeddable":true,"href":"https:\/\/www.infokuryr.cz\/n\/wp-json\/wp\/v2\/comments?post=60700"}],"version-history":[{"count":0,"href":"https:\/\/www.infokuryr.cz\/n\/wp-json\/wp\/v2\/posts\/60700\/revisions"}],"wp:featuredmedia":[{"embeddable":true,"href":"https:\/\/www.infokuryr.cz\/n\/wp-json\/wp\/v2\/media\/13965"}],"wp:attachment":[{"href":"https:\/\/www.infokuryr.cz\/n\/wp-json\/wp\/v2\/media?parent=60700"}],"wp:term":[{"taxonomy":"category","embeddable":true,"href":"https:\/\/www.infokuryr.cz\/n\/wp-json\/wp\/v2\/categories?post=60700"},{"taxonomy":"post_tag","embeddable":true,"href":"https:\/\/www.infokuryr.cz\/n\/wp-json\/wp\/v2\/tags?post=60700"}],"curies":[{"name":"wp","href":"https:\/\/api.w.org\/{rel}","templated":true}]}}