{"id":60699,"date":"2024-08-25T00:47:57","date_gmt":"2024-08-24T22:47:57","guid":{"rendered":"https:\/\/www.infokuryr.cz\/n\/?p=60699"},"modified":"2024-08-24T16:55:43","modified_gmt":"2024-08-24T14:55:43","slug":"americke-letectvo-ucinilo-prohlaseni-k-f-16-na-ukrajine","status":"publish","type":"post","link":"https:\/\/www.infokuryr.cz\/n\/2024\/08\/25\/americke-letectvo-ucinilo-prohlaseni-k-f-16-na-ukrajine\/","title":{"rendered":"Americk\u00e9 letectvo u\u010dinilo prohl\u00e1\u0161en\u00ed k F-16 na Ukrajin\u011b"},"content":{"rendered":"<div id=\"fb-root\"><\/div>\n<p class=\"lead\"><strong>Americk\u00fd ministr letectva Frank Kendall potvrdil, \u017ee se nepl\u00e1nuje dod\u00e1vky st\u00edha\u010dek F-16 do Kyjeva. Tato informace ve\u0161la ve zn\u00e1most z rozhovoru s americk\u00fdm ministrem pro noviny Helsingin Sanomat.<\/strong><\/p>\n<p><span>B\u00edl\u00fd d\u016fm podle Kendall o takov\u00e9 mo\u017enosti zat\u00edm neuva\u017euje.<\/span><\/p>\n<p><span>Americk\u00fd ministr tak\u00e9 up\u0159esnil, \u017ee o takov\u00fdch pl\u00e1nech nic nev\u00ed. Frank Kendall p\u0159itom podobn\u00e9 dod\u00e1vky v budoucnu nevylou\u010dil.<\/span><\/p>\n<p><strong><span>InfoKur\u00fdr<\/span><\/strong><span>\u00a0p\u0159ipom\u00edn\u00e1, \u017ee rusk\u00e1 arm\u00e1da si u\u017e v Chersonsk\u00e9m sm\u011bru v\u0161imla st\u00edha\u010dek F-16. Tuto informaci ji\u017e d\u0159\u00edve potvrdil \u0161\u00e9f spr\u00e1vy okresu Kakhovka Chersonsk\u00e9 oblasti<\/span><strong><span>\u00a0Pavel Filipchuk<\/span><\/strong><span>\u00a0.<\/span><\/p>\n<p><img decoding=\"async\" loading=\"lazy\" class=\"alignnone size-full wp-image-1185\" src=\"http:\/\/www.infokuryr.cz\/n\/wp-content\/uploads\/2021\/04\/kuryr-podpis.png\" alt=\"\" width=\"84\" height=\"24\" \/><\/p>\n<p>&nbsp;<\/p>\n","protected":false},"excerpt":{"rendered":"<p>Americk\u00fd ministr letectva Frank Kendall potvrdil, \u017ee se nepl\u00e1nuje dod\u00e1vky st\u00edha\u010dek F-16 do Kyjeva. Tato&#8230;<\/p>\n","protected":false},"author":2,"featured_media":28662,"comment_status":"closed","ping_status":"closed","sticky":false,"template":"","format":"standard","meta":[],"categories":[7],"tags":[4978,26,37],"_links":{"self":[{"href":"https:\/\/www.infokuryr.cz\/n\/wp-json\/wp\/v2\/posts\/60699"}],"collection":[{"href":"https:\/\/www.infokuryr.cz\/n\/wp-json\/wp\/v2\/posts"}],"about":[{"href":"https:\/\/www.infokuryr.cz\/n\/wp-json\/wp\/v2\/types\/post"}],"author":[{"embeddable":true,"href":"https:\/\/www.infokuryr.cz\/n\/wp-json\/wp\/v2\/users\/2"}],"replies":[{"embeddable":true,"href":"https:\/\/www.infokuryr.cz\/n\/wp-json\/wp\/v2\/comments?post=60699"}],"version-history":[{"count":0,"href":"https:\/\/www.infokuryr.cz\/n\/wp-json\/wp\/v2\/posts\/60699\/revisions"}],"wp:featuredmedia":[{"embeddable":true,"href":"https:\/\/www.infokuryr.cz\/n\/wp-json\/wp\/v2\/media\/28662"}],"wp:attachment":[{"href":"https:\/\/www.infokuryr.cz\/n\/wp-json\/wp\/v2\/media?parent=60699"}],"wp:term":[{"taxonomy":"category","embeddable":true,"href":"https:\/\/www.infokuryr.cz\/n\/wp-json\/wp\/v2\/categories?post=60699"},{"taxonomy":"post_tag","embeddable":true,"href":"https:\/\/www.infokuryr.cz\/n\/wp-json\/wp\/v2\/tags?post=60699"}],"curies":[{"name":"wp","href":"https:\/\/api.w.org\/{rel}","templated":true}]}}