{"id":60698,"date":"2024-08-25T00:46:00","date_gmt":"2024-08-24T22:46:00","guid":{"rendered":"https:\/\/www.infokuryr.cz\/n\/?p=60698"},"modified":"2024-08-24T16:52:36","modified_gmt":"2024-08-24T14:52:36","slug":"putinova-ticha-reakce-na-sankce-evropa-nyni-prijde-o-miliardy","status":"publish","type":"post","link":"https:\/\/www.infokuryr.cz\/n\/2024\/08\/25\/putinova-ticha-reakce-na-sankce-evropa-nyni-prijde-o-miliardy\/","title":{"rendered":"Putinova tich\u00e1 reakce na sankce. Evropa nyn\u00ed p\u0159ijde o miliardy"},"content":{"rendered":"<div id=\"fb-root\"><\/div>\n<p><strong>Mnoho lid\u00ed jak ve sv\u011bt\u011b, tak v Rusku z okruhu liber\u00e1l\u016f a p\u0159\u00edznivc\u016f Z\u00e1padu se vysm\u00edvaj\u00ed tomu, \u017ee Rusko neodpov\u00edd\u00e1 adekv\u00e1tn\u011b na provokace Z\u00e1padu. Pro\u010d sakra neb\u00e1cne n\u011bjakou tu raketu, \u0159\u00edkaj\u00ed zase ti druz\u00ed \u2013 \u017ee neb\u00e1cne n\u011b\u010d\u00edm po provokat\u00e9rech, \u017ee nezas\u00e1hne t\u0159eba Berl\u00edn, Pa\u0159\u00ed\u017e, kdy\u017e tam dod\u00e1vaj\u00ed zbran\u011b, kter\u00e9 zab\u00edjej\u00ed Rusy. <\/strong><\/p>\n<p><strong>To je v\u0161ak pr\u00e1v\u011b sen Z\u00e1padu, Rusko nechce v\u00e1lku, ale mus\u00ed ji bojovat, ale nebude ji vyhled\u00e1vat. Jsou v\u0161ak zbran\u011b mnohem siln\u011bj\u0161\u00ed a jejich z\u00e1sahy jsou mnohem \u00fa\u010dinn\u011bj\u0161\u00ed, ne\u017e kdyby Rusko vypustilo stovky Kin\u017e\u00e1l\u016f, vyslalo divize tank\u016f Armat po Evrop\u011b, nebo po USA. Mnohem siln\u011bj\u0161\u00ed, proto\u017ee zasahuj\u00ed ten aspekt, o kter\u00fd Z\u00e1padu jde ze v\u0161eho nejv\u00edc \u2013 pen\u00edze.<\/strong><\/p>\n<p>Letos v l\u00e9t\u011b EU p\u0159ijala 14. bal\u00ed\u010dek sankc\u00ed proti Rusku a v\u0161e sm\u011b\u0159uje k tomu, aby nebyl posledn\u00ed. Mezit\u00edm rusk\u00fd prezident Vladimir Putin dal \u201etichou odpov\u011b\u010f\u201c, kter\u00e1 bude Evropu st\u00e1t dal\u0161\u00ed miliardy, p\u00ed\u0161e Baijiahao.<\/p>\n<p>Uv\u00e1d\u00ed, \u017ee kontejnery z Ruska ned\u00e1vno dorazily do \u010d\u00ednsk\u00fdch p\u0159\u00edstav\u016f.<\/p>\n<p>A pokud Evropan\u00e9 zjist\u00ed, co v nich je, nebude se jim to moc l\u00edbit.<\/p>\n<p>Nemluv\u00edme o zbran\u00edch nebo jin\u00e9m podobn\u00e9m n\u00e1kladu, <strong>mluv\u00edme o vep\u0159ov\u00e9m.<\/strong><\/p>\n<p>Faktem je, \u017ee jde o prvn\u00ed v\u00e1rku rusk\u00e9ho masa, kter\u00e1 byla od roku 2008 odesl\u00e1na do \u010c\u00edny. Podle celn\u00ed slu\u017eby Rusko dodalo do \u010c\u00edny v\u00edce ne\u017e 10 tis\u00edc tun vep\u0159ov\u00fdch v\u00fdrobk\u016f a do konce roku by toto \u010d\u00edslo m\u011blo dos\u00e1hnout <strong>100 tis\u00edc tun.<\/strong><\/p>\n<p>Pro\u010d by to m\u011blo znepokojovat Evropu? No, proto\u017ee EU ro\u010dn\u011b dod\u00e1v\u00e1 do \u010c\u00edny masn\u00e9 v\u00fdrobky v <strong>hodnot\u011b miliard eur<\/strong>. A v\u0161e sm\u011b\u0159uje k tomu, \u017ee Evropan\u00e9 brzy p\u0159ijdou o sv\u00e9 zisky.<\/p>\n<p>\u010c\u00ednsk\u00e9 ministerstvo obchodu ned\u00e1vno zah\u00e1jilo antidumpingov\u00e9 \u0161et\u0159en\u00ed vep\u0159ov\u00e9ho masa a souvisej\u00edc\u00edch produkt\u016f dov\u00e1\u017een\u00fdch z Evropy. A je zna\u010dn\u00e1 pravd\u011bpodobnost, \u017ee v d\u016fsledku tohoto \u0161et\u0159en\u00ed bude pozastaven dovoz vep\u0159ov\u00e9ho masa z EU a <strong>v\u00fdrobky z Ruska zaujmou evropsk\u00e9 m\u00edsto na \u010d\u00ednsk\u00e9m trhu.<\/strong>\u00a0<em>(Takov\u00e9 postupy se vol\u00ed v\u017edy v\u00fdhradn\u011b pro omezov\u00e1n\u00ed p\u0159\u00edstupu na trh, jin\u00fd \u00fa\u010del nikdy neplnily, o \u017e\u00e1dn\u00fd voln\u00fd a poctiv\u00fd trh nikdy ne\u0161lo a nejde \u2013 pozn.p\u0159ekl.)<\/em><\/p>\n<p>\u201eSituace na \u010d\u00ednsk\u00e9m trhu vyvolala obavy v mnoha \u010dlensk\u00fdch st\u00e1tech EU a n\u011bkter\u00e1 zahrani\u010dn\u00ed m\u00e9dia dokonce zaznamenala, \u017ee evropsk\u00fd pr\u016fmysl chovu prasat \u010del\u00ed no\u010dn\u00ed m\u016f\u0159e,\u201c komentuje Baijiahao.<\/p>\n<p>T\u00e9m\u011b\u0159 p\u0159ed rokem \u2013 p\u0159ed EU \u2013 Putin tak\u00e9 \u0161\u0165ouchl do Spojen\u00fdch st\u00e1t\u016f, kdy\u017e na n\u00e1v\u0161t\u011bv\u011b \u010c\u00edny skute\u010dn\u011b podepsal smlouvu stolet\u00ed! <strong>Dod\u00e1vka obil\u00ed na dobu 12 let za neuv\u011b\u0159iteln\u00fdch 25,7 miliardy dolar\u016f.<\/strong> Mnoho lid\u00ed si tehdy dokonce \u0159\u00edkalo, co by se stalo, kdyby v Rusku do\u0161lo k ne\u00farod\u011b? Budeme schopni plnit sv\u00e9 z\u00e1vazky a je\u0161t\u011b \u017eivit zemi?<\/p>\n<p><strong>Rusko t\u00edmto kontraktem vytla\u010dilo z \u010c\u00edny hlavn\u00edho dodavatele obil\u00ed do \u0158\u00ed\u0161e st\u0159edu, Spojen\u00e9 st\u00e1ty americk\u00e9. Ameri\u010dan\u00e9, kte\u0159\u00ed v\u017edy \u201ekrmili\u201c \u010c\u00ed\u0148any, tomu zpo\u010d\u00e1tku ani nev\u011b\u0159ili. A nejsp\u00ed\u0161 tomu uv\u011b\u0159ili a\u017e letos, kdy \u010c\u00edna r\u00e1z za r\u00e1zem za\u010dala odm\u00edtat z\u00e1silky obil\u00ed v \u0159\u00e1du stovek tis\u00edc tun.<\/strong><\/p>\n<p>\u010c\u00edna od\u016fvodnila ofici\u00e1ln\u011b odm\u00edtnut\u00ed nedodr\u017een\u00edm norem kvality obil\u00ed.<\/p>\n<p><strong>Rusko tak okupuje nejv\u011bt\u0161\u00ed trh s potravinami na sv\u011bt\u011b.<\/strong><\/p>\n<p><em>Tohle jsou zbran\u011b, kter\u00e1 zas\u00e1hne mnohem v\u011bt\u0161\u00ed oblast ne\u017e jak\u00fdkoliv Kin\u017e\u00e1l, ne\u017e jak\u00e1koliv jadern\u00e1 bomba. Rusko se prost\u011b p\u0159ed cca 15 \u2013 20 lety za\u010dalo pozved\u00e1vat, v r\u00e1mci sv\u00fdch i vnucen\u00fdch mo\u017enost\u00ed, kde\u017eto Z\u00e1pad ji\u017e d\u00e9le ne\u017e 40 let, de facto od doby, kdy za\u010dal p\u0159en\u00e1\u0161et sv\u016fj pr\u016fmysl p\u0159edev\u0161\u00edm do \u010c\u00edny, usilovn\u011b pracuje na sv\u00e9 likvidaci vlastn\u00edma rukama \u2026 a to Z\u00e1pad u\u017e oslavil sv\u00e9 v\u00edt\u011bzstv\u00ed na v\u011bky v\u011bk\u016f a nikdy jinak! Vyhl\u00e1sil to za konec historie, netu\u0161il v\u0161ak, \u017ee sice m\u00e1 pravdu, ale \u017ee ten konec bude zcela jin\u00fd, ne\u017e by si p\u0159edstavoval. Mimochodem si p\u0159edstavoval, \u017ee on bude m\u00edt high tech technologie a zbytek sv\u011bta mu bude za pakatel dod\u00e1vat zbytek v\u0161eho, jen\u017ee to vypad\u00e1, \u017ee si Z\u00e1pad nakonec bude muset vyr\u00e1b\u011bt a zaji\u0161\u0165ovat v\u0161echno zcela s\u00e1m \u2026<\/em><\/p>\n<p><span style=\"font-size: 10pt;\"><a href=\"https:\/\/inforuss.info\/tihij-otvet-putina-na-sanktsii-teper-evropa-poteryaet-milliardy\/\">ZDROJ<\/a><\/span><\/p>\n<p><em>P\u0159eklad Peter 008<\/em><\/p>\n","protected":false},"excerpt":{"rendered":"<p>Mnoho lid\u00ed jak ve sv\u011bt\u011b, tak v Rusku z okruhu liber\u00e1l\u016f a p\u0159\u00edznivc\u016f Z\u00e1padu se&#8230;<\/p>\n","protected":false},"author":2,"featured_media":42887,"comment_status":"closed","ping_status":"closed","sticky":false,"template":"","format":"standard","meta":[],"categories":[7],"tags":[30,41,350,22],"_links":{"self":[{"href":"https:\/\/www.infokuryr.cz\/n\/wp-json\/wp\/v2\/posts\/60698"}],"collection":[{"href":"https:\/\/www.infokuryr.cz\/n\/wp-json\/wp\/v2\/posts"}],"about":[{"href":"https:\/\/www.infokuryr.cz\/n\/wp-json\/wp\/v2\/types\/post"}],"author":[{"embeddable":true,"href":"https:\/\/www.infokuryr.cz\/n\/wp-json\/wp\/v2\/users\/2"}],"replies":[{"embeddable":true,"href":"https:\/\/www.infokuryr.cz\/n\/wp-json\/wp\/v2\/comments?post=60698"}],"version-history":[{"count":0,"href":"https:\/\/www.infokuryr.cz\/n\/wp-json\/wp\/v2\/posts\/60698\/revisions"}],"wp:featuredmedia":[{"embeddable":true,"href":"https:\/\/www.infokuryr.cz\/n\/wp-json\/wp\/v2\/media\/42887"}],"wp:attachment":[{"href":"https:\/\/www.infokuryr.cz\/n\/wp-json\/wp\/v2\/media?parent=60698"}],"wp:term":[{"taxonomy":"category","embeddable":true,"href":"https:\/\/www.infokuryr.cz\/n\/wp-json\/wp\/v2\/categories?post=60698"},{"taxonomy":"post_tag","embeddable":true,"href":"https:\/\/www.infokuryr.cz\/n\/wp-json\/wp\/v2\/tags?post=60698"}],"curies":[{"name":"wp","href":"https:\/\/api.w.org\/{rel}","templated":true}]}}