{"id":60693,"date":"2024-08-25T00:46:28","date_gmt":"2024-08-24T22:46:28","guid":{"rendered":"https:\/\/www.infokuryr.cz\/n\/?p=60693"},"modified":"2024-08-25T04:38:22","modified_gmt":"2024-08-25T02:38:22","slug":"zelenskyj-podepsal-zakon-ktery-hrozi-zakazem-nejvetsi-ukrajinske-pravoslavne-cirkve","status":"publish","type":"post","link":"https:\/\/www.infokuryr.cz\/n\/2024\/08\/25\/zelenskyj-podepsal-zakon-ktery-hrozi-zakazem-nejvetsi-ukrajinske-pravoslavne-cirkve\/","title":{"rendered":"Zelenskyj podepsal z\u00e1kon, kter\u00fd hroz\u00ed z\u00e1kazem nejv\u011bt\u0161\u00ed ukrajinsk\u00e9 pravoslavn\u00e9 c\u00edrkve"},"content":{"rendered":"<div id=\"fb-root\"><\/div>\n<p><span style=\"font-size: 18pt;\"><strong>N\u00e1vrh z\u00e1kona stav\u00ed mimo z\u00e1kon v\u0161echny n\u00e1bo\u017eensk\u00e9 organizace, o kter\u00fdch se p\u0159edpokl\u00e1d\u00e1, \u017ee maj\u00ed vazby na Moskvu<\/strong><\/span><\/p>\n<p>Vladimir Zelenskyj podepsal z\u00e1kon, kter\u00fd po\u017eaduje z\u00e1kaz jak\u00e9koli n\u00e1bo\u017eensk\u00e9 skupiny podez\u0159el\u00e9 z vazeb na Rusko. Hroz\u00ed faktick\u00fdm uzav\u0159en\u00edm Ukrajinsk\u00e9 pravoslavn\u00e9 c\u00edrkve (UOC) \u2013 nejv\u011bt\u0161\u00ed n\u00e1bo\u017eensk\u00e9 organizace v zemi.<\/p>\n<p>Ukrajinsk\u00fd parlament p\u0159edstavil legislativu za\u010d\u00e1tkem tohoto t\u00fddne; o\u010dek\u00e1v\u00e1 se, \u017ee vstoup\u00ed v platnost za 30 dn\u016f. Pot\u00e9 budou v\u0161echny aktivity Rusk\u00e9 pravoslavn\u00e9 c\u00edrkve (ROC) a v\u0161ech p\u0159idru\u017een\u00fdch n\u00e1bo\u017eensk\u00fdch organizac\u00ed postaveny mimo z\u00e1kon.<\/p>\n<p>Ukrajinsk\u00e1 pravoslavn\u00e1 c\u00edrkev bude m\u00edt dev\u011bt m\u011bs\u00edc\u016f na to, aby p\u0159eru\u0161ila v\u0161echny vztahy s Ruskou c\u00edrkv\u00ed, p\u0159esto\u017ee ukrajinsk\u00e1 c\u00edrkev ji\u017e v roce 2022 po vypuknut\u00ed ukrajinsk\u00e9ho konfliktu vyhl\u00e1sila plnou autonomii od Moskevsk\u00e9ho patriarch\u00e1tu.<\/p>\n<p>Po podeps\u00e1n\u00ed legislativy v sobotu, na Den nez\u00e1vislosti zem\u011b, Zelenskij zve\u0159ejnil video projev, v n\u011bm\u017e uvedl, \u017ee\u00a0<em>\u201eukrajinsk\u00e9 pravoslav\u00ed dnes d\u011bl\u00e1 krok k osvobozen\u00ed od moskevsk\u00fdch \u010f\u00e1bl\u016f\u201c.<\/em><\/p>\n<p>Moskva odsoudila ukrajinsk\u00fd z\u00e1sah proti n\u00e1bo\u017eensk\u00fdm komunit\u00e1m; Svat\u00fd synod Rusk\u00e9 pravoslavn\u00e9 c\u00edrkve vydal ve \u010dtvrtek prohl\u00e1\u0161en\u00ed, ve kter\u00e9m srovn\u00e1v\u00e1 novou legislativu s repres\u00ed v sov\u011btsk\u00e9m stylu a dal\u0161\u00edmi historick\u00fdmi perzekucemi k\u0159es\u0165an\u016f.<\/p>\n<p><em>\u201e\u00da\u010delem tohoto z\u00e1kona je zlikvidovat [Ukrajinskou pravoslavnou c\u00edrkev] a v\u0161echny jej\u00ed komunity a n\u00e1siln\u011b je p\u0159ev\u00e9st na jin\u00e9 n\u00e1bo\u017eensk\u00e9 organizace,\u201c<\/em>\u00a0domn\u00edval se synod s t\u00edm, \u017ee\u00a0<em>\u201estovky kl\u00e1\u0161ter\u016f, tis\u00edce komunit a miliony pravoslavn\u00fdch v\u011b\u0159\u00edc\u00edch na Ukrajin\u011b se ocitnou mimo z\u00e1kon a p\u0159ijdou o sv\u016fj majetek a m\u00edsto pro modlitby.\u201c<\/em><\/p>\n<p>Synod prohl\u00e1sil, \u017ee se bude odvol\u00e1vat na kroky Kyjeva u mezin\u00e1rodn\u00edch organizac\u00ed pro lidsk\u00e1 pr\u00e1va a vyzve je, aby okam\u017eit\u011b a objektivn\u011b reagovaly na\u00a0<em>\u201eflagrantn\u00ed pron\u00e1sledov\u00e1n\u00ed v\u011b\u0159\u00edc\u00edch na Ukrajin\u011b\u201c.<\/em><\/p>\n<p>Mezit\u00edm b\u00fdval\u00fd rusk\u00fd prezident Dmitrij Medved\u011bv reagoval na nov\u00fd z\u00e1kon prohl\u00e1\u0161en\u00edm, \u017ee Zelenskyj nem\u00e1\u00a0<em>\u201e\u017e\u00e1dnou n\u00e1bo\u017eenskou identitu\u201c<\/em>\u00a0a popsal z\u00e1sah jako\u00a0<em>\u201eplnohodnotn\u00fd satanismus\u201c,<\/em>\u00a0podporovan\u00fd ukrajinsk\u00fdmi z\u00e1padn\u00edmi podporovateli.<\/p>\n<p><em>\u201eTento p\u0159\u00edb\u011bh nez\u016fstane pro Ukrajinu nepotrest\u00e1n,\u201c<\/em>\u00a0napsal Medved\u011bv s t\u00edm, \u017ee\u00a0<em>\u201ezem\u011b bude zni\u010dena, jako Sodoma a Gomora,\u201c<\/em>\u00a0s odkazem na staroz\u00e1konn\u00ed p\u0159\u00edb\u011bh dvou m\u011bst zni\u010den\u00fdch bo\u017esk\u00fdm z\u00e1sahem za jejich \u0161patnost.\u00a0<em>&#8222;D\u00e9moni nevyhnuteln\u011b padnou,&#8220;<\/em>\u00a0pokra\u010doval a dodal, \u017ee jejich trest bude\u00a0<em>&#8222;pozemsk\u00fd, krut\u00fd, bolestiv\u00fd a brzy nastane.&#8220;<\/em><\/p>\n<p>N\u00e1bo\u017eensk\u00e9 nap\u011bt\u00ed su\u017euje zemi ji\u017e dlouhou dobu, \u0159ada subjekt\u016f se hl\u00e1s\u00ed ke skute\u010dn\u00e9 ukrajinsk\u00e9 pravoslavn\u00e9 c\u00edrkvi. Dv\u011bma hlavn\u00edmi soupe\u0159\u00edc\u00edmi frakcemi jsou Ukrajinsk\u00e1 pravoslavn\u00e1 c\u00edrkev a Kyjevem podporovan\u00e1 Pravoslavn\u00e1 c\u00edrkev Ukrajiny, kterou rusk\u00e1 pravoslavn\u00e1 c\u00edrkev pova\u017euje za schizmatickou.<\/p>\n<p>Ukrajinsk\u00e1 pravoslavn\u00e9 c\u00edrkev z\u016fst\u00e1v\u00e1 nejv\u011bt\u0161\u00ed pravoslavnou c\u00edrkv\u00ed na Ukrajin\u011b s v\u00edce ne\u017e 8 000 farnostmi po cel\u00e9 zemi. Od roku 2010 se v\u0161ak n\u011bkter\u00e9 z nich rozhodly pod tlakem \u00fa\u0159ad\u016f p\u0159ej\u00edt pod jurisdikci Kyjevem prot\u011b\u017eovan\u00e9 Pravoslavn\u00e9 c\u00edrkve Ukrajiny.<\/p>\n<p><img decoding=\"async\" loading=\"lazy\" class=\"alignnone size-full wp-image-1185\" src=\"http:\/\/www.infokuryr.cz\/n\/wp-content\/uploads\/2021\/04\/kuryr-podpis.png\" alt=\"\" width=\"84\" height=\"24\" \/><\/p>\n<p>&nbsp;<\/p>\n","protected":false},"excerpt":{"rendered":"<p>N\u00e1vrh z\u00e1kona stav\u00ed mimo z\u00e1kon v\u0161echny n\u00e1bo\u017eensk\u00e9 organizace, o kter\u00fdch se p\u0159edpokl\u00e1d\u00e1, \u017ee maj\u00ed vazby&#8230;<\/p>\n","protected":false},"author":2,"featured_media":60694,"comment_status":"closed","ping_status":"closed","sticky":false,"template":"","format":"standard","meta":[],"categories":[7],"tags":[4764,720,609,1000],"_links":{"self":[{"href":"https:\/\/www.infokuryr.cz\/n\/wp-json\/wp\/v2\/posts\/60693"}],"collection":[{"href":"https:\/\/www.infokuryr.cz\/n\/wp-json\/wp\/v2\/posts"}],"about":[{"href":"https:\/\/www.infokuryr.cz\/n\/wp-json\/wp\/v2\/types\/post"}],"author":[{"embeddable":true,"href":"https:\/\/www.infokuryr.cz\/n\/wp-json\/wp\/v2\/users\/2"}],"replies":[{"embeddable":true,"href":"https:\/\/www.infokuryr.cz\/n\/wp-json\/wp\/v2\/comments?post=60693"}],"version-history":[{"count":1,"href":"https:\/\/www.infokuryr.cz\/n\/wp-json\/wp\/v2\/posts\/60693\/revisions"}],"predecessor-version":[{"id":60695,"href":"https:\/\/www.infokuryr.cz\/n\/wp-json\/wp\/v2\/posts\/60693\/revisions\/60695"}],"wp:featuredmedia":[{"embeddable":true,"href":"https:\/\/www.infokuryr.cz\/n\/wp-json\/wp\/v2\/media\/60694"}],"wp:attachment":[{"href":"https:\/\/www.infokuryr.cz\/n\/wp-json\/wp\/v2\/media?parent=60693"}],"wp:term":[{"taxonomy":"category","embeddable":true,"href":"https:\/\/www.infokuryr.cz\/n\/wp-json\/wp\/v2\/categories?post=60693"},{"taxonomy":"post_tag","embeddable":true,"href":"https:\/\/www.infokuryr.cz\/n\/wp-json\/wp\/v2\/tags?post=60693"}],"curies":[{"name":"wp","href":"https:\/\/api.w.org\/{rel}","templated":true}]}}