{"id":60647,"date":"2024-08-24T05:40:05","date_gmt":"2024-08-24T03:40:05","guid":{"rendered":"https:\/\/www.infokuryr.cz\/n\/?p=60647"},"modified":"2024-08-24T05:40:05","modified_gmt":"2024-08-24T03:40:05","slug":"nejen-kvuli-sverakovi-vyoralovi-se-srovnani-foltynovych-umelcu-nabizi-a-neni-hezke","status":"publish","type":"post","link":"https:\/\/www.infokuryr.cz\/n\/2024\/08\/24\/nejen-kvuli-sverakovi-vyoralovi-se-srovnani-foltynovych-umelcu-nabizi-a-neni-hezke\/","title":{"rendered":"Nejen kv\u016fli Sv\u011br\u00e1kovi. Vyoralovi se srovn\u00e1n\u00ed Folt\u00fdnov\u00fdch um\u011blc\u016f nab\u00edz\u00ed. A nen\u00ed hezk\u00e9"},"content":{"rendered":"<div id=\"fb-root\"><\/div>\n<p><strong>P\u00c1TE\u010cN\u00cd Z\u00da\u010cTOV\u00c1N\u00cd TOM\u00c1\u0160E VYORALA \u201eTak trochu se to srovn\u00e1n\u00ed nab\u00edz\u00ed a rezonuje s n\u00edm. Nejen proto, \u017ee je pod t\u00edmto pravov\u011brn\u00fdm demagogick\u00fdm pamfletem podeps\u00e1n op\u011bt Zden\u011bk Sv\u011br\u00e1k,\u201c komentuje Tom\u00e1\u0161 Vyoral dopis zaslan\u00fd na podporu plukovn\u00edka jmenovan\u00e9ho do funkce strategick\u00e9ho komunik\u00e1tora. Soud\u00ed, \u017ee ka\u017ed\u00fd re\u017eim m\u00e1 sv\u00e9 v\u011brn\u00e9 um\u011blce. A n\u011bkte\u0159\u00ed z\u016fstanou v\u011brn\u00ed i kdy\u017e se re\u017eim zm\u011bn\u00ed. \u201eTo, \u017ee n\u011bkte\u0159\u00ed z nich jsou skv\u011bl\u00fdmi um\u011blci \u2013 jako Zden\u011bk Sv\u011br\u00e1k \u2013 a n\u011bkte\u0159\u00ed pr\u016fm\u011brn\u00fdmi \u2013 p\u0159i\u010dem\u017e bezv\u00fdznamn\u00e9ho uplak\u00e1nka Hutku ani nepo\u010d\u00edt\u00e1m, jim je\u0161t\u011b ned\u00e1v\u00e1 \u017e\u00e1dnou kvalitu ani autoritu k tomu bezpe\u010dn\u011b rozpozn\u00e1vat mezi \u010dern\u00fdm a b\u00edl\u00fdm, dobrem a zlem,\u201c soud\u00ed.<\/strong><\/p>\n<p><strong>Tak jsme si op\u011bt p\u0159ipomenuli srpen 1968 a invazi vojsk Var\u0161avsk\u00e9 smlouvy. Tentokr\u00e1t ov\u0161em trochu po\u0165ouchle, v\u0161ude na soci\u00e1ln\u00edch s\u00edt\u00edch jsem vid\u011bl ten zn\u00e1m\u00fd \u00faryvek z \u017eivotopisu prezidenta Pavla. Samotn\u00fd Pavel pak tomu je\u0161t\u011b nahr\u00e1l t\u00edm, \u017ee \u0159ekl, \u017ee je pot\u0159eba si toto v\u00fdro\u010d\u00ed p\u0159ipom\u00ednat \u201epro uct\u011bn\u00ed pam\u00e1tky ob\u011bt\u00ed nebo vyj\u00e1d\u0159en\u00ed respektu v\u0161em, kte\u0159\u00ed m\u011bli jasn\u011b nastaven\u00fd mor\u00e1ln\u00ed kompas a neuhnuli\u201c. Co vy na to?<\/strong><\/p>\n<p>Neuv\u011b\u0159iteln\u00e1 sm\u011bsice pokrytectv\u00ed, oportunismu, hlouposti, k\u0159iv\u00e9 p\u00e1te\u0159e, mor\u00e1ln\u00edho vyklouben\u00ed. Co v\u00edc k v\u011b\u010dn\u00e9mu p\u0159evl\u00e9ka\u010di uniforem soudruhu Pavlovi dodat. Zaj\u00edmav\u00e9, \u017ee v\u0161ichni ti dobroserov\u00e9, kte\u0159\u00ed byli paf z komunistick\u00e9 minulosti Andreje Babi\u0161e, jsou se schvalova\u010dem invaze arm\u00e1d Var\u0161avsk\u00e9 smlouvy v pohod\u011b. Op\u011bt hloupost, kr\u00e1tkozrakost, nedostatek kritick\u00e9ho my\u0161len\u00ed a my\u0161len\u00ed v\u016fbec. To v\u0161echno nahrazov\u00e1no pravov\u011brnost\u00ed a svaz\u00e1ctv\u00edm.<\/p>\n<p><strong>Krom\u011b toho, na v\u00fdro\u010d\u00ed se vyjad\u0159oval i plukovn\u00edk Folt\u00fdn, jeho\u017e odbor strategick\u00e9 komunikace vytvo\u0159il sv\u016fj prvn\u00ed v\u00fdstup. A tentokr\u00e1t m\u00edsto svin\u00ed p\u0159irovnal n\u011bkter\u00e9 spoluob\u010dany k pedofil\u016fm. Vzhledem k tomu, \u017ee kamkoliv ho pozvou, tak Folt\u00fdn vypust\u00ed n\u011bjak\u00e9 podobn\u00e9 moudro, nen\u00ed na\u010dase si polo\u017eit ot\u00e1zku, zda jeho \u00faloha nen\u00ed jen prachsprost\u00e9 odv\u00e1d\u011bn\u00ed pozornosti?<\/strong><\/p>\n<p>Pravdou je, \u017ee to tak p\u016fsob\u00ed. Ale dle m\u00e9ho jde sp\u00ed\u0161e o jeho pocit nedotknutelnosti a bohorovnosti. Arogance moci zelen\u00e9ho bezmozka v ryz\u00ed podob\u011b. Vlastn\u011b jako p\u0159es kop\u00edr\u00e1k se zkorumpovan\u00fdm lh\u00e1\u0159em a psychopatem Prymulou. Vrchn\u00ed \u0161\u00e9fcenzor pokra\u010duje ve sv\u00e9 agresivn\u00ed r\u00e9torice proti \u201enep\u0159\u00e1tel\u016fm\u201c jeho strany a vl\u00e1dy. Bohu\u017eel lampas\u00e1k za\u010d\u00edn\u00e1 odhalovat svou skute\u010dnou tv\u00e1\u0159, kdy ob\u010dany s opa\u010dn\u00fdm n\u00e1zorem \u2013 nikoliv kolaboranty, nebo\u0165 t\u00edm je on s\u00e1m \u2013 zve svin\u011bmi, zomb\u00edky nebo je p\u0159irovn\u00e1v\u00e1 k pedofil\u016fm. To v\u0161e ov\u0161em sed\u00ed pr\u00e1v\u011b na n\u011bj. Jedn\u00e1 se o bezcharaktern\u00edho pazg\u0159ivce se zelen\u00fdm mozkem, kter\u00fd by \u2013 jak \u0159\u00edk\u00e1 \u2013 nejrad\u0161i vyhloubil p\u0159\u00edkopy pro nepodvolen\u00e9. A tam co? Tam by je nah\u00e1zel? Zmasakroval? Zasypal? A pak by si u\u017e jen za nekritick\u00fdch fanf\u00e1r d\u00e1le kolaboroval s velk\u00fdmi bratry ze z\u00e1mo\u0159\u00ed a pracoval pro jejich z\u00e1jmy? Folt\u00fdn m\u011bl u\u017e d\u00e1vno skon\u010dit na smeti\u0161ti d\u011bjin coby typick\u00fd p\u0159\u00edklad totalitn\u011b sm\u00fd\u0161lej\u00edc\u00edho zmetka.<\/p>\n<p><strong>Za Folt\u00fdna se n\u00e1m tak\u00e9 postavila um\u011blecko-politick\u00e1 fronta, v\u010detn\u011b Zde\u0148ka Sv\u011br\u00e1ka. Je nam\u00edst\u011b srovn\u00e1n\u00ed s Antichartou?<\/strong><\/p>\n<p>Tak trochu se to srovn\u00e1n\u00ed nab\u00edz\u00ed a rezonuje s n\u00edm. Nejen proto, \u017ee je pod t\u00edmto pravov\u011brn\u00fdm demagogick\u00fdm pamfletem podeps\u00e1n op\u011bt Zden\u011bk Sv\u011br\u00e1k. \u0158ada p\u0159edn\u00edch um\u011blc\u016f v\u017edy byla, je a bude tv\u00e1\u0159\u00ed ka\u017ed\u00e9ho re\u017eimu. Je to jak v z\u00e1jmu dan\u00e9ho re\u017eimu \u2013 a\u0165 u\u017e je socialistick\u00fd, nacistick\u00fd \u010di liber\u00e1ln\u011b-demokraticky totalitn\u00ed \u2013 tak v z\u00e1jmu jich samotn\u00fdch. Neb nemal\u00e1 \u010d\u00e1st z nich je bytostn\u011b z\u00e1visl\u00e1 na jeho cec\u00edc\u00edch, z nich\u017e sosaj\u00ed finan\u010dn\u00ed prost\u0159edky p\u016fvodn\u011b z\u00edskan\u00e9 od ob\u010dan\u016f, kter\u00fdm pak za tyto pen\u00edze d\u011blaj\u00ed politick\u00e9 \u0161kolen\u00ed mu\u017estva.<\/p>\n<p>N\u011bkte\u0159\u00ed um\u011blci maj\u00ed zkr\u00e1tka z\u0159ejm\u011b p\u0159ehnan\u00e9 m\u00edn\u011bn\u00ed o sob\u011b sam\u00fdch a neodbytn\u00e9 nutk\u00e1n\u00ed neust\u00e1le mistrovat ostatn\u00ed o tom, kter\u00e1 strana a vl\u00e1da je spr\u00e1vn\u00e1, a \u017ee jejich pravdy jsou aktu\u00e1ln\u011b ty jedin\u00e9 spr\u00e1vn\u00e9 a jedin\u00e9 povolen\u00e9. Po\u0159\u00e1d ti stejn\u00ed. Po\u0159\u00e1d tit\u00ed\u017e jako za koronafa\u0161ismu, tak za ukrofa\u0161ismu. Sv\u011br\u00e1k, H\u0159ebejk, Hutka, Hru\u0161\u00ednsk\u00fd, Marhoul, Wollner, Jandourek, k tomu zkorumpovan\u00fd kvazi imunolog ze zahrani\u010d\u00ed Hel \u010di prominentn\u00ed agent\u016fv syn\u00e1\u010dek Kol\u00e1\u0159\u2026<\/p>\n<p>To, \u017ee n\u011bkte\u0159\u00ed z nich jsou skv\u011bl\u00fdmi um\u011blci \u2013 jako Zden\u011bk Sv\u011br\u00e1k \u2013 a n\u011bkte\u0159\u00ed pr\u016fm\u011brn\u00fdmi \u2013 p\u0159i\u010dem\u017e bezv\u00fdznamn\u00e9ho uplak\u00e1nka Hutku ani nepo\u010d\u00edt\u00e1m, jim je\u0161t\u011b ned\u00e1v\u00e1 \u017e\u00e1dnou kvalitu ani autoritu k tomu bezpe\u010dn\u011b rozpozn\u00e1vat mezi \u010dern\u00fdm a b\u00edl\u00fdm, dobrem a zlem\u2026 Proto\u017ee tak to ve skute\u010dn\u00e9m sv\u011bt\u011b ani nefunguje. Jde pouze o jejich ideologick\u00fd aktivismus, pravov\u011brnost a s t\u00edm spojen\u00fd bonus b\u00fdt \u00faslu\u017en\u011b zadob\u0159e s re\u017eimem, kter\u00fd doj\u00ed o na\u0161e prost\u0159edky.<\/p>\n<p><strong>V Praze se za pen\u00edze m\u011bsta rozjela kampa\u0148 proti z\u00edr\u00e1n\u00ed, ot\u00edr\u00e1n\u00ed se a osah\u00e1v\u00e1n\u00ed v MHD. Jak se stav\u00edte k takov\u00fdm \u201ev\u00fdchovn\u00fdm\u201c pokus\u016fm?<\/strong><\/p>\n<p>Se smutn\u00fdm \u00fa\u0161klebkem. Ti u koryt a jejich kamar\u00e1di z PRopagandistick\u00fdch agentur si namast\u00ed kapsy. B\u011b\u017en\u00e9 ob\u010dany budou mistrovat ohledn\u011b nevhodn\u00fdch pohled\u016f, ale druh\u00fdm dechem k n\u00e1m s otev\u0159enou n\u00e1ru\u010d\u00ed zvou nadr\u017een\u00e9 l\u00e9ka\u0159e, jadern\u00e9 fyziky a dal\u0161\u00ed verbe\u017e \u201eprchaj\u00edc\u00ed p\u0159ed v\u00e1lkou\u201c z Afriky a z Bl\u00edzk\u00e9ho v\u00fdchodu.<\/p>\n<p><strong>Bloger Vidl\u00e1k rozj\u00ed\u017ed\u00ed projekt\u00a0<em>Nekrm hydru<\/em>, kter\u00fd m\u00e1 \u010cT odep\u0159\u00edt koncesion\u00e1\u0159sk\u00e9 poplatky. Zaj\u00edmav\u00e9 je, \u017ee proti n\u011bmu vystupuj\u00ed hlavn\u011b ti, kdo \u010cT sami kritizuj\u00ed. Dle va\u0161eho n\u00e1zoru, m\u00e1 organizovan\u00fd odpor proti placen\u00ed koncesion\u00e1\u0159sk\u00fdch poplatk\u016f \u0161anci na \u00fasp\u011bch?<\/strong><\/p>\n<p>Oce\u0148uji jakoukoliv iniciativu a energii vyvinutou proti zv\u016fli totalitn\u00edho re\u017eimu. Nicm\u00e9n\u011b je t\u0159eba konkr\u00e9tn\u011b tuto z\u0159ejm\u011b je\u0161t\u011b v\u00edce do detailu promyslet a do\u0159e\u0161it. V\u00edte, iniciativa po\u010d\u00edt\u00e1 s t\u00edm, tak jak jsem to pochopil, \u017ee v mno\u017estv\u00ed lid\u00ed je s\u00edla, kter\u00e1 dok\u00e1\u017ee s n\u011b\u010d\u00edm hnout. A\u0165 u\u017e k lep\u0161\u00edmu, \u010di k hor\u0161\u00edmu. Jen j\u00e1 jsem trochu skeptik a ob\u00e1v\u00e1m se, \u017ee ani ono mno\u017estv\u00ed, kter\u00e9 p\u0159edpokl\u00e1d\u00e1 inici\u00e1tor, nebude sta\u010dit. Vid\u011bli jsme to bohu\u017eel n\u00e1zorn\u011b i b\u011bhem totalitn\u00ed \u201ehry na covid\u201c. Taky bylo velk\u00e9 mno\u017estv\u00ed lid\u00ed, kter\u00e9 se stav\u011blo proti fa\u0161istick\u00fdm a ni\u010d\u00edm nepodlo\u017een\u00fdm restrikc\u00edm a proti zv\u016fli st\u00e1t\u016f. A pomohlo to? Nechci samoz\u0159ejm\u011b nikoho odrazovat, ale ob\u00e1v\u00e1m se, \u017ee se zat\u00edm jedn\u00e1 o boj s v\u011btrn\u00fdmi ml\u00fdny. Zat\u00edm mus\u00edme bojovat co nejl\u00e9pe v r\u00e1mci mantinel\u016f, kter\u00e9 n\u00e1m vymezuj\u00ed majitel\u00e9 kl\u00ed\u010d\u016f. Bohu\u017eel. Doufejme, \u017ee \u010das p\u0159ijde a my z\u00fa\u010dtujeme spolu.<\/p>\n<p><strong>A je\u0161t\u011b jedna ot\u00e1zka k \u010cT. Noru Fridrichovou a jej\u00edch\u00a0<em>168 hodin<\/em>\u00a0nahrad\u00ed\u00a0<em>Str\u00e1\u017emistr Topinka<\/em>, tj. pokra\u010dov\u00e1n\u00ed\u00a0<em>Doktora Martina<\/em>. Nen\u00ed to u\u017e trochu moc soli do r\u00e1ny? Na soci\u00e1ln\u00edch s\u00edt\u00edch u\u017e tomu za\u010d\u00ednaj\u00ed \u0159\u00edkat \u201eSou\u010dkova normalizace\u201c.<\/strong><\/p>\n<p>Je to \u00fasm\u011bvn\u00e9, ale v\u016fbec bych to nep\u0159ece\u0148oval, neb Nora si najde jinou propagandistickou noru \u2013 respektive bude j\u00ed nalezena \u2013 kde bude pokra\u010dovat ve sv\u00e9m prore\u017eimn\u00edm aktivismu. Stejn\u011b jako Wollner, Dole\u017eal, Witowsk\u00e1 a dal\u0161\u00ed Goebbelsovi pohrobci. A\u0165 u\u017e v \u010cT, \u010di jinde. A o n\u011bjak\u00e9 Sou\u010dkov\u011b normalizaci nem\u016f\u017ee b\u00fdt ani \u0159e\u010d. Je to p\u0159ece jen dal\u0161\u00ed z party hic, jinak by se do funkce nedostal.\u00a0<em>You have to be selected to be elected.<\/em>\u00a0Mus\u00edte b\u00fdt vybr\u00e1n, abyste byl zvolen.<\/p>\n<p><strong>Ostudu m\u00e1 Ivan Barto\u0161 a jeho digitalizace stavebn\u00edho \u0159\u00edzen\u00ed, kter\u00e1 podle zpr\u00e1v zastav\u00ed hned n\u011bkolik staveb. Barto\u0161 tvrd\u00ed, \u017ee i kdyby rezignoval, tak by se situace nezlep\u0161ila. Nem\u00e1 pro jednou pravdu?<\/strong><\/p>\n<p>Z\u0159ejm\u011b m\u00e1. Nicm\u00e9n\u011b on stejn\u011b jako v z\u00e1sad\u011b cel\u00e1 vl\u00e1da nemaj\u00ed v \u010dele st\u00e1tu co pohled\u00e1vat. Tedy za p\u0159edpokladu, \u017ee by m\u011bli \u0159\u00eddit \u010ceskou republiku ve prosp\u011bch \u010desk\u00fdch ob\u010dan\u016f. Za p\u0159edpokladu protektor\u00e1tn\u00edho \u0159\u00edzen\u00ed jsou to vazalov\u00e9 a k\u0159ivop\u00e1te\u0159n\u00edci na sv\u00e9m m\u00edst\u011b a na slovo vzat\u00ed.<\/p>\n<p><strong>Sen\u00e1tem zrovna 21. srpna pro\u0161la koresponden\u010dn\u00ed volba. Vid\u00edte v tom n\u011bjakou symboliku? T\u0159eba bratrsk\u00e9 pomoci ze zahrani\u010d\u00ed?<\/strong><\/p>\n<p>Odpov\u011bd\u011bl jste \u00faderem na hlavi\u010dku za m\u011b. Doslova a do p\u00edsmene. Na\u0161i zakomplexovan\u00ed politruci z\u0159ejm\u011b budou pot\u0159ebovat zahrani\u010dn\u00ed pomoc a zahrani\u010dn\u00ed veden\u00ed v\u017edycky. Zkr\u00e1tka m\u00edsto vlastn\u00edho \u00fasudku a u\u017eit\u00ed vlastn\u00ed hlavy jen st\u0159\u00eddaj\u00ed an\u00e1ly. A dle v\u0161eho donekone\u010dna. A v tomto p\u0159\u00edpad\u011b si posichruj\u00ed i ta volebn\u00ed \u010d\u00edsla, kter\u00e1 by \u010dirou n\u00e1hodou z po\u010d\u00edta\u010de vyjela s jistou necht\u011bnou chybou.<\/p>\n<p><a href=\"https:\/\/www.parlamentnilisty.cz\/arena\/rozhovory\/Nejen-kvuli-Sverakovi-Vyoralovi-se-srovnani-Foltynovych-umelcu-nabizi-A-neni-hezke-760460\">Parlamentn\u00ed listy<\/a><\/p>\n<p><em><span style=\"font-size: 10pt;\">Foto:\u00a0<strong>Archiv Tom\u00e1\u0161e Vyorala<\/strong><\/span><\/em><br \/>\n<em><span style=\"font-size: 10pt;\">Popisek:\u00a0<strong>Koment\u00e1tor Tom\u00e1\u0161 Vyoral<\/strong><\/span><\/em><\/p>\n<p>&nbsp;<\/p>\n","protected":false},"excerpt":{"rendered":"<p>P\u00c1TE\u010cN\u00cd Z\u00da\u010cTOV\u00c1N\u00cd TOM\u00c1\u0160E VYORALA \u201eTak trochu se to srovn\u00e1n\u00ed nab\u00edz\u00ed a rezonuje s n\u00edm. Nejen&#8230;<\/p>\n","protected":false},"author":2,"featured_media":60648,"comment_status":"closed","ping_status":"closed","sticky":false,"template":"","format":"standard","meta":[],"categories":[6],"tags":[7505,1503,2972,1952],"_links":{"self":[{"href":"https:\/\/www.infokuryr.cz\/n\/wp-json\/wp\/v2\/posts\/60647"}],"collection":[{"href":"https:\/\/www.infokuryr.cz\/n\/wp-json\/wp\/v2\/posts"}],"about":[{"href":"https:\/\/www.infokuryr.cz\/n\/wp-json\/wp\/v2\/types\/post"}],"author":[{"embeddable":true,"href":"https:\/\/www.infokuryr.cz\/n\/wp-json\/wp\/v2\/users\/2"}],"replies":[{"embeddable":true,"href":"https:\/\/www.infokuryr.cz\/n\/wp-json\/wp\/v2\/comments?post=60647"}],"version-history":[{"count":0,"href":"https:\/\/www.infokuryr.cz\/n\/wp-json\/wp\/v2\/posts\/60647\/revisions"}],"wp:featuredmedia":[{"embeddable":true,"href":"https:\/\/www.infokuryr.cz\/n\/wp-json\/wp\/v2\/media\/60648"}],"wp:attachment":[{"href":"https:\/\/www.infokuryr.cz\/n\/wp-json\/wp\/v2\/media?parent=60647"}],"wp:term":[{"taxonomy":"category","embeddable":true,"href":"https:\/\/www.infokuryr.cz\/n\/wp-json\/wp\/v2\/categories?post=60647"},{"taxonomy":"post_tag","embeddable":true,"href":"https:\/\/www.infokuryr.cz\/n\/wp-json\/wp\/v2\/tags?post=60647"}],"curies":[{"name":"wp","href":"https:\/\/api.w.org\/{rel}","templated":true}]}}