{"id":60641,"date":"2024-08-24T05:04:01","date_gmt":"2024-08-24T03:04:01","guid":{"rendered":"https:\/\/www.infokuryr.cz\/n\/?p=60641"},"modified":"2024-08-24T05:04:01","modified_gmt":"2024-08-24T03:04:01","slug":"snadna-emigrace-do-ruska-a-relokacni-politika-pro-cele-rodiny-nejen-z-cr-jiz-od-1-zari","status":"publish","type":"post","link":"https:\/\/www.infokuryr.cz\/n\/2024\/08\/24\/snadna-emigrace-do-ruska-a-relokacni-politika-pro-cele-rodiny-nejen-z-cr-jiz-od-1-zari\/","title":{"rendered":"Snadn\u00e1 emigrace do Ruska a reloka\u010dn\u00ed politika pro cel\u00e9 rodiny nejen z \u010cR ji\u017e od 1. z\u00e1\u0159\u00ed"},"content":{"rendered":"<div id=\"fb-root\"><\/div>\n<h4>Snadn\u00e1 emigrace do Ruska a reloka\u010dn\u00ed politika pro cel\u00e9 rodiny nejen z \u010cR ji\u017e od 1. z\u00e1\u0159\u00ed a pevn\u011b stanoven\u00fd postup k z\u00edsk\u00e1n\u00ed ob\u010danstv\u00ed Rusk\u00e9 federace! Dekret prezidenta Putina p\u0159ich\u00e1z\u00ed v dob\u011b, kdy vl\u00e1da Petra Fialy naz\u00fdv\u00e1 \u00fasty sv\u00e9ho gener\u00e1ln\u00edho cenzora p\u016fl milionu \u010cech\u016f svin\u011bmi a pedofily! Rusko po\u010d\u00edt\u00e1 s nejhor\u0161\u00ed variantou eskalace v\u00e1lky mezi Ruskem a NATO! Opakuje se proces z let 1938 a 1939!<\/h4>\n<p>Rusk\u00fd prezident Vladimir Putin u\u010dinil 19. srpna naprosto \u0161okuj\u00edc\u00ed a ne\u010dekan\u00fd krok. Vydal prezidentsk\u00fd dekret\u00a0<strong>[<a href=\"https:\/\/href.li\/?http:\/\/kremlin.ru\/acts\/news\/74888\" target=\"_blank\" rel=\"nofollow noopener\">1<\/a>]<\/strong>, kter\u00fdm od 1. z\u00e1\u0159\u00ed ud\u011bluje de facto politick\u00e9 a humanit\u00e1rn\u00ed azyly ob\u010dan\u016fm zem\u00ed kolektivn\u00edho Z\u00e1padu, a to bez jak\u00fdchkoliv migra\u010dn\u00edch kv\u00f3t, bez nutnosti rusk\u00e9ho jazyka, bez nutnosti znalosti historie a pr\u00e1va v Rusku, co\u017e jsou jinak standardn\u00ed podm\u00ednky pro ud\u011blen\u00ed do\u010dasn\u00fdch pobyt\u016f.<\/p>\n<p>Rusk\u00e1 vl\u00e1da do konce srpna a ve spolupr\u00e1ci s Ministerstvem zahrani\u010d\u00ed p\u0159iprav\u00ed seznam zem\u00ed, jejich\u017e ob\u010dan\u00e9 budou moci po\u017e\u00e1dat o relokaci do Rusk\u00e9 federace z humanit\u00e1rn\u00edch d\u016fvod\u016f, kdy nesouhlas\u00ed s neoliber\u00e1ln\u00ed politikou sv\u00fdch vl\u00e1dn\u00edch re\u017eim\u016f. Rusko p\u0159itom m\u011blo v\u017edy jedny z nejp\u0159\u00edsn\u011bj\u0161\u00edch migra\u010dn\u00edch politik, ale tento dekret postavil v\u0161echny rusk\u00e9 migra\u010dn\u00ed z\u00e1kony a zvyklosti \u00fapln\u011b a zcela na hlavu. Ru\u0161t\u00ed novin\u00e1\u0159i p\u0159itom maj\u00ed jasno a nen\u00ed to nic p\u011bkn\u00e9ho. Opravdu jde podle v\u0161eho do tuh\u00e9ho, toto u\u017e nen\u00ed legrace.<\/p>\n<p>&nbsp;<\/p>\n<div id=\"rumble_v59r0ql\">\n<div id=\"vid_v59r0ql\" class=\"rumble_v59r0ql-Rumble-cls\" tabindex=\"-1\">\n<div class=\"bigPlayUI ctp\"><div class='videoWrapper'>\r\n\t            <iframe src='https:\/\/rumble.com\/embed\/pj.v59r0ql\/' frameborder='0' allowfullscreen><\/iframe>\r\n\t        <\/div><\/p>\n<div class=\"bigPlayUIInner ctp\"><\/div>\n<\/div>\n<\/div>\n<\/div>\n<p>&nbsp;<\/p>\n<p>Na s\u00edt\u00ed TikTok se objevilo video z Ruska, kde se \u010de\u0161t\u00ed ob\u010dan\u00e9 dozv\u011bd\u00ed, jak je to s v\u00edzovou politikou. Nejprve dostanete povoleni k p\u0159echodn\u00e9mu pobytu, potom si m\u016f\u017eete po\u0159\u00e1dat o povolen\u00ed k trval\u00e9mu pobytu, a potom po 5 letech si lze za\u017e\u00e1dat o ob\u010danstv\u00ed.\u00a0<strong>Tedy k rusk\u00e9mu ob\u010danstv\u00ed se d\u00e1 dostat za 6 a\u017e 8 let, v z\u00e1vislosti na rychlosti schv\u00e1len\u00ed trval\u00e9ho pobytu a samotn\u00e9ho ob\u010danstv\u00ed.<\/strong><\/p>\n<p>Samoz\u0159ejm\u011b, \u017ee p\u0159ijet\u00edm ob\u010danstv\u00ed vznik\u00e1 pro mu\u017ee v Rusku registra\u010dn\u00ed povinnost na Vojensk\u00fdch \u00fa\u0159adech, a pokud by v\u00e1lka pokra\u010dovala i po 6 a\u017e 8 letech, asi by to bylo velk\u00e9 riziko. Ka\u017edop\u00e1dn\u011b samotn\u00fd dekret je \u00fapln\u011b jako z jin\u00e9ho sv\u011bta. Nejsou v n\u011bm ani podm\u00ednky na vzd\u011bl\u00e1n\u00ed osob, na p\u0159\u00edjmy, majetkov\u00fd stav, prost\u011b nic takov\u00e9ho. Je to doslova program \u201c<em>Migranti ze zem\u00ed KoZa, v\u00edtejte!<\/em>\u201d a p\u0159ipom\u00edn\u00e1 to opravdu evakua\u010dn\u00ed pl\u00e1n.<\/p>\n<h6><span style=\"font-size: 18pt;\">V Rusku v p\u0159\u00edpad\u011b v\u00e1lky s NATO vzniknou exilov\u00e9 vl\u00e1dy evropsk\u00fdch z\u00e1padn\u00edch st\u00e1t\u016f a nov\u00e9 elity ur\u010den\u00e9 pro pov\u00e1le\u010dn\u00fd reset v Evrop\u011b<\/span><\/h6>\n<p>Na\u0161i ru\u0161t\u00ed kolegov\u00e9 novin\u00e1\u0159i n\u00e1s v uplynul\u00fdch dnech sezn\u00e1mili s pozad\u00edm tohoto dekretu a doslova z toho jde mr\u00e1z po z\u00e1dech. O dekretu bylo v Kremlu pr\u00fd rozhodnuto n\u011bkolik dn\u00ed po \u00fatoku NATO a ukrajinsk\u00e9 arm\u00e1dy na Kurskou oblast. P\u0159esto\u017ee slib o zleh\u010den\u00ed migrace pro odp\u016frce z\u00e1padn\u00edch re\u017eim\u016f byl ozn\u00e1men ji\u017e p\u0159ed t\u00e9m\u011b\u0159 rokem, n\u011bco se za\u010dalo skute\u010dn\u011b d\u00edt a\u017e po invazi AFU a \u017eold\u00e1k\u016f NATO do Kursk\u00e9 oblasti. Tato nab\u00eddka na relokaci a emigraci z\u00e1padn\u00edch ob\u010dan\u016f do Ruska prob\u011bhla naposledy v letech 1938 a 1939, t\u011bsn\u011b p\u0159ed vypuknut\u00edm II. sv. v\u00e1lky.<\/p>\n<figure id=\"attachment_58964\" class=\"wp-caption aligncenter\" style=\"width: 702px;\"><a href=\"https:\/\/aeronet.news\/wp-content\/uploads\/PutinVictorySpeech2024.jpg\"><img decoding=\"async\" loading=\"lazy\" class=\"wp-image-58964 \" src=\"https:\/\/aeronet.news\/wp-content\/uploads\/PutinVictorySpeech2024-1024x576.jpg\" sizes=\"(max-width: 700px) 100vw, 700px\" srcset=\"https:\/\/aeronet.news\/wp-content\/uploads\/PutinVictorySpeech2024-1024x576.jpg 1024w, https:\/\/aeronet.news\/wp-content\/uploads\/PutinVictorySpeech2024-300x169.jpg 300w, https:\/\/aeronet.news\/wp-content\/uploads\/PutinVictorySpeech2024-768x432.jpg 768w, https:\/\/aeronet.news\/wp-content\/uploads\/PutinVictorySpeech2024-700x394.jpg 700w, https:\/\/aeronet.news\/wp-content\/uploads\/PutinVictorySpeech2024-635x357.jpg 635w, https:\/\/aeronet.news\/wp-content\/uploads\/PutinVictorySpeech2024-859x483.jpg 859w, https:\/\/aeronet.news\/wp-content\/uploads\/PutinVictorySpeech2024.jpg 1280w\" alt=\"\" width=\"702\" height=\"395\" \/><\/a><figcaption class=\"wp-caption-text\">Vladimir Putin, prezident Rusk\u00e9 federace<\/figcaption><\/figure>\n<p>Tehdy Josif Stalin na z\u00e1klad\u011b rovn\u011b\u017e dekretu za\u010dal z cel\u00e9 Evropy evakuovat a relokovat do SSSR tis\u00edce sympatizant\u016f se Sov\u011btsk\u00fdm svazem, proto\u017ee bylo jasn\u00e9, \u017ee se bl\u00ed\u017e\u00ed v\u00e1lka v Evrop\u011b v n\u011bjak\u00e9 podob\u011b a po skon\u010den\u00ed t\u00e9 v\u00e1lky bude Sov\u011btsk\u00fd svaz pot\u0159ebovat do \u010del a do veden\u00ed evropsk\u00fdch zem\u00ed dosadit sv\u00e9 lidi, tedy lidi s p\u0159\u00e1telsk\u00fdmi vazbami na SSSR. A p\u0159esn\u011b k tomu do\u0161lo.\u00a0<strong>Po skon\u010den\u00ed v\u00e1lky v roce 1945 byly k\u00e1dry evakuovan\u00e9 v letech 1938 a 1939 dosazeny do \u010del vl\u00e1d a silov\u00fdch rezort\u016f, m\u00e9di\u00ed, organizac\u00ed a syst\u00e9mov\u00e9 infrastruktury.<\/strong>\u00a0A te\u010f najednou v roce 2024 kr\u00e1tce po vp\u00e1du NATO do Kursk\u00e9 oblasti vyd\u00e1v\u00e1 rusk\u00fd prezident prakticky toto\u017en\u00fd dekret jako ten, kter\u00fd vydal Stalin v roce 1938.<\/p>\n<h6><span style=\"font-size: 18pt;\">Dekret p\u0159ipom\u00edn\u00e1 Noemovu archu pro zem\u011b kolektivn\u00edho Z\u00e1padu<\/span><\/h6>\n<p>Dekret je doslova jako z jin\u00e9ho sv\u011bta, proto\u017ee je koncipovan\u00fd jako masov\u00e1 evakuace v\u0161ech sympatizant\u016f s Ruskem, doslova jako Noemova archa t\u011bsn\u011b p\u0159ed potopou sv\u011bta. Kreml chce ur\u010dit\u011b vyu\u017e\u00edt z\u00e1padn\u00ed migraci, inteligenci, techniky, odborn\u00edky, ale hlavn\u011b politick\u00e9 a \u0159\u00edd\u00edc\u00ed k\u00e1dry, kter\u00e9 budou m\u00edt za \u00fakol vybudovat exilov\u00e9 veden\u00ed a exilov\u00e9 elity pro reset \u0159\u00edd\u00edc\u00edch proces\u016f po skon\u010den\u00ed v\u00e1lky mezi Ruskem a NATO. N\u00ed\u017ee jsem pro v\u00e1s p\u0159ipravil \u010desk\u00fd p\u0159epis dekretu:<\/p>\n<p><a href=\"https:\/\/aeronet.news\/wp-content\/uploads\/PutinDecree1.jpg\"><img decoding=\"async\" loading=\"lazy\" class=\"wp-image-60672 aligncenter\" src=\"https:\/\/aeronet.news\/wp-content\/uploads\/PutinDecree1.jpg\" sizes=\"(max-width: 700px) 100vw, 700px\" srcset=\"https:\/\/aeronet.news\/wp-content\/uploads\/PutinDecree1.jpg 700w, https:\/\/aeronet.news\/wp-content\/uploads\/PutinDecree1-247x300.jpg 247w, https:\/\/aeronet.news\/wp-content\/uploads\/PutinDecree1-294x357.jpg 294w, https:\/\/aeronet.news\/wp-content\/uploads\/PutinDecree1-397x483.jpg 397w\" alt=\"\" width=\"703\" height=\"855\" \/><\/a><\/p>\n<p><a href=\"https:\/\/aeronet.news\/wp-content\/uploads\/PutinDecree2.jpg\"><img decoding=\"async\" loading=\"lazy\" class=\"size-full wp-image-60671 aligncenter\" src=\"https:\/\/aeronet.news\/wp-content\/uploads\/PutinDecree2.jpg\" sizes=\"(max-width: 700px) 100vw, 700px\" srcset=\"https:\/\/aeronet.news\/wp-content\/uploads\/PutinDecree2.jpg 700w, https:\/\/aeronet.news\/wp-content\/uploads\/PutinDecree2-237x300.jpg 237w, https:\/\/aeronet.news\/wp-content\/uploads\/PutinDecree2-282x357.jpg 282w, https:\/\/aeronet.news\/wp-content\/uploads\/PutinDecree2-381x483.jpg 381w\" alt=\"\" width=\"700\" height=\"887\" \/><\/a><\/p>\n<p><a href=\"https:\/\/aeronet.news\/wp-content\/uploads\/PutinDecree3.jpg\"><img decoding=\"async\" loading=\"lazy\" class=\"size-full wp-image-60670 aligncenter\" src=\"https:\/\/aeronet.news\/wp-content\/uploads\/PutinDecree3.jpg\" sizes=\"(max-width: 700px) 100vw, 700px\" srcset=\"https:\/\/aeronet.news\/wp-content\/uploads\/PutinDecree3.jpg 700w, https:\/\/aeronet.news\/wp-content\/uploads\/PutinDecree3-300x169.jpg 300w, https:\/\/aeronet.news\/wp-content\/uploads\/PutinDecree3-634x357.jpg 634w\" alt=\"\" width=\"700\" height=\"394\" \/><\/a><\/p>\n<h6><span style=\"font-size: 18pt;\">Kde nejsou mno\u017estevn\u00ed limity a ani migra\u010dn\u00ed podm\u00ednky, tam nejde hovo\u0159it o migraci, ale v podstat\u011b jen o evakuaci!<\/span><\/h6>\n<p>Odm\u00edtnut\u00ed ud\u011blen\u00ed pobytu m\u016f\u017ee nastat podle z\u00e1kona v p\u0159\u00edpad\u011b, \u017ee by \u017eadatelem byl \u010dlov\u011bk s trestn\u00ed minulost\u00ed, pachatel terorismu, osoba v minulosti identifikovan\u00e1 jako nep\u0159\u00edtel Rusk\u00e9 federace nebo agent ciz\u00edch slu\u017eeb a rovn\u011b\u017e osoba trp\u00edc\u00ed naka\u017eliv\u00fdmi chorobami.<\/p>\n<p><strong>Ka\u017edop\u00e1dn\u011b rozsah migra\u010dn\u00edho dekretu je prakticky neomezen\u00fd, co\u017e jenom st\u011b\u017e\u00ed lze pova\u017eovat za humanit\u00e1rn\u00ed gesto, proto\u017ee tohle opravdu p\u016fsob\u00ed jako\u00a0<em>Noemova archa<\/em>\u00a0v pr\u00e1vn\u00edm pojet\u00ed<\/strong>, tedy evakua\u010dn\u00ed dekret pro klidn\u011b stovky tis\u00edc lid\u00ed ze z\u00e1padn\u00edch zem\u00ed. Nikde nen\u00ed ps\u00e1no, \u017ee jich bude tolik, ale t\u00edm, \u017ee dekret nedefinuje \u017e\u00e1dn\u00e9 limity a kv\u00f3ty, tak t\u00edm je jasn\u00e9, \u017ee se jedn\u00e1 o stejn\u00fd dekret, jak\u00fd podepsal Josif Stalin v roce 1938 na evakuaci tzv. prolet\u00e1\u0159\u016f z cel\u00e9 tehdej\u0161\u00ed Evropy.<\/p>\n<figure id=\"attachment_41609\" class=\"wp-caption aligncenter\" style=\"width: 703px;\"><a href=\"https:\/\/aeronet.news\/wp-content\/uploads\/StalinGottwald.png\"><img decoding=\"async\" loading=\"lazy\" class=\"wp-image-41609 \" src=\"https:\/\/aeronet.news\/wp-content\/uploads\/StalinGottwald-1024x693.png\" sizes=\"(max-width: 700px) 100vw, 700px\" srcset=\"https:\/\/aeronet.news\/wp-content\/uploads\/StalinGottwald-1024x693.png 1024w, https:\/\/aeronet.news\/wp-content\/uploads\/StalinGottwald-300x203.png 300w, https:\/\/aeronet.news\/wp-content\/uploads\/StalinGottwald-768x520.png 768w, https:\/\/aeronet.news\/wp-content\/uploads\/StalinGottwald-700x474.png 700w, https:\/\/aeronet.news\/wp-content\/uploads\/StalinGottwald-528x357.png 528w, https:\/\/aeronet.news\/wp-content\/uploads\/StalinGottwald-714x483.png 714w\" alt=\"\" width=\"703\" height=\"476\" \/><\/a><figcaption class=\"wp-caption-text\">Klement Gottwald jako \u0161\u00e9f exilov\u00e9 vl\u00e1dy \u010ceskoslovenska v SSSR spole\u010dn\u011b s Josifem Stalinem<\/figcaption><\/figure>\n<p>Podle informac\u00ed Rusk\u00e9 akademie v\u011bd bylo v letech 1938 a\u017e 1939 do Sov\u011btsk\u00e9ho svazu evakuov\u00e1no na \u010dtvrt milionu osob z cel\u00e9 Evropy.\u00a0<strong>Ani tehdy nem\u011bl dekret naprosto \u017e\u00e1dn\u00e9 stanoven\u00e9 mno\u017estevn\u00ed limity.<\/strong>\u00a0Proto na\u0161i kolegov\u00e9 ru\u0161t\u00ed novin\u00e1\u0159i jsou z dekretu opravdu vyd\u011b\u0161en\u00ed, proto\u017ee by to znamenalo, \u017ee Kreml se chyst\u00e1 doopravdy a bez legrace na vypuknut\u00ed III. sv. v\u00e1lky a na konflikt s NATO. Dovedu si p\u0159edstavit, \u017ee tato nab\u00eddka Ruska opravdu m\u016f\u017ee oslovit nejen star\u0161\u00ed, ale i mlad\u00e9 lidi. V Rusku se lid\u00e9 jazyk nau\u010d\u00ed, to je to nejmen\u0161\u00ed.<\/p>\n<h6><span style=\"font-size: 18pt;\">Znovu se opakuje evakuace sympatizant\u016f s Ruskem jako v letech 1938 a 1939!<\/span><\/h6>\n<p>Co je ale opravdu d\u011bsiv\u00e9, to je ta \u010dasov\u00e1 souhra. Pr\u00e1v\u011b ve chv\u00edli, kdy Fial\u016fv gener\u00e1ln\u00ed cenzor naz\u00fdv\u00e1 prakticky p\u016fl milion\u016f \u010cech\u016f svin\u011bmi a dokonce je p\u0159irovn\u00e1v\u00e1 k pedofil\u016fm, kter\u00e9 je pot\u0159eba izolovat a nemluvit s nimi, a ve chv\u00edli, kdy Evropsk\u00e1 unie chyst\u00e1 drakonickou cenzuru svobody slova. A rovn\u011b\u017e v okam\u017eiku, kdy Ursula von der Leyen jako nejv\u011bt\u0161\u00ed v\u00e1le\u010dn\u00e1 \u0161tv\u00e1\u010dka byla na dal\u0161\u00edch 5 let zvolena \u0161\u00e9fkou Evropsk\u00e9 komise, tak p\u0159esn\u011b v t\u00e9to chv\u00edli p\u0159ich\u00e1z\u00ed nab\u00eddka na nejv\u011bt\u0161\u00ed migra\u010dn\u00ed exodus z Evropy a rovn\u011b\u017e ze zem\u00ed skupiny G7 v historii do novodob\u00e9ho Ruska. A pokud jde o petici\u00a0<strong>[<a href=\"https:\/\/href.li\/?https:\/\/www.petice.com\/a\/443662\" target=\"_blank\" rel=\"nofollow noopener\">2<\/a>]<\/strong>\u00a0na podporu Otakara Folt\u00fdna, tak premi\u00e9r Fiala se u\u017e p\u0159edvedl a organiz\u00e1torovi petice odepsal.<\/p>\n<p><a href=\"https:\/\/aeronet.news\/wp-content\/uploads\/FialaBednarPetice.jpg\"><img decoding=\"async\" loading=\"lazy\" class=\"size-full wp-image-60673 aligncenter\" src=\"https:\/\/aeronet.news\/wp-content\/uploads\/FialaBednarPetice.jpg\" sizes=\"(max-width: 700px) 100vw, 700px\" srcset=\"https:\/\/aeronet.news\/wp-content\/uploads\/FialaBednarPetice.jpg 700w, https:\/\/aeronet.news\/wp-content\/uploads\/FialaBednarPetice-206x300.jpg 206w, https:\/\/aeronet.news\/wp-content\/uploads\/FialaBednarPetice-245x357.jpg 245w, https:\/\/aeronet.news\/wp-content\/uploads\/FialaBednarPetice-331x483.jpg 331w\" alt=\"\" width=\"700\" height=\"1021\" \/><\/a><\/p>\n<p>Historie se opakuje a spolu s n\u00ed i krizov\u00e9 procesy \u0159\u00edzen\u00ed, kter\u00e9 p\u0159edch\u00e1zely vypuknut\u00ed II. sv. v\u00e1lky v roce 1939. Nacifikace a fa\u0161izace Evropy, uml\u010dov\u00e1n\u00ed svobody slova, d\u011blen\u00ed ob\u010dan\u016f na ty dobr\u00e9, a na ty, co jsou \u017did\u00e9, svin\u011b, nebo prost\u011b jen nepohodln\u00ed. U\u017e znovu jsou n\u011bmeck\u00e9 tanky u Kurska. U\u017e znovu nahn\u011bdl\u00e1 Evropa t\u00e1hne na Rusko. U\u017e znovu politici v Evrop\u011b cht\u011bj\u00ed v\u00e1lku. Tohle v\u0161echno se u\u017e znovu d\u011bje.<\/p>\n<p>A dekret o relokaci ten obraz opakov\u00e1n\u00ed historie jen drsn\u011b dokresluje. A stejn\u011b jako po roce 1939 a zejm\u00e9na v dob\u011b Velk\u00e9 vlasteneck\u00e9 v\u00e1lky, tak i nyn\u00ed Rusko z\u0159ejm\u011b po\u010d\u00edt\u00e1 s t\u00edm, \u017ee \u010d\u00e1st relokovan\u00fdch migrant\u016f ze Z\u00e1padu vstoup\u00ed po vypuknut\u00ed v\u00e1lky s NATO do \u0159ad Rusk\u00e9 arm\u00e1dy v ta\u017een\u00ed na Z\u00e1pad, anebo vytvo\u0159\u00ed samostatn\u00e9 arm\u00e1dn\u00ed sbory.\u00a0<strong>Proto\u017ee nejen elity a exilov\u00e9 vl\u00e1dy se formovaly po roce 1939 v SSSR, ale rovn\u011b\u017e i samostatn\u00e9 arm\u00e1dn\u00ed sbory jednotliv\u00fdch n\u00e1rod\u016f Evropy.<\/strong><\/p>\n<p><a href=\"https:\/\/aeronet.news\/snadna-emigrace-do-ruska-a-relokacni-politika-pro-cele-rodiny-nejen-z-cr-jiz-od-1-zari-a-pevne-stanoveny-postup-k-ziskani-obcanstvi-ruske-federace-dekret-prezidenta-putina-prichazi-v-dobe\/\">-VK-<\/a><\/p>\n<p>&nbsp;<\/p>\n","protected":false},"excerpt":{"rendered":"<p>Snadn\u00e1 emigrace do Ruska a reloka\u010dn\u00ed politika pro cel\u00e9 rodiny nejen z \u010cR ji\u017e od&#8230;<\/p>\n","protected":false},"author":2,"featured_media":60311,"comment_status":"closed","ping_status":"closed","sticky":false,"template":"","format":"standard","meta":[],"categories":[6],"tags":[2018,2030,102,22],"_links":{"self":[{"href":"https:\/\/www.infokuryr.cz\/n\/wp-json\/wp\/v2\/posts\/60641"}],"collection":[{"href":"https:\/\/www.infokuryr.cz\/n\/wp-json\/wp\/v2\/posts"}],"about":[{"href":"https:\/\/www.infokuryr.cz\/n\/wp-json\/wp\/v2\/types\/post"}],"author":[{"embeddable":true,"href":"https:\/\/www.infokuryr.cz\/n\/wp-json\/wp\/v2\/users\/2"}],"replies":[{"embeddable":true,"href":"https:\/\/www.infokuryr.cz\/n\/wp-json\/wp\/v2\/comments?post=60641"}],"version-history":[{"count":1,"href":"https:\/\/www.infokuryr.cz\/n\/wp-json\/wp\/v2\/posts\/60641\/revisions"}],"predecessor-version":[{"id":60642,"href":"https:\/\/www.infokuryr.cz\/n\/wp-json\/wp\/v2\/posts\/60641\/revisions\/60642"}],"wp:featuredmedia":[{"embeddable":true,"href":"https:\/\/www.infokuryr.cz\/n\/wp-json\/wp\/v2\/media\/60311"}],"wp:attachment":[{"href":"https:\/\/www.infokuryr.cz\/n\/wp-json\/wp\/v2\/media?parent=60641"}],"wp:term":[{"taxonomy":"category","embeddable":true,"href":"https:\/\/www.infokuryr.cz\/n\/wp-json\/wp\/v2\/categories?post=60641"},{"taxonomy":"post_tag","embeddable":true,"href":"https:\/\/www.infokuryr.cz\/n\/wp-json\/wp\/v2\/tags?post=60641"}],"curies":[{"name":"wp","href":"https:\/\/api.w.org\/{rel}","templated":true}]}}