{"id":60592,"date":"2024-08-23T05:21:20","date_gmt":"2024-08-23T03:21:20","guid":{"rendered":"https:\/\/www.infokuryr.cz\/n\/?p=60592"},"modified":"2024-08-23T06:02:38","modified_gmt":"2024-08-23T04:02:38","slug":"michael-svatos-ukrajinskym-prehradam-a-mostum-na-dnepru-mozna-tikaji-posledni-hodiny","status":"publish","type":"post","link":"https:\/\/www.infokuryr.cz\/n\/2024\/08\/23\/michael-svatos-ukrajinskym-prehradam-a-mostum-na-dnepru-mozna-tikaji-posledni-hodiny\/","title":{"rendered":"Michael Svato\u0161: Ukrajinsk\u00fdm p\u0159ehrad\u00e1m a most\u016fm na Dn\u011bpru mo\u017en\u00e1 tikaj\u00ed posledn\u00ed hodiny&#8230;"},"content":{"rendered":"<div id=\"fb-root\"><\/div>\n<p><span style=\"font-size: 18pt;\"><strong>Ukrajinsk\u00fdm p\u0159ehrad\u00e1m a most\u016fm na Dn\u011bpru mo\u017en\u00e1 tikaj\u00ed posledn\u00ed hodiny. Velk\u00fd rusk\u00fd raketov\u00fd \u00fatok se bl\u00ed\u017e\u00ed, varovali Ameri\u010dan\u00e9 Kyjev.<\/strong><\/span><\/p>\n<h3><span style=\"color: #993366;\">1) Nejd\u0159\u00edve dopln\u011bn\u00ed k minul\u00e9 anal\u00fdze.\u00a0<\/span><\/h3>\n<p>Ukrajinsk\u00e1 vojska v\u010dera\u00a0<a href=\"https:\/\/t.me\/rybar\/62980\">\u00fasp\u011b\u0161n\u011b prorazila ruskou obranu<\/a>\u00a0na neju\u017e\u0161\u00edm m\u00edst\u011b pozemn\u00edho mostu, kter\u00fd se t\u00e1hne pod\u00e9l lev\u00e9ho b\u0159ehu \u0159eky Sejm a umo\u017e\u0148uje Rus\u016fm z\u00e1sobovat sv\u00e1 vojska na jej\u00edm ji\u017en\u00edm b\u0159ehu, bez ohledu na zni\u010den\u00e9 mosty. Ukrajinci se probili a\u017e k usedlosti\u00a0<a href=\"https:\/\/ru.wikipedia.org\/wiki\/%D0%9A%D0%BE%D0%BC%D0%B0%D1%80%D0%BE%D0%B2%D0%BA%D0%B0_(%D0%9A%D0%BE%D1%80%D0%B5%D0%BD%D0%B5%D0%B2%D1%81%D0%BA%D0%B8%D0%B9_%D1%80%D0%B0%D0%B9%D0%BE%D0%BD)#\/maplink\/0\">\u041a\u043e\u043c\u0430\u0440\u043e\u0432\u043aa<\/a>, (500 obyvatel), kter\u00e1 je posledn\u00ed p\u0159ek\u00e1\u017ekou p\u0159ed \u0159ekou Sejm. K \u0159ece zb\u00fdvaj\u00ed 2-4 km.\u00a0 Podle zu\u0159ivosti v\u010derej\u0161\u00edch \u00fatok\u016f sm\u011brem k \u0159ece se zd\u00e1, \u017ee gener\u00e1l Syrskyj p\u0159ikl\u00e1d\u00e1 p\u0159eru\u0161en\u00ed tohoto pozemn\u00edho z\u00e1sobovac\u00edho koridoru u \u041a\u043e\u043c\u0430\u0440\u043e\u0432\u043a<span class=\"mw-page-title-main\">\u0438\u00a0<\/span>velk\u00fd v\u00fdznam pro celkov\u00fd \u00fasp\u011bch sv\u00e9 kursk\u00e9 ofenz\u00edvy. (Na v\u010derej\u0161\u00ed map\u011b n\u00ed\u017ee: \u041a\u043e\u043c\u0430\u0440\u043e\u0432\u043aa ve \u017elut\u00fdch ov\u00e1lech, zni\u010den\u00e9 mosty v \u010dern\u00e9m.)<\/p>\n<p><img decoding=\"async\" loading=\"lazy\" class=\"wp-image-12656 aligncenter\" src=\"https:\/\/www.michalapetr.com\/wp-content\/uploads\/2024\/08\/photo_2024-08-22_21-35-13.png\" sizes=\"(max-width: 2560px) 100vw, 2560px\" srcset=\"https:\/\/www.michalapetr.com\/wp-content\/uploads\/2024\/08\/photo_2024-08-22_21-35-13.png 2560w, https:\/\/www.michalapetr.com\/wp-content\/uploads\/2024\/08\/photo_2024-08-22_21-35-13-300x213.png 300w, https:\/\/www.michalapetr.com\/wp-content\/uploads\/2024\/08\/photo_2024-08-22_21-35-13-1030x731.png 1030w, https:\/\/www.michalapetr.com\/wp-content\/uploads\/2024\/08\/photo_2024-08-22_21-35-13-768x545.png 768w, https:\/\/www.michalapetr.com\/wp-content\/uploads\/2024\/08\/photo_2024-08-22_21-35-13-1536x1091.png 1536w, https:\/\/www.michalapetr.com\/wp-content\/uploads\/2024\/08\/photo_2024-08-22_21-35-13-2048x1454.png 2048w, https:\/\/www.michalapetr.com\/wp-content\/uploads\/2024\/08\/photo_2024-08-22_21-35-13-1500x1065.png 1500w, https:\/\/www.michalapetr.com\/wp-content\/uploads\/2024\/08\/photo_2024-08-22_21-35-13-260x185.png 260w, https:\/\/www.michalapetr.com\/wp-content\/uploads\/2024\/08\/photo_2024-08-22_21-35-13-705x501.png 705w, https:\/\/www.michalapetr.com\/wp-content\/uploads\/2024\/08\/photo_2024-08-22_21-35-13-450x320.png 450w\" alt=\"\" width=\"909\" height=\"645\" \/><\/p>\n<p>Rusk\u00e9 z\u00e1sobov\u00e1n\u00ed p\u0159es \u0159eku Sejm v\u0161ak podle posledn\u00edch zji\u0161t\u011bn\u00ed nen\u00ed p\u0159eru\u0161eno, nebo\u0165\u00a0<a href=\"https:\/\/www.pucara.org\/post\/guerra-de-ucrania-d%C3%ADa-911\">nejnov\u011bj\u0161\u00ed satelitn\u00ed sn\u00edmky uk\u00e1zaly<\/a>, \u017ee d\u016fle\u017eit\u00fd most u vesnice\u00a0<a href=\"https:\/\/ru.wikipedia.org\/wiki\/%D0%9A%D0%B0%D1%80%D1%8B%D0%B6\">\u041a\u0430\u0440\u044b\u0436<\/a>\u00a0(500 obyvatel) nebyl zni\u010den, ale jen lehce po\u0161kozen na jedn\u00e9 stran\u011b vozovky. Na map\u011b naho\u0159e je most prvn\u00ed sm\u011brem od Ukrajiny do Ruska.<\/p>\n<p><img decoding=\"async\" loading=\"lazy\" class=\"wp-image-12657 aligncenter\" src=\"https:\/\/www.michalapetr.com\/wp-content\/uploads\/2024\/08\/faeb1f_2f2acac010934204a009d77839f3f72fmv2.jpg\" sizes=\"(max-width: 1772px) 100vw, 1772px\" srcset=\"https:\/\/www.michalapetr.com\/wp-content\/uploads\/2024\/08\/faeb1f_2f2acac010934204a009d77839f3f72fmv2.jpg 1772w, https:\/\/www.michalapetr.com\/wp-content\/uploads\/2024\/08\/faeb1f_2f2acac010934204a009d77839f3f72fmv2-300x153.jpg 300w, https:\/\/www.michalapetr.com\/wp-content\/uploads\/2024\/08\/faeb1f_2f2acac010934204a009d77839f3f72fmv2-1030x527.jpg 1030w, https:\/\/www.michalapetr.com\/wp-content\/uploads\/2024\/08\/faeb1f_2f2acac010934204a009d77839f3f72fmv2-768x393.jpg 768w, https:\/\/www.michalapetr.com\/wp-content\/uploads\/2024\/08\/faeb1f_2f2acac010934204a009d77839f3f72fmv2-1536x785.jpg 1536w, https:\/\/www.michalapetr.com\/wp-content\/uploads\/2024\/08\/faeb1f_2f2acac010934204a009d77839f3f72fmv2-1500x767.jpg 1500w, https:\/\/www.michalapetr.com\/wp-content\/uploads\/2024\/08\/faeb1f_2f2acac010934204a009d77839f3f72fmv2-705x360.jpg 705w, https:\/\/www.michalapetr.com\/wp-content\/uploads\/2024\/08\/faeb1f_2f2acac010934204a009d77839f3f72fmv2-450x230.jpg 450w\" alt=\"\" width=\"919\" height=\"470\" \/><\/p>\n<p>Ukrajinsk\u00e1 arm\u00e1da za zni\u010den\u00ed dvou most\u016f a po\u0161kozen\u00ed jednoho,\u00a0<a href=\"https:\/\/www.michalapetr.com\/map-2072-general-lapin-opet-rozdilem-tridy-skoli-generala-syrskeho-zapadni-media-siri-pomatene-zpravy-o-obkliceni-nekolika-tisic-rusu-na-kurskem-bojisti-realita-jim-vsak-unika\/\">kter\u00e9 nejsou d\u016fle\u017eit\u00e9<\/a>,\u00a0draze zaplatila. P\u0159i leteck\u00e9m \u00fatoku ztratila jeden ze sv\u00fdch posledn\u00edch letoun\u016f SU-27 schopn\u00fdch nosit britsk\u00e9 st\u0159ely\u00a0<a href=\"https:\/\/en.wikipedia.org\/wiki\/Storm_Shadow\">Storm Shadow<\/a>,\u00a0a americk\u00e9 klouzav\u00e9 bomby\u00a0<a href=\"https:\/\/www.armadninoviny.cz\/puma-jdam-er-s-prodlouzenym-doletem.html\">JDAM-ER.<\/a>\u00a0Letadlo<a href=\"https:\/\/militarywatchmagazine.com\/article\/bukm3-frontline-air-defence-su27-kursk\">\u00a0SU-27 bylo sest\u0159eleno p\u0159i n\u00e1letu na mosty 21. srpna ve\u010der ruskou 5. protiletadlovou brig\u00e1dou<\/a>. Rusov\u00e9 SU-27 sest\u0159elily posledn\u00ed verz\u00ed sv\u00e9ho mobiln\u00edho raketov\u00e9ho syst\u00e9mu BuK-M3. Dosah syst\u00e9mu je 70km, a z rusk\u00e9 taktiky je zn\u00e1m\u00e9, \u017ee syst\u00e9my BuK jsou pou\u017e\u00edv\u00e1ny jako mobiln\u00ed protivzdu\u0161n\u00e9 kryt\u00ed mechanizovan\u00fdch vojsk. Gener\u00e1l Lapin v posledn\u00edch dnech p\u0159isunul na kursk\u00e9 boji\u0161t\u011b nejen 5. protiletadlovou brig\u00e1du,\u00a0<a href=\"https:\/\/www.pucara.org\/post\/guerra-de-ucrania-d%C3%ADa-911\">ale i 155. protiletadlovou brig\u00e1du.<\/a>\u00a0P\u0159\u00edsun zna\u010dn\u00fdch rusk\u00fdch mobiln\u00edch protivzdu\u0161n\u00fdch sil nejen zna\u010dn\u011b zt\u00ed\u017e\u00ed dal\u0161\u00ed n\u00e1lety ukrajinsk\u00fdch letadel, ale podle rusk\u00fdch opera\u010dn\u011b-taktick\u00fdch postup\u016f, je p\u0159edzv\u011bst\u00ed p\u0159\u00edchodu na boji\u0161t\u011b v\u011bt\u0161\u00edch mechanizovan\u00fdch sil, kter\u00e9 ob\u011b mobiln\u00ed brig\u00e1dy PVO obvykle kryj\u00ed p\u0159ed vzdu\u0161n\u00fdmi \u00fadery. Syst\u00e9m BuK M-3 na fotce n\u00ed\u017ee.<\/p>\n<p><img decoding=\"async\" loading=\"lazy\" class=\"wp-image-12659 aligncenter\" src=\"https:\/\/www.michalapetr.com\/wp-content\/uploads\/2024\/08\/article_66c6a717c406d6_98063726.jpg\" sizes=\"(max-width: 776px) 100vw, 776px\" srcset=\"https:\/\/www.michalapetr.com\/wp-content\/uploads\/2024\/08\/article_66c6a717c406d6_98063726.jpg 776w, https:\/\/www.michalapetr.com\/wp-content\/uploads\/2024\/08\/article_66c6a717c406d6_98063726-300x162.jpg 300w, https:\/\/www.michalapetr.com\/wp-content\/uploads\/2024\/08\/article_66c6a717c406d6_98063726-768x416.jpg 768w, https:\/\/www.michalapetr.com\/wp-content\/uploads\/2024\/08\/article_66c6a717c406d6_98063726-705x382.jpg 705w, https:\/\/www.michalapetr.com\/wp-content\/uploads\/2024\/08\/article_66c6a717c406d6_98063726-450x244.jpg 450w\" alt=\"\" width=\"765\" height=\"414\" \/><\/p>\n<p>Stejn\u011b vysokou cenu za kurskou invazi zaplatila i ukrajinsk\u00e1 tankov\u00e1 vojska. Ukrajina letos brzy na ja\u0159e st\u00e1hla z boj\u016f proti rusk\u00e9 opera\u010dn\u00ed skupin\u011b St\u0159ed gener\u00e1le Mordvi\u010deva v\u0161echny US tanky M1 Abrams, proto\u017ee je Rusov\u00e9 velmi snadno ni\u010dili, a ve sv\u00fdch oprav\u00e1rensk\u00fdch z\u00e1vodech, zimn\u00ed boje u Berdi\u010deva p\u0159e\u017eiv\u0161\u00ed tanky M1 Abrams, doplnila dodate\u010dn\u00fdm panc\u00e9\u0159ov\u00e1n\u00ed Kontakt-1. V\u010dera byl ov\u0161em tento dodate\u010dn\u011b opanc\u00e9\u0159ovan\u00fd tank M-1 Abrams\u00a0<a href=\"https:\/\/militarywatchmagazine.com\/article\/footage-uparmoured-ukrainian-abrams\">zni\u010den rusk\u00fdmi n\u00e1mo\u0159n\u00edmi p\u011b\u0161\u00e1ky<\/a>\u00a0pomoc\u00ed st\u0159ely\u00a0<a href=\"https:\/\/cs.wikipedia.org\/wiki\/9K135_Kornet\">9K135 Kornet<\/a>. (Fotky zde.) Jde o prvn\u00ed zadokumentovan\u00e9 zni\u010den\u00ed tanku M-1 Abrams p\u0159enosnou protitankovou st\u0159elou. P\u0159edchoz\u00ed M1 Abrams byly zni\u010deny st\u0159elami z bitevn\u00edch vrtuln\u00edk\u016f, p\u0159esn\u00fdmi nav\u00e1d\u011bn\u00fdmi gran\u00e1ty\u00a0<a href=\"https:\/\/en.wikipedia.org\/wiki\/Krasnopol_(weapon_system)\">Krasnopol<\/a>\u00a0z d\u011bl r\u00e1\u017ee 152 mm, drony, a\u00a0<a href=\"https:\/\/militarywatchmagazine.com\/article\/dissatisfied-abrams-losses-technical-issues\">p\u0159i st\u0159etech s podce\u0148ovan\u00fdmi rusk\u00fdmi tanky T-72<\/a>.<\/p>\n<p>USA dodaly Ukrajin\u011b celkem 31 tank\u016f M1 Abrams, a z nich u\u017e bylo jen za posledn\u00edch 6 m\u011bs\u00edc\u016f zni\u010deno 20. USA se pr\u00fd u\u017e zdr\u00e1haj\u00ed Kyjevu dal\u0161\u00ed M1 Abrams dod\u00e1vat.\u00a0<a href=\"https:\/\/militarywatchmagazine.com\/article\/footage-uparmoured-ukrainian-abrams\">Spekuluje se sice o tlaku US pr\u016fmyslu<\/a>, nepo\u0161kodit slu\u0161n\u00e9 jm\u00e9no tanku, kter\u00e9 je d\u016fle\u017eit\u00e9 pro export. Zd\u00e1 se v\u0161ak, \u017ee vzhledem k drastick\u00e9mu propadu n\u00e1boru nov\u00fdch US \u017eoldn\u00e9\u0159\u016f do arm\u00e1dy, se Pentagon v\u00edce ob\u00e1v\u00e1 odrazen\u00ed chuti potenci\u00e1ln\u00edch tankist\u016f nechat se najmout za p\u00e1r dolar\u016f, aby slou\u017eili jako pos\u00e1dka poj\u00edzdn\u00e9 rakve, kter\u00e1 na modern\u00edm boji\u0161ti nem\u00e1 tak\u0159ka \u017e\u00e1dnou \u0161anci na p\u0159e\u017eit\u00ed, jak uk\u00e1zalo nasazen\u00ed M1 Abrams Ukrajinou.<\/p>\n<p>Obdobn\u011b podle odborn\u00fdch anal\u00fdz Putinov\u00fdch nep\u0159\u00e1tel dopadly u Kursku i britsk\u00e9 tanky\u00a0<a href=\"https:\/\/en.wikipedia.org\/wiki\/Challenger_2\">Challenger 2<\/a>, a n\u011bmeck\u00e9 Leopard 2. Tanky Challenger 2, kter\u00fdmi se Britov\u00e9 je\u0161t\u011b do ned\u00e1vna chlubili, \u017ee jsou nezni\u010diteln\u00e9, a historie jejich nasazen\u00ed jim zat\u00edm d\u00e1vala za pravdu, u Kursku tot\u00e1ln\u011b vyho\u0159ely, a po rusk\u00fdch z\u00e1saz\u00edch se v obrovsk\u00fdch exploz\u00edch rozl\u00e9taly na tis\u00edce kousk\u016f. Z II. sv\u011btov\u00e9 v\u00e1lky je zn\u00e1mo, \u017ee US voj\u00e1ci odm\u00edtali bojovat v opraven\u00fdch tanc\u00edch\u00a0<a href=\"https:\/\/cs.wikipedia.org\/wiki\/M4_Sherman\">M4 -Sherman<\/a>, kdy\u017e v nich jejich p\u0159edchoz\u00ed os\u00e1dka padla nebo utrp\u011bla zran\u011bn\u00ed. US voj\u00e1ci pova\u017eovali tyto u\u017e jednou zasa\u017een\u00e9 tanky za p\u0159in\u00e1\u0161ej\u00edc\u00ed ne\u0161t\u011bst\u00ed. Sov\u011bti, N\u011bmci i Britov\u00e9 tyto probl\u00e9my nem\u011bli. Ameri\u010dan\u00e9 maj\u00ed zkr\u00e1tka sv\u00e9 lib\u016fstky, a Pentagon si mus\u00ed d\u00e1vat bedliv\u00fd dobr\u00fd pozor, aby jeho n\u011bjak\u00e1 zbra\u0148 nez\u00edskala \u0161patnou pov\u011bst. Proto\u017ee pak k jej\u00ed obsluze t\u011b\u017eko se\u017eene nedostatkov\u00e9 profesion\u00e1ln\u00ed voj\u00e1ky.<\/p>\n<h3><span style=\"color: #993366;\">(2) Putin chyst\u00e1 v nejbli\u017e\u0161\u00edch velk\u00fd raketov\u00fd \u00fader na civiln\u00ed infrastrukturu zejm\u00e9na v Kyjev\u011b, varovaly USA.\u00a0<\/span><\/h3>\n<p>Posledn\u00ed velk\u00fd raketov\u00fd \u00fader proti Ukrajin\u011b\u00a0<a href=\"https:\/\/www.unian.net\/war\/rosiya-gotuye-obstril-ukrajini-ekspet-dav-poradi-12735450.html\">provedla Gosudarova vojska 8. \u010dervence,<\/a>\u00a0a od t\u00e9 doby \u00fato\u010dila na nep\u0159\u00e1telskou infrastrukturu v hloubce Ukrajiny tak\u0159ka v\u00fdhradn\u011b drony. Z minul\u00fdch \u00fader\u016f je zn\u00e1mo, \u017ee Rusov\u00e9 v\u017edy m\u011bs\u00edc \u0161et\u0159\u00ed rakety, aby potom provedli masivn\u00ed \u00fader. Letn\u00ed tak\u0159ka dvou m\u011bs\u00ed\u010dn\u00ed pauza je v\u0161ak podstatn\u011b del\u0161\u00ed ne\u017e obvykle. Pokud nejsou na vin\u011b n\u011bjak\u00e9 v\u00fdrobn\u00ed probl\u00e9my, m\u00e1 Putin p\u0159ipraveno dvojn\u00e1sobn\u00e9 mno\u017estv\u00ed raket.\u00a0<a href=\"https:\/\/ua.usembassy.gov\/security-alert-message-for-u-s-citizens-ukraine\/\">Ambas\u00e1da USA<\/a>\u00a0v Kyjev\u011b i\u00a0<a href=\"https:\/\/www.unian.net\/war\/rosiya-gotuye-obstril-ukrajini-ekspet-dav-poradi-12735450.html\">ukrajinsk\u00e1<\/a>\u00a0a\u00a0<a href=\"https:\/\/topwar.ru\/248696-na-ukraine-ozhidajut-massirovannyh-raketnyh-udarov-rf-v-den-nezavisimosti-strany.html\">rusk\u00e1<\/a>\u00a0m\u00e9dia v\u010dera a p\u0159edev\u010d\u00edrem varovala, \u017ee se chyst\u00e1 n\u011bco v\u011bt\u0161\u00edho.<\/p>\n<p>Ukrajinci i USA varovali, \u017ee Putin raketami ude\u0159\u00ed ve dnech 23 a 24 srpna u p\u0159\u00edle\u017eitosti st\u00e1tn\u00edho sv\u00e1tku Ukrajiny. Ukrajinci, aby Putina pr\u00fd k tomuto \u00fatoku vyprovokovali, za\u00fato\u010dili v\u010dera sv\u00fdmi drony na Moskvu. V Moskv\u011b toti\u017e\u00a0<a href=\"https:\/\/edition.cnn.com\/2024\/08\/21\/europe\/china-li-qiang-russia-belarus-trip-intl-hnk\/index.html\">jednal p\u0159edseda \u010d\u00ednsk\u00e9 vl\u00e1dy Li Qiang s Vladim\u00edrem Putinem<\/a>\u00a0a proniknut\u00ed ukrajinsk\u00fdch dron\u016f nad Moskvu v dob\u011b, kdy v n\u00ed byl na n\u00e1v\u0161t\u011bv\u011b form\u00e1ln\u011b 2. mu\u017e \u010c\u00edny,\u00a0<a href=\"https:\/\/topwar.ru\/248700-voenkor-udarami-bespilotnikov-po-moskve-ukraina-rasschityvaet-possorit-rf-s-kitaem.html\">bylo vysv\u011btlov\u00e1no<\/a>\u00a0jako dal\u0161\u00ed projev rusk\u00e9 slabosti, podobn\u011b jako vp\u00e1d ozbrojen\u00fdch Ukrajinc\u016f do Kursk\u00e9 gubernie.<\/p>\n<p>Rusov\u00e9 ur\u010dit\u011b neza\u00fato\u010d\u00ed na Ukrajinu dnes, proto\u017ee\u00a0<a href=\"https:\/\/www.bbc.com\/news\/articles\/cx2e9zrywq9o\">v Kyjev\u011b bude jednat Putin\u016fv spojenec Nar\u00e9ndra M\u00f3d\u00ed<\/a>, a Rusov\u00e9 nepot\u0159ebuj\u00ed sv\u011btu dokazovat, \u017ee Zelenskyj nedok\u00e1\u017ee ubr\u00e1nit Kyjev v dob\u011b, kdy je v n\u011bm na n\u00e1v\u0161t\u011bv\u011b 1. mu\u017e Indie. Ru\u0161t\u00ed nacionalist\u00e9 sice v\u010dera v souvislosti s n\u00e1v\u0161t\u011bvou M\u00f3d\u00edho u Zelensk\u00e9ho\u00a0<a href=\"https:\/\/topcor.ru\/50782-fp-poezdka-modi-v-kiev-signaliziruet-o-tektonicheskom-sdvige-v-indii.html\">op\u011bt blekotali sv\u00e9 pravideln\u00e9 nesmysly o zrad\u011b Indie<\/a>, tak jako blekotaj\u00ed o zrad\u011b \u010c\u00edny, a zrad\u011b Putina, ale ten sam\u00fd den sv\u011btov\u00e9 agenturn\u00ed tlampa\u010de\u00a0 vytroubily, \u017ee <a href=\"https:\/\/www.themoscowtimes.com\/2024\/08\/22\/india-overtakes-china-as-russias-top-oil-importer-in-july-reuters-a86109\">Indie letos svrhla \u010c\u00ednu z prvn\u00edho m\u00edsta nejv\u011bt\u0161\u00edho n\u00e1kup\u010d\u00edho rusk\u00e9 ropy<\/a>. Indie nakupuje rusk\u00e9 zbran\u011b jako o \u017eivot a USA si d\u00e1vaj\u00ed velk\u00fd pozor, aby Z\u00e1pad sankcemi tyto obchody neohrozil. Ve slo\u017eit\u00e9m p\u0159edivu vztah\u016f mezi \u010c\u00ednou, Ruskem, USA, Brit\u00e1ni\u00ed a EU m\u00e1 Indie v\u00fdsadn\u00ed postaven\u00ed, a Washington ji nechce zahnat do opa\u010dn\u00e9ho t\u00e1bora.\u00a0 Prvn\u00ed term\u00edn rusk\u00e9ho \u00fatoku je tak, a\u017e M\u00f3d\u00ed odlet\u00ed.<\/p>\n<p>Co v\u0161ak je d\u016fle\u017eit\u011bj\u0161\u00ed, je kam rusk\u00e9 rakety dopadnou tentokr\u00e1t. Pokud Washington neblekotal nesmysly a Putin opravdu ude\u0159\u00ed. Je ot\u00e1zka, kam? Ukrajinsk\u00e9 elektr\u00e1rny, tepl\u00e1rny a rafinerie jsou zni\u010deny, a rusk\u00e1 spole\u010dnost o\u010dek\u00e1v\u00e1 pomstu za invazi do Kursku. \u0158ada z V\u00e1s mi p\u00ed\u0161e maily, pro\u010d je\u0161t\u011b Putin nezni\u010dil mosty p\u0159es Dn\u011bpr. A stejn\u00e9 ot\u00e1zky kladou i ru\u0161t\u00ed bloge\u0159i. Odpov\u011b\u010f nen\u00ed jednoduch\u00e1. Zni\u010dit mosty p\u0159es Dn\u011bpr, znamen\u00e1 tak\u00e9 nutnost zni\u010dit p\u0159ehradn\u00ed n\u00e1dr\u017ee na Dn\u011bpru. Proto\u017ee po nich vedou komunikace. To ov\u0161em povoluj\u00ed mezin\u00e1rodn\u00ed v\u00e1le\u010dn\u00e1 pravidla pouze v p\u0159\u00edpad\u011b, kdy\u017e hr\u00e1ze slou\u017e\u00ed k p\u0159\u00edm\u00e9 logistick\u00e9 podpo\u0159e bojov\u00e9 \u010dinnosti nep\u0159\u00edtele, a nebo se v jejich bl\u00edzkosti bojuje, a jejich zni\u010den\u00ed je tak nevyhnuteln\u00e9. S jistou d\u00e1vkou advok\u00e1tsk\u00e9 mazanosti nyn\u00ed m\u016f\u017ee Rusko tvrdit, \u017ee k odvr\u00e1cen\u00ed \u00fatoku na Kursk muselo zni\u010dit hr\u00e1ze p\u0159es Dn\u011bpr, proto\u017ee p\u0159es n\u011b se z\u00e1sobuje \u00fato\u010d\u00edc\u00ed skupina nep\u0159\u00e1telsk\u00fdch vojsk. To je podstatn\u00e1 novinka.<\/p>\n<p>Na Ukrajin\u011b u\u017e nyn\u00ed nezbyl \u017e\u00e1dn\u00fd strategick\u00fd c\u00edl, kter\u00fd by dok\u00e1zal ruskou ve\u0159ejnost, zneklidn\u011bnou invaz\u00ed a v\u011b\u010dnou nespokojenost\u00ed ortodoxn\u00edch nacionalist\u016f, uspokojit. Pomineme-li Zelensk\u00e9ho, Syrsk\u00e9ho a jejich kyjevsk\u00e1 podzemn\u00ed doupata. Zb\u00fdvaj\u00ed letadla F-16, kter\u00e1 ov\u0161em na Ukrajin\u011b podle v\u0161eho zat\u00edm zastupuj\u00ed jen nel\u00e9taj\u00edc\u00ed atrapy. A nebo p\u0159ehrady a mosty p\u0159es Dn\u011bpr. Existuj\u00ed tedy dva dobr\u00e9 logick\u00e9 d\u016fvody, pro\u010d by mohl Putin na mosty a p\u0159ehrady tentokr\u00e1te ude\u0159it. Uspokoj\u00ed t\u00edm dom\u00e1c\u00ed nacionalisty a zablokuje z\u00e1sobov\u00e1n\u00ed ukrajinsk\u00fdch vojsk na v\u00fdchodn\u00ed b\u0159ehu Dn\u011bpru.<\/p>\n<p>Zda za\u00fato\u010d\u00ed je v\u0161ak sporn\u00e9, proto\u017ee Putin pot\u0159ebuje ukrajinsk\u00e1 vojska na v\u00fdchodn\u00edm b\u0159ehu Dn\u011bpru, proto\u017ee jeho v\u00e1le\u010dn\u00fd pl\u00e1n je zalo\u017een na proveden\u00ed likvidace stovek tis\u00edc bojechtiv\u00fdch Ukrajinc\u016f. A tohoto c\u00edle se nejl\u00e9pe dosahuje na v\u00fdchodn\u00edm b\u0159ehu Dn\u011bpru. Po zni\u010den\u00ed most\u016f by se mohla Soldateska vzd\u00e1t, nebo prchnout za Dn\u011bpr. Nebyla by tak vyhubena, a potenci\u00e1ln\u011b by mohla \u0161kodit Putinov\u00fdm z\u00e1m\u011br\u016fm\u00a0 i nad\u00e1le. \u201cDobr\u00fd indi\u00e1n, mrtv\u00fd indi\u00e1n\u201d, \u0159\u00edkali Ameri\u010dan\u00e9, a Putin se od nich z\u0159ejm\u011b pou\u010dil. V\u00e1le\u010dn\u00e1 logika je prost\u011b \u0161\u00edlen\u00e1, \u017ee?<\/p>\n<p>Posledn\u00ed po\u0159ady:\u00a0 U Petra H\u00e1jka na Protiproudu,\u00a0<a class=\"mfp-iframe lightbox-added\" href=\"https:\/\/www.youtube.com\/watch?v=_gdgdXwa3Og\">po\u0159ad najdete zde<\/a>.\u00a0 Na TV Bure\u0161 s Josefem Sk\u00e1lou\u00a0<a class=\"mfp-iframe lightbox-added\" href=\"https:\/\/www.youtube.com\/watch?v=vvHP8zjz-Xs\">po\u0159ad najdete zde<\/a>. Z\u00e1znamy z P\u0159\u00ed\u010dov na obou kan\u00e1lech.<\/p>\n<p><a href=\"https:\/\/www.michalapetr.com\/map-2072-ukrajinskym-prehradam-a-mostum-na-dnepru-mozna-tikaji-posledni-hodiny-velky-rusky-raketovy-utok-se-blizi-varovali-americane-kyjev\/\">Michael Svato\u0161<\/a><\/p>\n<p><img decoding=\"async\" loading=\"lazy\" class=\"alignnone size-full wp-image-27204\" src=\"http:\/\/www.infokuryr.cz\/n\/wp-content\/uploads\/2023\/05\/Michael_Svatos.png\" alt=\"\" width=\"180\" height=\"180\" srcset=\"https:\/\/www.infokuryr.cz\/n\/wp-content\/uploads\/2023\/05\/Michael_Svatos.png 180w, https:\/\/www.infokuryr.cz\/n\/wp-content\/uploads\/2023\/05\/Michael_Svatos-150x150.png 150w\" sizes=\"(max-width: 180px) 100vw, 180px\" \/><\/p>\n<p>&nbsp;<\/p>\n","protected":false},"excerpt":{"rendered":"<p>Ukrajinsk\u00fdm p\u0159ehrad\u00e1m a most\u016fm na Dn\u011bpru mo\u017en\u00e1 tikaj\u00ed posledn\u00ed hodiny. Velk\u00fd rusk\u00fd raketov\u00fd \u00fatok se&#8230;<\/p>\n","protected":false},"author":2,"featured_media":60593,"comment_status":"closed","ping_status":"closed","sticky":false,"template":"","format":"standard","meta":[],"categories":[6],"tags":[1042,1917,22,26],"_links":{"self":[{"href":"https:\/\/www.infokuryr.cz\/n\/wp-json\/wp\/v2\/posts\/60592"}],"collection":[{"href":"https:\/\/www.infokuryr.cz\/n\/wp-json\/wp\/v2\/posts"}],"about":[{"href":"https:\/\/www.infokuryr.cz\/n\/wp-json\/wp\/v2\/types\/post"}],"author":[{"embeddable":true,"href":"https:\/\/www.infokuryr.cz\/n\/wp-json\/wp\/v2\/users\/2"}],"replies":[{"embeddable":true,"href":"https:\/\/www.infokuryr.cz\/n\/wp-json\/wp\/v2\/comments?post=60592"}],"version-history":[{"count":0,"href":"https:\/\/www.infokuryr.cz\/n\/wp-json\/wp\/v2\/posts\/60592\/revisions"}],"wp:featuredmedia":[{"embeddable":true,"href":"https:\/\/www.infokuryr.cz\/n\/wp-json\/wp\/v2\/media\/60593"}],"wp:attachment":[{"href":"https:\/\/www.infokuryr.cz\/n\/wp-json\/wp\/v2\/media?parent=60592"}],"wp:term":[{"taxonomy":"category","embeddable":true,"href":"https:\/\/www.infokuryr.cz\/n\/wp-json\/wp\/v2\/categories?post=60592"},{"taxonomy":"post_tag","embeddable":true,"href":"https:\/\/www.infokuryr.cz\/n\/wp-json\/wp\/v2\/tags?post=60592"}],"curies":[{"name":"wp","href":"https:\/\/api.w.org\/{rel}","templated":true}]}}