{"id":60584,"date":"2024-08-23T04:50:40","date_gmt":"2024-08-23T02:50:40","guid":{"rendered":"https:\/\/www.infokuryr.cz\/n\/?p=60584"},"modified":"2024-08-23T06:03:48","modified_gmt":"2024-08-23T04:03:48","slug":"celkem-43-novodobych-pragovaku-podepsalo-pamflet-s-vyzvou-na-podporu-generalniho-cenzora-cr-otakara-foltyna","status":"publish","type":"post","link":"https:\/\/www.infokuryr.cz\/n\/2024\/08\/23\/celkem-43-novodobych-pragovaku-podepsalo-pamflet-s-vyzvou-na-podporu-generalniho-cenzora-cr-otakara-foltyna\/","title":{"rendered":"Celkem 43 novodob\u00fdch Pragov\u00e1k\u016f podepsalo pamflet s v\u00fdzvou na podporu gener\u00e1ln\u00edho cenzora \u010cR Otakara Folt\u00fdna"},"content":{"rendered":"<div id=\"fb-root\"><\/div>\n<h4>Celkem 43 novodob\u00fdch Pragov\u00e1k\u016f podepsalo pamflet s v\u00fdzvou na podporu gener\u00e1ln\u00edho cenzora \u010cR Otakara Folt\u00fdna, kter\u00fd naz\u00fdv\u00e1 ob\u010dany svin\u011bmi, zomb\u00edky a dokonce u\u017e i pedofily! V nen\u00e1vistn\u00e9 petici jsou odp\u016frci Fialovy junty naz\u00fdv\u00e1ni \u201cprorusk\u00fdmi akt\u00e9ry\u201d a je jasn\u00e9, odkud to p\u0159i\u0161lo! Eurokomisa\u0159 Breton napsal Muskovi, aby uml\u010del Trumpa! Drakonick\u00e1 totalita Eurosojuzu dosahuje nep\u0159edstaviteln\u00fdch rozm\u011br\u016f!<\/h4>\n<p>Vl\u00e1da Petra Fialy m\u011bla a\u017e doned\u00e1vna sv\u00e9ho tiskov\u00e9ho mluv\u010d\u00edho. Ten si ale podle v\u0161eho m\u016f\u017ee rovnou hledat novou pr\u00e1ci, proto\u017ee jeho roli a pozici p\u0159evzal plukovn\u00edk a b\u00fdval\u00fd \u0161\u00e9f Vojensk\u00e9 policie Otakar Folt\u00fdn, kter\u00fd v roli koordin\u00e1tora strategick\u00e9 komunikace Fialovy vl\u00e1dy jde na komunikaci s ve\u0159ejnost\u00ed \u00fapln\u011b jinak, ne\u017e jak jsou norm\u00e1ln\u011b v\u0161ude v civilizovan\u00e9m sv\u011bt\u011b mluv\u010d\u00ed zvykl\u00ed.<\/p>\n<p><strong>Otakar Folt\u00fdn toti\u017e \u010desk\u00e9 ob\u010dany a odp\u016frce Fialovy vl\u00e1dy, kter\u00e1 v\u00edce ne\u017e vl\u00e1du u\u017e p\u0159ipom\u00edn\u00e1 juntu, naz\u00fdv\u00e1 svin\u011bmi, zomb\u00edky a nov\u011b dokonce pedofily, jak v \u010dl\u00e1nku informovaly [<a href=\"https:\/\/href.li\/?https:\/\/www.parlamentnilisty.cz\/arena\/monitor\/Nejdriv-sv-ne-Ted-pedofilove-Foltyn-opet-nesel-pro-prirovnani-daleko-760356\" target=\"_blank\" rel=\"nofollow noopener\">1<\/a>] Parlamentn\u00ed listy.<\/strong>\u00a0Podle Folt\u00fdna pr\u00fd v \u010cR nen\u00ed cenzura, vl\u00e1da pr\u00fd nezav\u00edr\u00e1 lidi do v\u011bzen\u00ed za podporu Ruska, i kdy\u017e je to odporn\u00e9, stejn\u011b jako je odporn\u00e1 pedofilie, o kter\u00e9 se pr\u00fd v \u010cR lid\u00e9 tak\u00e9 mohou svobodn\u011b bavit a podporovat ji.<\/p>\n<figure id=\"attachment_59806\" class=\"wp-caption aligncenter\" style=\"width: 691px;\"><a href=\"https:\/\/aeronet.news\/wp-content\/uploads\/PlkOtakarFoltyn.jpg\"><img decoding=\"async\" loading=\"lazy\" class=\"wp-image-59806 \" src=\"https:\/\/aeronet.news\/wp-content\/uploads\/PlkOtakarFoltyn-1024x682.jpg\" sizes=\"(max-width: 700px) 100vw, 700px\" srcset=\"https:\/\/aeronet.news\/wp-content\/uploads\/PlkOtakarFoltyn-1024x682.jpg 1024w, https:\/\/aeronet.news\/wp-content\/uploads\/PlkOtakarFoltyn-300x200.jpg 300w, https:\/\/aeronet.news\/wp-content\/uploads\/PlkOtakarFoltyn-768x512.jpg 768w, https:\/\/aeronet.news\/wp-content\/uploads\/PlkOtakarFoltyn-700x466.jpg 700w, https:\/\/aeronet.news\/wp-content\/uploads\/PlkOtakarFoltyn-536x357.jpg 536w, https:\/\/aeronet.news\/wp-content\/uploads\/PlkOtakarFoltyn-725x483.jpg 725w, https:\/\/aeronet.news\/wp-content\/uploads\/PlkOtakarFoltyn.jpg 1280w\" alt=\"\" width=\"691\" height=\"461\" \/><\/a><figcaption class=\"wp-caption-text\">Koordin\u00e1tor strategick\u00e9 komunikace vl\u00e1dy, plukovn\u00edk Otakar Folt\u00fdn<\/figcaption><\/figure>\n<p>Folt\u00fdn se znovu rozjel a nov\u011b uvedl: \u201e<em>Je pot\u0159eba vykopat p\u0159\u00edkop mezi v\u011bt\u0161inovou spole\u010dnost\u00ed a t\u011bmi, kte\u0159\u00ed \u0159\u00edkaj\u00ed, \u017ee Rus\u00e1ci nem\u011bli odj\u00ed\u017ed\u011bt, \u017ee tu m\u011bli z\u016fstat, \u017ee to bylo v roce 1968 dob\u0159e a podobn\u011b. To je v takov\u00e9m rozporu se z\u00e1jmy \u010cesk\u00e9 republiky, \u017ee to nelze tolerovat,<\/em>\u201c soptil Otakar Folt\u00fdn. Kolik takov\u00fdch lid\u00ed podle n\u011bj je? Odpojen\u00fdch od syst\u00e9mu je podle n\u011bj p\u0159ibli\u017en\u011b 4,5 %, v\u011bt\u0161ina z nich jde vr\u00e1tit do hodnotov\u00e9 spole\u010dnosti, ve sv\u00e9 radik\u00e1lnosti jsou podle Folt\u00fdna jen proto, \u017ee jsou zklaman\u00ed, ne\u0161\u0165astn\u00ed. Ale pak dodal, \u017ee jsou v \u010cR des\u00edtky tis\u00edc lid\u00ed, kte\u0159\u00ed jsou nen\u00e1vratn\u011b ztracen\u00ed a proti syst\u00e9mu \u010cesk\u00e9 republiky.<\/p>\n<h6><span style=\"font-size: 18pt;\">Nejprve svin\u011b a zomb\u00edci, te\u010f u\u017e dokonce jako pedofilov\u00e9!<\/span><\/h6>\n<p>\u201e<em>Jsou tu des\u00edtky tis\u00edc lid\u00ed, kter\u00e9 by v\u00edtaly, kdyby tu skute\u010dn\u011b jezdily rusk\u00e9 tanky a v\u016f\u010di t\u011bm \u017e\u00e1dn\u00e1 tolerance neplat\u00ed<\/em>,\u201c rozjel se zase Folt\u00fdn. Co znamenaj\u00ed p\u0159\u00edkopy, kter\u00e9 kolem takov\u00fdch lid\u00ed maj\u00ed vyr\u016fst? \u201e<em>To, co hl\u00e1s\u00e1te, je natolik odporn\u00e9, \u017ee se s v\u00e1mi v\u016fbec nebudeme bavit<\/em>,\u201c \u0159ekl Folt\u00fdn. A p\u0159irovnal takov\u00e9 lidi k pedofil\u016fm. \u201e<em>Pedofily tak\u00e9 nezav\u00edr\u00e1me, ale nechceme, aby chodili do debaty a \u0159\u00edkali, jak\u00e9 je to super m\u00edt takovou \u00fachylku. A \u00fachylka na to, \u017ee byste kolaborovali s okupantem, je p\u0159inejmen\u0161\u00edm stejn\u011b odporn\u00e1,<\/em>\u201c \u0159ekl Folt\u00fdn.<\/p>\n<p>&nbsp;<\/p>\n<div id=\"rumble_v587we3\">\n<div id=\"vid_v587we3\" class=\"rumble_v587we3-Rumble-cls\" tabindex=\"-1\">\n<div class=\"bigPlayUI ctp\">\n<div class='videoWrapper'>\r\n\t            <iframe src='https:\/\/rumble.com\/embed\/pj.v587we3\/' frameborder='0' allowfullscreen><\/iframe>\r\n\t        <\/div>\n<div class=\"bigPlayUIInner ctp\"><\/div>\n<\/div>\n<\/div>\n<\/div>\n<p>&nbsp;<\/p>\n<p>Koordin\u00e1tor strategick\u00e9 komunikace vl\u00e1dy \u010cR, jeho\u017e\u00a0<strong>13-\u010dlenn\u00fd t\u00fdm stoj\u00ed ro\u010dn\u011b st\u00e1tn\u00ed kosu cca. 10 milion\u016f korun z kapes da\u0148ov\u00fdch poplatn\u00edk\u016f, v\u010detn\u011b t\u011bch, kter\u00e9 naz\u00fdv\u00e1 svin\u011bmi a p\u0159irovn\u00e1v\u00e1 je k pedofil\u016fm<\/strong>, tak prov\u00e1d\u00ed proces k\u00e1drov\u00e1n\u00ed a rozd\u011blov\u00e1n\u00ed spole\u010dnosti na tu spr\u00e1vnou, hodnotovou, a na tu odpornou, pro-ruskou, pedofiln\u00ed a plnou svin\u00ed.<\/p>\n<p>Vzhledem k tomu, \u017ee takov\u00e9 jedn\u00e1n\u00ed a chov\u00e1n\u00ed mluv\u010d\u00edho vl\u00e1dy je nep\u0159\u00edpustn\u00e9, za\u010daly se objevovat hlasy a podn\u011bty pro odvol\u00e1n\u00ed Folt\u00fdna z funkce a rovn\u011b\u017e pro zru\u0161en\u00ed tohoto \u0161\u00edlen\u00e9ho \u00fa\u0159adu, kter\u00fd prost\u011b m\u00e1 za \u00fakol jedinou v\u011bc, a to vymezit a vyty\u010dit v \u010cesk\u00e9 republice hlubok\u00e9 p\u0159\u00edkopy, p\u0159i\u010dem\u017e v\u00fdkopov\u00e9 pr\u00e1ce bude \u0159\u00eddit p\u0159\u00edmo Folt\u00fdn, jeho dru\u017eina 13 analytik\u016f a cel\u00e9 to bude financovat Fialova vl\u00e1da z pen\u011bz ob\u010dan\u016f. A proto\u017ee hlasy na odvol\u00e1n\u00ed Folt\u00fdna za\u010daly zesilovat, objevila se neuv\u011b\u0159iteln\u00e1 petice\u00a0<strong>[<a href=\"https:\/\/href.li\/?https:\/\/www.facebook.com\/permalink.php?story_fbid=122106765098471132&amp;id=61564133982644&amp;ref=embed_post\" target=\"_blank\" rel=\"nofollow noopener\">2<\/a>]<\/strong>\u00a0na jeho podporu.<\/p>\n<h6><span style=\"font-size: 18pt;\">OTEV\u0158EN\u00dd DOPIS NA PODPORU OTAKARA FOLT\u00ddNA<\/span><\/h6>\n<p>V\u00e1\u017een\u00fd pane premi\u00e9re, v\u00e1\u017een\u00ed \u010dlenov\u00e9 vl\u00e1dy,<\/p>\n<p>pova\u017eujeme za pot\u0159ebn\u00e9 vyj\u00e1d\u0159it se v sou\u010dasn\u00e9 situaci k p\u016fsoben\u00ed pana Otakara Folt\u00fdna ve funkci koordin\u00e1tora strategick\u00e9 komunikace Vl\u00e1dy \u010cesk\u00e9 republiky. P\u0159ed deseti lety v\u00e1lka znovu vstoupila do Evropy. Rusov\u00e9 \u2013 v p\u0159evleku za separatisty \u2013 uko\u0159istili ukrajinsk\u00fd Krym a zah\u00e1jili bitvu o Donbas. A paraleln\u011b spustili hybridn\u00ed v\u00e1lku o na\u0161e mozky. Systematick\u00fdm fal\u0161ov\u00e1n\u00edm informac\u00ed, maten\u00edm hodnot, rozdm\u00fdch\u00e1v\u00e1n\u00edm spor\u016f, m\u00edch\u00e1n\u00edm pravdy se l\u017e\u00ed a \u0161\u00ed\u0159en\u00edm vyfabulovan\u00e9 alternativn\u00ed reality se sna\u017e\u00ed spl\u00e9st ob\u010dany svobodn\u00fdch zem\u00ed, aby svobodu a demokracii dobrovoln\u011b vym\u011bnili za chaos, ned\u016fv\u011bru k vlastn\u00ed zemi a za p\u0159\u00edchylnost k Moskv\u011b.<\/p>\n<p>Od roku 2022 pak v\u00e1lka naplno ho\u0159\u00ed v Rusy napaden\u00e9 Ukrajin\u011b a ostatn\u00ed Evropa je \u010dastov\u00e1na rusk\u00fdmi v\u00fdhr\u016f\u017ekami zni\u010den\u00edm evropsk\u00fdch m\u011bst a podman\u011bn\u00edm cel\u00e9 Evropy nov\u00e9, Rusy z\u0159\u00edzen\u00e9, euro-asijsk\u00e9 \u0159\u00ed\u0161i. V t\u00e9to situaci se \u010cesko, jeho\u017e politick\u00e9 nebe je dlouhodob\u011b infiltrov\u00e1no prorusk\u00fdmi akt\u00e9ry, jen v\u00e1hav\u011b za\u010dalo stav\u011bt na odpor v\u016f\u010di t\u00e9to rusk\u00e9 hybridn\u00ed ofenziv\u011b. Zat\u00edmco Rusy moderovan\u00e9 informa\u010dn\u00ed kan\u00e1ly naplno \u0161\u00ed\u0159\u00ed sv\u00e9 matouc\u00ed pseudoinformace, \u010desk\u00fd st\u00e1t se a\u017e doned\u00e1vna zdr\u00e1hal alespo\u0148 jasn\u011b pojmenovat tyto z\u00e1sadn\u00ed probl\u00e9my. Zm\u011bna p\u0159i\u0161la a\u017e s Otakarem Folt\u00fdnem.<\/p>\n<p>V roli koordin\u00e1tora strategick\u00e9 komunikace otev\u0159en\u011b mluv\u00ed o z\u00e1va\u017enosti hybridn\u00edch \u00fatok\u016f, o riziku mor\u00e1ln\u00edch selh\u00e1n\u00ed a o zp\u016fsobech obrany proti t\u011bmto hrozb\u00e1m. T\u00edm ov\u0161em ukazuje pravou povahu prorusk\u00fdch akt\u00e9r\u016f v \u010desk\u00e9m ve\u0159ejn\u00e9m prostoru, tancuj\u00edc\u00edch podle rusk\u00fdch not, a ti mu za to vyhl\u00e1sili boj. Od obskurn\u00edch stran a spolk\u016f a\u017e po r\u00e1doby ctihodn\u00e9 politiky v\u0161ichni nyn\u00ed \u017e\u00e1daj\u00ed jeho hlavu, \u010d\u00edm\u017e se ov\u0161em sami demaskovali jako rusk\u00e9 loutky a jen potvrdili z\u00e1va\u017enost Folt\u00fdnova poselstv\u00ed.<\/p>\n<p>Nem\u00e1-li \u010cesko prohr\u00e1t hybridn\u00ed v\u00e1lku a spadnout do ch\u0159t\u00e1nu obnovovan\u00e9 rusk\u00e9 \u0159\u00ed\u0161e, nesm\u00ed prohr\u00e1t tuto bitvu o pravdu a sv\u011bdom\u00ed. Podporujeme proto vl\u00e1du v jej\u00ed sou\u010dasn\u00e9 linii strategick\u00e9 komunikace a vyjad\u0159ujeme plnou podporu panu Otakaru Folt\u00fdnovi, kter\u00fd ji v\u00fdte\u010dn\u011b reprezentuje a prov\u00e1d\u00ed. Jeho dal\u0161\u00ed pokra\u010dov\u00e1n\u00ed v sou\u010dasn\u00e9 funkci bude dobr\u00fdm znamen\u00edm, \u017ee \u010desk\u00fd st\u00e1t nen\u00ed ovl\u00e1d\u00e1n rusk\u00fdmi silami a dok\u00e1\u017ee jim vzdorovat. V Praze (a dal\u0161\u00edch m\u00edstech), 20. 8. 2024 v p\u0159edve\u010der v\u00fdro\u010d\u00ed p\u0159epaden\u00ed \u010ceskoslovenska<\/p>\n<p>01. Jan Burian, p\u00edsni\u010dk\u00e1\u0159, spisovatel, pr\u016fvodce<br \/>\n02. Jan Edlman, Project Manager, v\u00fdtvarn\u00edk<br \/>\n03. Martin Exner, poslanec<br \/>\n04. Ji\u0159\u00ed Gogela (Wavrovsk\u00fd), v\u00fdtvarn\u00edk a humorista<br \/>\n05. Martin Hausenblas, podnikatel a filantrop<br \/>\n06. Zden\u011bk Hel, biochemik, imunolog, vysoko\u0161kolsk\u00fd u\u010ditel<br \/>\n07. Anton\u00edn Homola, zastupitel v Praze 3<br \/>\n08. Ziggy Horv\u00e1th, lektor a p\u00edsni\u010dk\u00e1\u0159<br \/>\n09. Jan Hru\u0161\u00ednsk\u00fd, princip\u00e1l Divadla Na Jezerce<br \/>\n10. Jan H\u0159ebejk, re\u017eis\u00e9r<br \/>\n11. Jaroslav Hutka, p\u00edsni\u010dk\u00e1\u0159<br \/>\n12. Jan Jandourek, sociolog a publicista<br \/>\n13. Karel Jel\u00ednek, advok\u00e1t<br \/>\n14. Jaroslav Jindra, re\u017eis\u00e9r dokument\u00e1rn\u00edch film\u016f<br \/>\n15. Alena K\u00e1brtov\u00e1, psycholo\u017eka, spoluzakladatelka Centra Paraple<br \/>\n16. Jan Kasl, architekt<br \/>\n17. Ond\u0159ej Kol\u00e1\u0159, politik<br \/>\n18. Adam Komers, vin\u00e1rn\u00edk<br \/>\n19. Jan Kova\u0159\u00edk, moder\u00e1tor a report\u00e9r<br \/>\n20. V\u00edt Ku\u010d\u00edk, publicista<br \/>\n21. Eugen Kukla, report\u00e9r a fotograf<br \/>\n22. Mark\u00e9ta Kutilov\u00e1, report\u00e9rka<br \/>\n23. Vladim\u00edr L\u00edbal, politik a karikaturista<br \/>\n24. V\u00e1clav Marhoul, filmov\u00fd re\u017eis\u00e9r<br \/>\n25. Jaroslav Miko, \u0159idi\u010d a moder\u00e1tor<br \/>\n26. V\u00e1clav N\u011bmec, filosof<br \/>\n27. Vladim\u00edr N\u011bmec, l\u00e9ka\u0159<br \/>\n28. Petr Nutil, spisovatel<br \/>\n29. Ji\u0159\u00ed Padev\u011bt, nakladatel a spisovatel<br \/>\n30. Dagmar Peckov\u00e1, p\u011bvkyn\u011b<br \/>\n31. Martin Peterka, architekt<br \/>\n32. Angelika Ivana Pint\u00ed\u0159ov\u00e1, sestra boromejka, pedago\u017eka<br \/>\n33. Nadia Rovderov\u00e1, kur\u00e1torka, v\u00fdtvarnice, galeristka<br \/>\n34. B\u0159etislav Rychl\u00edk, re\u017eis\u00e9r, vysoko\u0161kolsk\u00fd u\u010ditel<br \/>\n35. Marek Smetana, asistent poslance<br \/>\n36. Robin Such\u00e1nek, producent, market\u00e9r a mana\u017eer<br \/>\n37. Zden\u011bk Sv\u011br\u00e1k, herec a spisovatel<br \/>\n38. Milan \u0160teindler, divadeln\u00edk<br \/>\n39. Miroslav Tomanec, kav\u00e1rn\u00edk<br \/>\n40. Renata Tomanov\u00e1, p\u0159ekladatelka a editorka<br \/>\n41. Jan Vacul\u00edk, technik a obchodn\u00edk<br \/>\n42. Tom\u00e1\u0161 V\u00edch, architekt<br \/>\n43. Marek Wollner, publicista<\/p>\n<h6><span style=\"font-size: 18pt;\">Eurokomisa\u0159 vyhro\u017eoval Muskovi, aby si rozmyslel necenzurovan\u00fd rozhovor s Trumpem<\/span><\/h6>\n<p>Tento pamflet, kter\u00fd vznikl za asistence lid\u00ed okolo tzv. Pra\u017esk\u00e9 kav\u00e1rny a jej\u00ed Kulturn\u00ed fronty, je v podstat\u011b ve\u0159ejnou objedn\u00e1vkou na pos\u00edlen\u00ed pravomoc\u00ed Folt\u00fdnova cenzurn\u00edho \u00fa\u0159adu, mo\u017en\u00e1 je ve h\u0159e i my\u0161lenka na ustanoven\u00ed a obnovu\u00a0<strong>\u00da\u0159adu pro tisk a informace\u00a0<\/strong>z doby p\u0159ed rokem 1989.<\/p>\n<p>Prost\u011b by to fungovalo jako za star\u00fdch \u010das\u016f.<strong>\u00a0Otakar Folt\u00fdn by ur\u010doval v\u00fdkopov\u00e9 pr\u00e1ce pro ideov\u00e9 ohrani\u010den\u00ed a vymezen\u00ed tzv.\u00a0ztroskotanc\u016f a osob s mor\u00e1ln\u00edm selh\u00e1n\u00edm<\/strong>, kte\u0159\u00ed se nesm\u00ed dostat do rozhlasu, do televize, do novin, do dobr\u00e9ho zam\u011bstn\u00e1n\u00ed, proto\u017ee p\u0159esn\u011b jak to \u0159ekl Folt\u00fdn, tito lid\u00e9 jsou jako pedofilov\u00e9, se kter\u00fdmi nechceme diskutovat, nechceme jim poskytovat platformu, nechceme, aby m\u011bli prostor v m\u00e9di\u00edch, proto\u017ee jsou to svin\u011b!<\/p>\n<figure id=\"attachment_60651\" class=\"wp-caption aligncenter\" style=\"width: 697px;\"><a href=\"https:\/\/aeronet.news\/wp-content\/uploads\/ThierryBretonEUcomm.jpg\"><img decoding=\"async\" loading=\"lazy\" class=\"wp-image-60651 \" src=\"https:\/\/aeronet.news\/wp-content\/uploads\/ThierryBretonEUcomm-1024x683.jpg\" sizes=\"(max-width: 700px) 100vw, 700px\" srcset=\"https:\/\/aeronet.news\/wp-content\/uploads\/ThierryBretonEUcomm-1024x683.jpg 1024w, https:\/\/aeronet.news\/wp-content\/uploads\/ThierryBretonEUcomm-300x200.jpg 300w, https:\/\/aeronet.news\/wp-content\/uploads\/ThierryBretonEUcomm-768x512.jpg 768w, https:\/\/aeronet.news\/wp-content\/uploads\/ThierryBretonEUcomm-700x467.jpg 700w, https:\/\/aeronet.news\/wp-content\/uploads\/ThierryBretonEUcomm-535x357.jpg 535w, https:\/\/aeronet.news\/wp-content\/uploads\/ThierryBretonEUcomm-724x483.jpg 724w, https:\/\/aeronet.news\/wp-content\/uploads\/ThierryBretonEUcomm.jpg 1280w\" alt=\"\" width=\"697\" height=\"465\" \/><\/a><figcaption class=\"wp-caption-text\">Thierry Breton, eurokomisa\u0159 pro vnit\u0159n\u00ed trh EU<\/figcaption><\/figure>\n<p>A kdo je svin\u011b a kdo ne, to ur\u010doval p\u0159ed rokem 1989 pr\u00e1v\u011b \u00da\u0159ad pro tisk a informace, zat\u00edmco dnes to ur\u010duje \u00fa\u0159ad z\u0159\u00edzen\u00fd po boku vl\u00e1dy Petra Fialy, kter\u00fd se pracovn\u011b naz\u00fdv\u00e1\u00a0<strong>StratCom<\/strong>, tedy \u00da\u0159ad strategick\u00e9 komunikace. Zat\u00edm m\u00e1 jenom 13 zam\u011bstnanc\u016f, ale nebojte, ur\u010dit\u011b tam v\u0161ichni d\u0159ou jako kon\u011b. Nenechte se ale m\u00fdlit, tento proces nen\u00ed \u010desk\u00fdm origin\u00e1lem.<\/p>\n<p>Je to proces, kter\u00fd vych\u00e1z\u00ed p\u0159\u00edmo z Bruselu z Evropsk\u00e9 unie, je to odkaz V\u011bry Jourov\u00e9, kter\u00e1 zah\u00e1jila v EU hon na svobodu slova a d\u016fsledky jsou \u0161okuj\u00edc\u00ed. Do\u0161lo tak daleko, \u017ee p\u0159ed p\u00e1r dny eurokomisa\u0159 pro vnit\u0159n\u00ed trh EU\u00a0<strong>Thierry Breton napsal [<a href=\"https:\/\/href.li\/?https:\/\/x.com\/ThierryBreton\/status\/1823033048109367549\" target=\"_blank\" rel=\"nofollow noopener\">3<\/a>] dopis Elonu Muskovi, ve kter\u00e9m mu de facto mezi \u0159\u00e1dky vyhro\u017eoval, aby si rozmyslel odvys\u00edl\u00e1n\u00ed sv\u00e9ho rozhovoru s Donaldem Trumpem.<\/strong>\u00a0Breton poslal Muskovi dopis, kter\u00fd se prakticky moc neli\u0161\u00ed od pamfletu 43 Pragov\u00e1k\u016f z Pra\u017esk\u00e9 kulturn\u00ed fronty.<\/p>\n<h6><span style=\"font-size: 18pt;\">Dopis eurokomisa\u0159e pro vnit\u0159n\u00ed trh EU adresovan\u00fd Elonu Muskovi<\/span><\/h6>\n<p>EVROPSK\u00c1 KOMISE<\/p>\n<p>Thierry Breton<br \/>\n\u010clen Komise<br \/>\nBrusel, 12. srpna 2024<\/p>\n<p>V\u00e1\u017een\u00fd pane Musku,<\/p>\n<p>obrac\u00edm se na V\u00e1s v souvislosti s ned\u00e1vn\u00fdmi ud\u00e1lostmi ve Spojen\u00e9m kr\u00e1lovstv\u00ed a v souvislosti s pl\u00e1novan\u00fdm vys\u00edl\u00e1n\u00edm \u017eiv\u00e9ho rozhovoru mezi prezidentsk\u00fdm kandid\u00e1tem USA a V\u00e1mi na Va\u0161\u00ed platform\u011b X, kter\u00fd bude p\u0159\u00edstupn\u00fd i u\u017eivatel\u016fm v EU.<\/p>\n<p>Ch\u00e1pu, \u017ee v sou\u010dasn\u00e9 dob\u011b prov\u00e1d\u00edte z\u00e1t\u011b\u017eov\u00fd test platformy. V t\u00e9to souvislosti jsem nucen V\u00e1m p\u0159ipomenout povinnosti n\u00e1le\u017eit\u00e9 p\u00e9\u010de stanoven\u00e9 v z\u00e1kon\u011b o digit\u00e1ln\u00edch slu\u017eb\u00e1ch (DSA), jak jsem uvedl ve sv\u00e9m p\u0159edchoz\u00edm dopise. Jako samostatn\u00fd subjekt, kter\u00fd v kone\u010dn\u00e9m d\u016fsledku kontroluje platformu s v\u00edce ne\u017e 300 miliony u\u017eivatel\u016f po cel\u00e9m sv\u011bt\u011b, z toho jednou t\u0159etinou v EU, kter\u00e1 byla ozna\u010dena za velmi velkou online platformu, m\u00e1te z\u00e1konnou povinnost zajistit, aby spole\u010dnost X dodr\u017eovala pr\u00e1vn\u00ed p\u0159edpisy EU, a zejm\u00e9na DSA v EU.<\/p>\n<p>To zejm\u00e9na znamen\u00e1 zajistit na jedn\u00e9 stran\u011b \u00fa\u010dinnou ochranu svobody projevu a informac\u00ed, v\u010detn\u011b svobody m\u00e9di\u00ed a plurality, a na druh\u00e9 stran\u011b zav\u00e9st ve\u0161ker\u00e1 p\u0159im\u011b\u0159en\u00e1 a \u00fa\u010dinn\u00e1 zm\u00edr\u0148uj\u00edc\u00ed opat\u0159en\u00ed t\u00fdkaj\u00edc\u00ed se \u0161\u00ed\u0159en\u00ed \u0161kodliv\u00e9ho obsahu v souvislosti s p\u0159\u00edslu\u0161n\u00fdmi ud\u00e1lostmi, v\u010detn\u011b \u017eiv\u00e9ho vys\u00edl\u00e1n\u00ed, kter\u00e9 by v p\u0159\u00edpad\u011b ne\u0159e\u0161en\u00ed mohlo zv\u00fd\u0161it rizikov\u00fd profil spole\u010dnosti X a vyvolat \u0161kodliv\u00e9 \u00fa\u010dinky na ob\u010danskou diskusi a ve\u0159ejnou bezpe\u010dnost. To je d\u016fle\u017eit\u00e9 na pozad\u00ed ned\u00e1vn\u00fdch p\u0159\u00edklad\u016f ve\u0159ejn\u00fdch nepokoj\u016f vyvolan\u00fdch zes\u00edlen\u00edm obsahu, kter\u00fd podporuje nen\u00e1vist, nepokoje, podn\u011bcov\u00e1n\u00ed k n\u00e1sil\u00ed nebo n\u011bkter\u00e9 p\u0159\u00edpady dezinformac\u00ed.<\/p>\n<p>To rovn\u011b\u017e znamen\u00e1 i) informovat soudn\u00ed a spr\u00e1vn\u00ed org\u00e1ny EU bez zbyte\u010dn\u00e9ho odkladu o opat\u0159en\u00edch p\u0159ijat\u00fdch k \u0159e\u0161en\u00ed jejich p\u0159\u00edkaz\u016f proti obsahu, kter\u00fd je podle vnitrost\u00e1tn\u00edch pr\u00e1vn\u00edch p\u0159edpis\u016f a\/nebo pr\u00e1vn\u00edch p\u0159edpis\u016f EU pova\u017eov\u00e1n za nez\u00e1konn\u00fd, ii) p\u0159ijmout v\u010dasn\u00e1, d\u016fsledn\u00e1, nearbitr\u00e1rn\u00ed a objektivn\u00ed opat\u0159en\u00ed po obdr\u017een\u00ed ozn\u00e1men\u00ed u\u017eivatel\u016f, kte\u0159\u00ed pova\u017euj\u00ed ur\u010dit\u00fd obsah za nez\u00e1konn\u00fd, iii) informovat u\u017eivatele o opat\u0159en\u00edch p\u0159ijat\u00fdch po obdr\u017een\u00ed p\u0159\u00edslu\u0161n\u00e9ho ozn\u00e1men\u00ed a iv) ve\u0159ejn\u011b informovat o opat\u0159en\u00edch moderov\u00e1n\u00ed obsahu.<\/p>\n<p>V t\u00e9to souvislosti podot\u00fdk\u00e1m, \u017ee povinnosti DSA se bez v\u00fdjimek a diskriminace vztahuj\u00ed na moderov\u00e1n\u00ed cel\u00e9 u\u017eivatelsk\u00e9 komunity a obsahu X (v\u010detn\u011b v\u00e1s jako u\u017eivatele s v\u00edce ne\u017e 190 miliony sleduj\u00edc\u00edch), kter\u00fd je p\u0159\u00edstupn\u00fd u\u017eivatel\u016fm v EU, a m\u011bly by b\u00fdt pln\u011bny v souladu s p\u0159\u00edstupem DSA zalo\u017een\u00fdm na riziku, kter\u00fd vy\u017eaduje v\u011bt\u0161\u00ed pe\u010dlivost v p\u0159\u00edpad\u011b p\u0159edv\u00eddateln\u00e9ho zv\u00fd\u0161en\u00ed rizikov\u00e9ho profilu.<\/p>\n<p>Jak v\u00edte, proti spole\u010dnosti X ji\u017e prob\u00edhaj\u00ed form\u00e1ln\u00ed \u0159\u00edzen\u00ed podle DSA, zejm\u00e9na v oblastech souvisej\u00edc\u00edch s \u0161\u00ed\u0159en\u00edm nez\u00e1konn\u00e9ho obsahu a \u00fa\u010dinnost\u00ed opat\u0159en\u00ed p\u0159ijat\u00fdch k boji proti dezinformac\u00edm.<\/p>\n<p>Vzhledem k tomu, \u017ee p\u0159\u00edslu\u0161n\u00fd obsah je p\u0159\u00edstupn\u00fd u\u017eivatel\u016fm v EU a je roz\u0161i\u0159ov\u00e1n i v na\u0161\u00ed jurisdikci, nem\u016f\u017eeme vylou\u010dit mo\u017en\u00e9 p\u0159el\u00e9v\u00e1n\u00ed do EU. Proto sledujeme potenci\u00e1ln\u00ed rizika v EU spojen\u00e1 s \u0161\u00ed\u0159en\u00edm obsahu, kter\u00fd m\u016f\u017ee podn\u011bcovat k n\u00e1sil\u00ed, nen\u00e1visti a rasismu v souvislosti s v\u00fdznamn\u00fdmi politick\u00fdmi \u2013 nebo spole\u010densk\u00fdmi \u2013 ud\u00e1lostmi ve sv\u011bt\u011b, v\u010detn\u011b debat a rozhovor\u016f v souvislosti s volbami.<\/p>\n<p>Dovolte mi objasnit, \u017ee p\u0159\u00edpadn\u00fd negativn\u00ed dopad nez\u00e1konn\u00e9ho obsahu na spole\u010dnost X v EU, kter\u00fd by mohl b\u00fdt p\u0159i\u010d\u00edt\u00e1n ne\u00fa\u010dinnosti zp\u016fsobu, jak\u00fdm spole\u010dnost X uplat\u0148uje p\u0159\u00edslu\u0161n\u00e1 ustanoven\u00ed DSA, m\u016f\u017ee b\u00fdt relevantn\u00ed v souvislosti s prob\u00edhaj\u00edc\u00edm \u0159\u00edzen\u00edm a celkov\u00fdm posouzen\u00edm dodr\u017eov\u00e1n\u00ed pr\u00e1vn\u00edch p\u0159edpis\u016f EU spole\u010dnost\u00ed X. To je v souladu s t\u00edm, co ji\u017e bylo u\u010din\u011bno v ned\u00e1vn\u00e9 minulosti, nap\u0159\u00edklad v souvislosti s dopady a zes\u00edlen\u00edm teroristick\u00e9ho obsahu nebo obsahu podn\u011bcuj\u00edc\u00edho k n\u00e1sil\u00ed, nen\u00e1visti a rasismu v EU, nap\u0159\u00edklad v souvislosti s ned\u00e1vn\u00fdmi nepokoji ve Spojen\u00e9m kr\u00e1lovstv\u00ed.<\/p>\n<p>Vyz\u00fdv\u00e1m v\u00e1s proto, abyste neprodlen\u011b zajistili \u00fa\u010dinnost sv\u00fdch syst\u00e9m\u016f a informovali m\u016fj t\u00fdm o p\u0159ijat\u00fdch opat\u0159en\u00edch. M\u00e9 \u00fatvary a j\u00e1 budeme mimo\u0159\u00e1dn\u011b ostra\u017eit\u00ed v\u016f\u010di jak\u00fdmkoli d\u016fkaz\u016fm, kter\u00e9 poukazuj\u00ed na poru\u0161ov\u00e1n\u00ed DSA, a nebudeme v\u00e1hat pln\u011b vyu\u017e\u00edt n\u00e1\u0161 soubor n\u00e1stroj\u016f, v\u010detn\u011b p\u0159ijet\u00ed p\u0159edb\u011b\u017en\u00fdch opat\u0159en\u00ed, pokud to bude od\u016fvodn\u011bno ochranou ob\u010dan\u016f EU p\u0159ed v\u00e1\u017enou \u00fajmou.<\/p>\n<p>S pozdravem,<\/p>\n<p>Cc: Linda Yaccarino, gener\u00e1ln\u00ed \u0159editelka spole\u010dnosti X<\/p>\n<p>Thierry Breton<\/p>\n<h6><span style=\"font-size: 18pt;\">Eurosojuz p\u0159ev\u00e1d\u00ed cenzuru na majitele platforem, aby to nebyla EU, kter\u00e1 bude obvin\u011bna z cenzury, ale majitel\u00e9 web\u016f a platforem!<\/span><\/h6>\n<p>V tomto pamfletu od eurokomisa\u0159e Bretona vid\u00edme v podstat\u011b postup, kter\u00fd bude EU postupn\u011b uplat\u0148ovat v\u0161ude v cel\u00e9 Evrop\u011b, tedy syst\u00e9m v\u00fdhr\u016f\u017eek, kdy za slovy o ochran\u011b svobody slova se skr\u00fdv\u00e1 marast hrozeb a v\u00fdhr\u016f\u017eek, \u017ee kdy\u017e zazn\u00ed n\u011bco ne\u017e\u00e1douc\u00edho, n\u011bco nehodnotov\u00e9, n\u011bco proti \u00fachyl\u016fm a deviant\u016fm, n\u011bco proti migraci nebo proti v\u00e1lce na Ukrajin\u011b, prost\u011b cokoliv, co EU ozna\u010d\u00ed za toxick\u00e9, tak p\u0159ijde od EU komise obrovsk\u00e1 a tu\u010dn\u00e1 pokuta. Brusel tak nebude cenzurovat, bude jen pokutovat!<\/p>\n<p><strong>O cenzuru se ve vlastn\u00edm z\u00e1jmu ochrany p\u0159ed finan\u010dn\u00ed likvidac\u00ed ze strany EU budou muset postarat sami provozovatel\u00e9 soci\u00e1ln\u00edch platforem a web\u016f.<\/strong>\u00a0Prost\u011b se za t\u00edm skr\u00fdv\u00e1 masivn\u00ed apar\u00e1t vy\u017eaduj\u00edc\u00ed po soci\u00e1ln\u00edch s\u00edt\u00edch mamut\u00ed autocenzuru, jinak budou \u010delit obrovsk\u00fdm pokut\u00e1m od EU. Sm\u011brnice DSA vy\u017eaduje po velk\u00fdch platform\u00e1ch autocenzuru, tedy maz\u00e1n\u00ed p\u0159\u00edsp\u011bvk\u016f samotn\u00fdmi majiteli a provozovateli soci\u00e1ln\u00ed s\u00edt\u011b, je\u0161t\u011b p\u0159edt\u00edm, ne\u017e na ty p\u0159\u00edsp\u011bvky upozorn\u00ed Evropsk\u00e1 komise.<\/p>\n<figure id=\"attachment_60652\" class=\"wp-caption aligncenter\" style=\"width: 696px;\"><a href=\"https:\/\/aeronet.news\/wp-content\/uploads\/BretonMusk.jpg\"><img decoding=\"async\" loading=\"lazy\" class=\"wp-image-60652 \" src=\"https:\/\/aeronet.news\/wp-content\/uploads\/BretonMusk-728x1024.jpg\" sizes=\"(max-width: 700px) 100vw, 700px\" srcset=\"https:\/\/aeronet.news\/wp-content\/uploads\/BretonMusk-728x1024.jpg 728w, https:\/\/aeronet.news\/wp-content\/uploads\/BretonMusk-213x300.jpg 213w, https:\/\/aeronet.news\/wp-content\/uploads\/BretonMusk-768x1080.jpg 768w, https:\/\/aeronet.news\/wp-content\/uploads\/BretonMusk-700x985.jpg 700w, https:\/\/aeronet.news\/wp-content\/uploads\/BretonMusk-254x357.jpg 254w, https:\/\/aeronet.news\/wp-content\/uploads\/BretonMusk-343x483.jpg 343w, https:\/\/aeronet.news\/wp-content\/uploads\/BretonMusk.jpg 1284w\" alt=\"\" width=\"696\" height=\"978\" \/><\/a><figcaption class=\"wp-caption-text\">Dopis Thierry Bretona Elonu Muskovi<\/figcaption><\/figure>\n<p>Je to ve skute\u010dnosti podvod, jak p\u0159en\u00e9st cenzuru z beder EU na majitele soci\u00e1ln\u00edch platforem, aby kritiku a \u0159ev za cenzuru skl\u00edzeli majitel\u00e9 a vlastn\u00edci t\u011bchto platforem, nikoliv Evropsk\u00e1 unie. Ta bude jen pokutovat platformy za to, kdy\u017e nebudou cenzurovat sv\u00e9 u\u017eivatele. EU tak pouze stoj\u00ed s bi\u010dem v pozad\u00ed a \u010dek\u00e1, jestli cenzo\u0159i\u00a0 najat\u00ed majitelem platformy pracuj\u00ed a ma\u017eou obsah.<\/p>\n<p>Pokud EU zjist\u00ed, \u017ee v maz\u00e1n\u00ed polevuj\u00ed, okam\u017eit\u011b EU zas\u00e1hne a pad\u00e1 v\u00fdhr\u016f\u017eka mamut\u00ed pokuty a\u017e 3% ro\u010dn\u00edho celosv\u011btov\u00e9ho obratu p\u0159\u00edjm\u016f platformy nebo dokonce zablokov\u00e1n\u00ed platformy na \u00fazem\u00ed EU, podobn\u011b jako jsou u\u017e zablokov\u00e1ny rusk\u00e9 weby RT, RIA Novosti a Sputnik, na kter\u00e9 se prost\u011b bez VPN anebo bez zm\u011bny DNS server\u016f v mobilu nebo na po\u010d\u00edta\u010di nedostanete.<\/p>\n<h6><span style=\"font-size: 18pt;\">\u201cRud\u00fd Felix\u201d D\u017eer\u017einsk\u00fd m\u00e1 v \u010cR zdatn\u00e9ho n\u00e1stupce \u2013 Rud\u00e9ho Otu!<\/span><\/h6>\n<p>Tihle zmetkov\u00e9 z Evropsk\u00e9 komise, ale i z Pra\u017esk\u00e9 kav\u00e1rny, prost\u011b u\u017e d\u00e1vno za\u010dali v\u00fdkopov\u00e9 pr\u00e1ce a vyhloubili hlubok\u00e9 p\u0159\u00edkopy okolo rusk\u00fdch zpravodajsk\u00fdch server\u016f tak, \u017ee se na n\u011b z Evropy u\u017e bez VPN nebo DNS zm\u011bny nepod\u00edv\u00e1te.\u00a0<strong>A tohle chce plukovn\u00edk Otakar Folt\u00fdn a mezi lidmi u\u017e ozna\u010dovan\u00fd jako \u201cRud\u00fd Ota\u201d prost\u011b implementovat nejen na weby, ale na zhruba p\u016fl milion\u016f ob\u010dan\u016f<\/strong>, podle jeho slov asi 4.5% lid\u00ed, kte\u0159\u00ed jsou ztraceni a jsou to prost\u011b svin\u011b. A jak to bude vypadat? No, jako v totalit\u011b. Za\u010dalo to plachtou na budov\u011b vnitra s Putinem v pytli na mrtvoly. Te\u010f v tom pytli mo\u017en\u00e1 skon\u010d\u00ed 4,5% ob\u010dan\u016f \u010cR ozna\u010den\u00fdch za svin\u011b, kter\u00e9 jsou \u201cpro-rusk\u00fdmi akt\u00e9ry\u201d.<\/p>\n<p><a href=\"https:\/\/aeronet.news\/wp-content\/uploads\/VnitroPutinBodyBag.jpg\"><img decoding=\"async\" loading=\"lazy\" class=\"wp-image-54339 aligncenter\" src=\"https:\/\/aeronet.news\/wp-content\/uploads\/VnitroPutinBodyBag.jpg\" sizes=\"(max-width: 1280px) 100vw, 1280px\" srcset=\"https:\/\/aeronet.news\/wp-content\/uploads\/VnitroPutinBodyBag.jpg 1280w, https:\/\/aeronet.news\/wp-content\/uploads\/VnitroPutinBodyBag-300x158.jpg 300w, https:\/\/aeronet.news\/wp-content\/uploads\/VnitroPutinBodyBag-768x403.jpg 768w, https:\/\/aeronet.news\/wp-content\/uploads\/VnitroPutinBodyBag-1024x538.jpg 1024w, https:\/\/aeronet.news\/wp-content\/uploads\/VnitroPutinBodyBag-700x368.jpg 700w, https:\/\/aeronet.news\/wp-content\/uploads\/VnitroPutinBodyBag-680x357.jpg 680w, https:\/\/aeronet.news\/wp-content\/uploads\/VnitroPutinBodyBag-920x483.jpg 920w\" alt=\"\" width=\"776\" height=\"407\" \/><\/a><\/p>\n<p>Vznikne index svin\u00ed, nikdo v\u00e1s nezam\u011bstn\u00e1, nikdo v\u00e1m neposkytne slu\u017eby, nikdo v\u00e1m nepronajme byt, nikdo si od v\u00e1s nic nekoup\u00ed, pokud budete podnikat. Prost\u011b hlubok\u00e9 p\u0159\u00edkopy zamez\u00ed v\u00edce v\u011bcem ne\u017e jenom p\u0159\u00edstup\u016fm na web. V\u00e1lka se bl\u00ed\u017e\u00ed do Evropy.\u00a0<strong>Vladimir Putin zah\u00e1jil relokace lid\u00ed ze zem\u00ed KoZa do Ruska, kte\u0159\u00ed za \u010das u\u017e nebudou kv\u016fli vyhlouben\u00fdm p\u0159\u00edkop\u016fm v Evrop\u011b moci \u017e\u00edt a fungovat.<\/strong>\u00a0Je to stejn\u00fd proces fa\u0161izace a nacifikace Evropy jako p\u0159ed vypuknut\u00edm II. sv. v\u00e1lky. Jenom jedna v\u011bc je\u0161t\u011b chyb\u00ed \u2013 koncentra\u010dn\u00ed t\u00e1bory pro internaci \u201csvin\u00ed\u201d po cel\u00e9 Evrop\u011b. Pokud se Folt\u00fdn nezastav\u00ed, a to se ned\u00e1 o\u010dek\u00e1vat, tak t\u00edmto tempem fa\u0161izace se brzy do\u010dk\u00e1me i t\u011bch koncentr\u00e1k\u016f. Na to vezm\u011bte jed!<\/p>\n<p><a href=\"https:\/\/aeronet.news\/celkem-43-novodobych-pragovaku-podepsalo-pamflet-s-vyzvou-na-podporu-generalniho-cenzora-cr-otakara-foltyna-ktery-nazyva-obcany-svinemi-zombiky-a-dokonce-uz-i-pedofily\/\">-VK-<\/a><\/p>\n<p>&nbsp;<\/p>\n","protected":false},"excerpt":{"rendered":"<p>Celkem 43 novodob\u00fdch Pragov\u00e1k\u016f podepsalo pamflet s v\u00fdzvou na podporu gener\u00e1ln\u00edho cenzora \u010cR Otakara Folt\u00fdna,&#8230;<\/p>\n","protected":false},"author":2,"featured_media":60585,"comment_status":"closed","ping_status":"closed","sticky":false,"template":"","format":"standard","meta":[],"categories":[6],"tags":[1042,7385,1412,122,1952],"_links":{"self":[{"href":"https:\/\/www.infokuryr.cz\/n\/wp-json\/wp\/v2\/posts\/60584"}],"collection":[{"href":"https:\/\/www.infokuryr.cz\/n\/wp-json\/wp\/v2\/posts"}],"about":[{"href":"https:\/\/www.infokuryr.cz\/n\/wp-json\/wp\/v2\/types\/post"}],"author":[{"embeddable":true,"href":"https:\/\/www.infokuryr.cz\/n\/wp-json\/wp\/v2\/users\/2"}],"replies":[{"embeddable":true,"href":"https:\/\/www.infokuryr.cz\/n\/wp-json\/wp\/v2\/comments?post=60584"}],"version-history":[{"count":0,"href":"https:\/\/www.infokuryr.cz\/n\/wp-json\/wp\/v2\/posts\/60584\/revisions"}],"wp:featuredmedia":[{"embeddable":true,"href":"https:\/\/www.infokuryr.cz\/n\/wp-json\/wp\/v2\/media\/60585"}],"wp:attachment":[{"href":"https:\/\/www.infokuryr.cz\/n\/wp-json\/wp\/v2\/media?parent=60584"}],"wp:term":[{"taxonomy":"category","embeddable":true,"href":"https:\/\/www.infokuryr.cz\/n\/wp-json\/wp\/v2\/categories?post=60584"},{"taxonomy":"post_tag","embeddable":true,"href":"https:\/\/www.infokuryr.cz\/n\/wp-json\/wp\/v2\/tags?post=60584"}],"curies":[{"name":"wp","href":"https:\/\/api.w.org\/{rel}","templated":true}]}}