{"id":60582,"date":"2024-08-23T04:46:05","date_gmt":"2024-08-23T02:46:05","guid":{"rendered":"https:\/\/www.infokuryr.cz\/n\/?p=60582"},"modified":"2024-08-23T04:46:05","modified_gmt":"2024-08-23T02:46:05","slug":"moskva-obvinila-novinare-cnn-z-nelegalniho-prekracovani-hranic","status":"publish","type":"post","link":"https:\/\/www.infokuryr.cz\/n\/2024\/08\/23\/moskva-obvinila-novinare-cnn-z-nelegalniho-prekracovani-hranic\/","title":{"rendered":"Moskva obvinila novin\u00e1\u0159e CNN z neleg\u00e1ln\u00edho p\u0159ekra\u010dov\u00e1n\u00ed hranic"},"content":{"rendered":"<div id=\"fb-root\"><\/div>\n<p><span style=\"font-size: 18pt;\"><strong>Nick Paton Walsh cestoval do rusk\u00e9ho m\u011bsta Sudzha s ukrajinsk\u00fdmi jednotkami<\/strong><\/span><\/p>\n<p><span>Rusk\u00e9 \u00fa\u0159ady obvinily hlavn\u00edho korespondenta CNN pro mezin\u00e1rodn\u00ed bezpe\u010dnost Nicka Patona Walshe, kter\u00fd se hl\u00e1sil z m\u011bsta Sudzha, z neleg\u00e1ln\u00edho p\u0159ekro\u010den\u00ed st\u00e1tn\u00ed hranice. Podobn\u00e1 obvin\u011bn\u00ed byla ji\u017e d\u0159\u00edve vznesena proti dv\u011bma novin\u00e1\u0159\u016fm italsk\u00e9ho vys\u00edl\u00e1n\u00ed RAI a tak\u00e9 dv\u011bma ukrajinsk\u00fdm report\u00e9r\u016fm.\u00a0<\/span><\/p>\n<p><span>Kyjevsk\u00e9 s\u00edly obsadily Sudzhu, m\u011bsto s 5000 obyvateli p\u0159ed konfliktem, b\u011bhem invaze do rusk\u00e9 Kursk\u00e9 oblasti, kter\u00e1 za\u010dala 6. srpna. P\u0159esto\u017ee mnoho obyvatel z oblasti uprchlo, n\u011bkte\u0159\u00ed civilist\u00e9 z\u016fstali.<\/span><\/p>\n<p><span>Walsh byl sou\u010d\u00e1st\u00ed t\u00fdmu z\u00e1padn\u00edch report\u00e9r\u016f, kte\u0159\u00ed p\u0159ijeli do Sudzhy na pozv\u00e1n\u00ed ukrajinsk\u00e9 vl\u00e1dy. Cestovali v obrn\u011bn\u00e9m konvoji s ukrajinsk\u00fdmi voj\u00e1ky, nat\u00e1\u010deli po\u0161kozen\u00e9 budovy v centru komunity a hovo\u0159ili se zb\u00fdvaj\u00edc\u00edmi civilisty, z nich\u017e n\u011bkte\u0159\u00ed se uch\u00fdlili do krytu.\u00a0<\/span><\/p>\n<p><span>Podle Andersona Coopera ze CNN ukrajinsk\u00e1 arm\u00e1da\u00a0<\/span><em><span>\u201edoprov\u00e1zela\u201c<\/span><\/em><span>\u00a0Walshe a zkontrolovala videa, kter\u00e1 jeho pos\u00e1dka nato\u010dila p\u0159ed jejich propu\u0161t\u011bn\u00edm\u00a0<\/span><em><span>\u201ez d\u016fvod\u016f provozn\u00ed bezpe\u010dnosti\u201c.<\/span><\/em><span>\u00a0Ukrajinci v\u0161ak\u00a0<\/span><em><span>\u201enem\u011bli \u017e\u00e1dnou redak\u010dn\u00ed kontrolu\u201c<\/span><\/em><span>\u00a0nad zpravodajstv\u00edm CNN, dodal.\u00a0<\/span><\/p>\n<p><span>CNN odm\u00edtla obvin\u011bn\u00ed Moskvy a trvala na tom, \u017ee kan\u00e1l\u00a0<\/span><em><span>\u201eposkytnul v\u011bcn\u00e9, nestrann\u00e9 zpravodajstv\u00ed pokr\u00fdvaj\u00edc\u00ed ukrajinsk\u00fd i rusk\u00fd pohled na v\u00e1lku\u201c.<\/span><\/em><span>\u00a0Uvedla, \u017ee Walsh jednal\u00a0<\/span><em><span>\u201ev souladu s pr\u00e1vy, kter\u00e1 novin\u00e1\u0159\u016fm p\u0159izn\u00e1v\u00e1 \u017denevsk\u00e1 konvence a mezin\u00e1rodn\u00ed pr\u00e1vo\u201c.<\/span><\/em><\/p>\n<p><span>Moskva obvinila z\u00e1padn\u00ed report\u00e9ry z poskytov\u00e1n\u00ed\u00a0<\/span><em><span>\u201epropagandy\u201c<\/span><\/em><span>\u00a0jm\u00e9nem Ukrajiny. Mluv\u010d\u00ed ministerstva zahrani\u010d\u00ed Maria Zacharovov\u00e1 tento t\u00fdden argumentovala t\u00edm, \u017ee zahrani\u010dn\u00ed novin\u00e1\u0159i ve spojen\u00ed s ukrajinsk\u00fdmi jednotkami ml\u010d\u00ed o\u00a0<\/span><em><span>\u201ezlo\u010dinech Kyjeva proti civilist\u016fm\u201c<\/span><\/em><span>\u00a0a\u00a0<\/span><em><span>\u201emanipulaci ve\u0159ejn\u00e9ho m\u00edn\u011bn\u00ed\u201c.<\/span><\/em><\/p>\n<p><span>Podle rusk\u00fdch p\u0159edstavitel\u016f bylo p\u0159i ukrajinsk\u00e9m \u00fatoku na Kurskou oblast zabito nejm\u00e9n\u011b 31 civilist\u016f a 143 bylo zran\u011bno.<\/span><\/p>\n<p><span>Od roku 2022 EU zak\u00e1zala n\u011bkolik rusk\u00fdch zpravodajsk\u00fdch organizac\u00ed, v\u010detn\u011b RT, s odkazem na\u00a0<\/span><em><span>\u201esystematick\u00e9 manipulace s informacemi\u201c<\/span><\/em><span>\u00a0v souvislosti s rusko-ukrajinsk\u00fdm konfliktem. Moskva reagovala z\u00e1kazem des\u00edtek z\u00e1padn\u00edch zpravodajsk\u00fdch kan\u00e1l\u016f.<\/span><\/p>\n<p><img decoding=\"async\" loading=\"lazy\" class=\"alignnone size-full wp-image-1185\" src=\"http:\/\/www.infokuryr.cz\/n\/wp-content\/uploads\/2021\/04\/kuryr-podpis.png\" alt=\"\" width=\"84\" height=\"24\" \/><\/p>\n<p>&nbsp;<\/p>\n<p>&nbsp;<\/p>\n","protected":false},"excerpt":{"rendered":"<p>Nick Paton Walsh cestoval do rusk\u00e9ho m\u011bsta Sudzha s ukrajinsk\u00fdmi jednotkami Rusk\u00e9 \u00fa\u0159ady obvinily hlavn\u00edho&#8230;<\/p>\n","protected":false},"author":2,"featured_media":60583,"comment_status":"closed","ping_status":"closed","sticky":false,"template":"","format":"standard","meta":[],"categories":[7],"tags":[667,273,1226,22],"_links":{"self":[{"href":"https:\/\/www.infokuryr.cz\/n\/wp-json\/wp\/v2\/posts\/60582"}],"collection":[{"href":"https:\/\/www.infokuryr.cz\/n\/wp-json\/wp\/v2\/posts"}],"about":[{"href":"https:\/\/www.infokuryr.cz\/n\/wp-json\/wp\/v2\/types\/post"}],"author":[{"embeddable":true,"href":"https:\/\/www.infokuryr.cz\/n\/wp-json\/wp\/v2\/users\/2"}],"replies":[{"embeddable":true,"href":"https:\/\/www.infokuryr.cz\/n\/wp-json\/wp\/v2\/comments?post=60582"}],"version-history":[{"count":0,"href":"https:\/\/www.infokuryr.cz\/n\/wp-json\/wp\/v2\/posts\/60582\/revisions"}],"wp:featuredmedia":[{"embeddable":true,"href":"https:\/\/www.infokuryr.cz\/n\/wp-json\/wp\/v2\/media\/60583"}],"wp:attachment":[{"href":"https:\/\/www.infokuryr.cz\/n\/wp-json\/wp\/v2\/media?parent=60582"}],"wp:term":[{"taxonomy":"category","embeddable":true,"href":"https:\/\/www.infokuryr.cz\/n\/wp-json\/wp\/v2\/categories?post=60582"},{"taxonomy":"post_tag","embeddable":true,"href":"https:\/\/www.infokuryr.cz\/n\/wp-json\/wp\/v2\/tags?post=60582"}],"curies":[{"name":"wp","href":"https:\/\/api.w.org\/{rel}","templated":true}]}}