{"id":60579,"date":"2024-08-23T04:42:07","date_gmt":"2024-08-23T02:42:07","guid":{"rendered":"https:\/\/www.infokuryr.cz\/n\/?p=60579"},"modified":"2024-08-23T04:42:07","modified_gmt":"2024-08-23T02:42:07","slug":"ukrajina-zautocila-na-trajekt-na-jihu-ruska","status":"publish","type":"post","link":"https:\/\/www.infokuryr.cz\/n\/2024\/08\/23\/ukrajina-zautocila-na-trajekt-na-jihu-ruska\/","title":{"rendered":"Ukrajina za\u00fato\u010dila na trajekt na jihu Ruska"},"content":{"rendered":"<div id=\"fb-root\"><\/div>\n<p><span style=\"font-size: 18pt;\"><strong>Lo\u010f, kter\u00e1 kotvila v p\u0159\u00edstavu Kavkaz v Krasnodarsk\u00e9m kraji, se \u00fadajn\u011b potopila po raketov\u00e9m \u00fatoku<\/strong><\/span><\/p>\n<p><span>Kyjevsk\u00e9 s\u00edly ve \u010dtvrtek za\u00fato\u010dily na \u017eelezni\u010dn\u00ed trajekt v p\u0159\u00edstavu Kavkaz v rusk\u00e9 Krasnodarsk\u00e9 oblasti, uvedla RIA Novosti s odvol\u00e1n\u00edm na m\u00edstn\u00ed pohotovostn\u00ed slu\u017eby. \u00datok rakety \u00fadajn\u011b vyvolal masivn\u00ed po\u017e\u00e1r a na m\u00edsto byl vysl\u00e1n hasi\u010dsk\u00fd vlak.<\/span><\/p>\n<p><span>Zat\u00edm nejsou \u017e\u00e1dn\u00e9 zpr\u00e1vy o ob\u011btech. Fedor Babenkov, \u0161\u00e9f okresu Temrjuk, kde se p\u0159\u00edstav nach\u00e1z\u00ed, na sv\u00e9m ofici\u00e1ln\u00edm kan\u00e1lu Telegram uvedl, \u017ee c\u00edlov\u00e1 lo\u010f nesla 30 palivov\u00fdch n\u00e1dr\u017e\u00ed.<\/span><\/p>\n<p><span>Doplnil, \u017ee na m\u00edst\u011b zasahuje 12 jednotek hasi\u010d\u016f a 3 jednotky rychl\u00e9 zdravotnick\u00e9 pomoci.<\/span><\/p>\n<p><span>Podle kan\u00e1lu Telegram Opera\u010dn\u00edho velitelstv\u00ed Krasnodar se na ha\u0161en\u00ed po\u017e\u00e1ru pod\u00edl\u00ed p\u0159es 100 lid\u00ed, v\u010detn\u011b 43 z rusk\u00e9ho ministerstva pro mimo\u0159\u00e1dn\u00e9 situace, kter\u00e9 tak\u00e9 p\u0159isp\u011blo 13 jednotkami vybaven\u00ed.<\/span><\/p>\n<div style=\"width: 640px;\" class=\"wp-video\"><!--[if lt IE 9]><script>document.createElement('video');<\/script><![endif]-->\n<video class=\"wp-video-shortcode\" id=\"video-60579-1\" width=\"640\" height=\"360\" preload=\"metadata\" controls=\"controls\"><source type=\"video\/mp4\" src=\"http:\/\/www.infokuryr.cz\/n\/wp-content\/uploads\/2024\/08\/66c75d7c85f54073935c1269.mp4?_=1\" \/><a href=\"http:\/\/www.infokuryr.cz\/n\/wp-content\/uploads\/2024\/08\/66c75d7c85f54073935c1269.mp4\">http:\/\/www.infokuryr.cz\/n\/wp-content\/uploads\/2024\/08\/66c75d7c85f54073935c1269.mp4<\/a><\/video><\/div>\n<p>&nbsp;<\/p>\n<p>RIA Novosti s odvol\u00e1n\u00edm na rusk\u00e9 z\u00e1chrann\u00e9 slu\u017eby uvedla, \u017ee se p\u0159edpokl\u00e1d\u00e1, \u017ee na palub\u011b vlakov\u00e9ho trajektu, kdy\u017e raketa zas\u00e1hla, bylo p\u011bt lid\u00ed. Jejich osud z\u016fst\u00e1v\u00e1 podle den\u00edku nejasn\u00fd.<\/p>\n<p><img decoding=\"async\" loading=\"lazy\" class=\"alignnone size-full wp-image-1185\" src=\"http:\/\/www.infokuryr.cz\/n\/wp-content\/uploads\/2021\/04\/kuryr-podpis.png\" alt=\"\" width=\"84\" height=\"24\" \/><\/p>\n<p>&nbsp;<\/p>\n","protected":false},"excerpt":{"rendered":"<p>Lo\u010f, kter\u00e1 kotvila v p\u0159\u00edstavu Kavkaz v Krasnodarsk\u00e9m kraji, se \u00fadajn\u011b potopila po raketov\u00e9m \u00fatoku&#8230;<\/p>\n","protected":false},"author":2,"featured_media":60581,"comment_status":"closed","ping_status":"closed","sticky":false,"template":"","format":"standard","meta":[],"categories":[7],"tags":[697,26,723,889],"_links":{"self":[{"href":"https:\/\/www.infokuryr.cz\/n\/wp-json\/wp\/v2\/posts\/60579"}],"collection":[{"href":"https:\/\/www.infokuryr.cz\/n\/wp-json\/wp\/v2\/posts"}],"about":[{"href":"https:\/\/www.infokuryr.cz\/n\/wp-json\/wp\/v2\/types\/post"}],"author":[{"embeddable":true,"href":"https:\/\/www.infokuryr.cz\/n\/wp-json\/wp\/v2\/users\/2"}],"replies":[{"embeddable":true,"href":"https:\/\/www.infokuryr.cz\/n\/wp-json\/wp\/v2\/comments?post=60579"}],"version-history":[{"count":0,"href":"https:\/\/www.infokuryr.cz\/n\/wp-json\/wp\/v2\/posts\/60579\/revisions"}],"wp:featuredmedia":[{"embeddable":true,"href":"https:\/\/www.infokuryr.cz\/n\/wp-json\/wp\/v2\/media\/60581"}],"wp:attachment":[{"href":"https:\/\/www.infokuryr.cz\/n\/wp-json\/wp\/v2\/media?parent=60579"}],"wp:term":[{"taxonomy":"category","embeddable":true,"href":"https:\/\/www.infokuryr.cz\/n\/wp-json\/wp\/v2\/categories?post=60579"},{"taxonomy":"post_tag","embeddable":true,"href":"https:\/\/www.infokuryr.cz\/n\/wp-json\/wp\/v2\/tags?post=60579"}],"curies":[{"name":"wp","href":"https:\/\/api.w.org\/{rel}","templated":true}]}}