{"id":60571,"date":"2024-08-23T00:56:28","date_gmt":"2024-08-22T22:56:28","guid":{"rendered":"https:\/\/www.infokuryr.cz\/n\/?p=60571"},"modified":"2024-08-22T19:57:39","modified_gmt":"2024-08-22T17:57:39","slug":"putin-ukrajina-se-pokusila-zautocit-na-ruskou-jadernou-elektrarnu","status":"publish","type":"post","link":"https:\/\/www.infokuryr.cz\/n\/2024\/08\/23\/putin-ukrajina-se-pokusila-zautocit-na-ruskou-jadernou-elektrarnu\/","title":{"rendered":"Putin: Ukrajina se pokusila za\u00fato\u010dit na ruskou jadernou elektr\u00e1rnu"},"content":{"rendered":"<div id=\"fb-root\"><\/div>\n<p><span style=\"font-size: 18pt;\"><strong>MAAE byla informov\u00e1na o pokusu o \u00fader na za\u0159\u00edzen\u00ed v Kursk\u00e9 oblasti, \u0159ekl prezident<\/strong><\/span><\/p>\n<p><span>Ukrajinsk\u00e9 s\u00edly se pokusily za\u00fato\u010dit na ruskou jadernou elektr\u00e1rnu Kursk (JE), prohl\u00e1sil prezident Vladimir Putin na zased\u00e1n\u00ed vl\u00e1dy.<\/span><\/p>\n<p><span>Kyjev za\u010d\u00e1tkem tohoto m\u011bs\u00edce vyslal do rusk\u00e9 Kursk\u00e9 oblasti tis\u00edce voj\u00e1k\u016f, kte\u0159\u00ed se pokusili dostat do m\u011bsta Kur\u010datov, kde se nach\u00e1z\u00ed jadern\u00e9 za\u0159\u00edzen\u00ed. Moskva prohl\u00e1sila invazi za teroristick\u00fd \u010din a na odra\u017een\u00ed \u00fato\u010dn\u00edk\u016f nasadila dal\u0161\u00ed jednotky.<\/span><\/p>\n<p><em><span>&#8222;V\u010dera v noci se nep\u0159\u00edtel pokusil za\u00fato\u010dit na atomovou elektr\u00e1rnu,&#8220;<\/span><\/em><span>\u00a0\u200b\u200b\u0159ekl Putin na zased\u00e1n\u00ed vl\u00e1dy ve \u010dtvrtek odpoledne.\u00a0\u00a0<\/span><em><span>\u201eMezin\u00e1rodn\u00ed agentura pro atomovou energii (MAAE) byla informov\u00e1na. Sl\u00edbili, \u017ee sami p\u0159ijedou a po\u0161lou specialisty, aby situaci posoudili. Douf\u00e1m, \u017ee tak skute\u010dn\u011b ud\u011blaj\u00ed.&#8220;<\/span><\/em><\/p>\n<p><span>MAAE ji\u017e m\u00e1 pozorovatele pracuj\u00edc\u00ed v Z\u00e1poro\u017esk\u00e9 JE, nejv\u011bt\u0161\u00edm evropsk\u00e9m takov\u00e9m za\u0159\u00edzen\u00ed. Mise byla nasazena v l\u00e9t\u011b 2023, kdy\u017e se ukrajinsk\u00e9 jednotky pokusily elektr\u00e1rnu ovl\u00e1dnout. Za\u010d\u00e1tkem tohoto m\u011bs\u00edce zap\u00e1lil ukrajinsk\u00fd bezpilotn\u00ed letoun jednu z chladic\u00edch v\u011b\u017e\u00ed elektr\u00e1rny.<\/span><\/p>\n<p><span>Gener\u00e1ln\u00ed \u0159editel Rosatomu Alexej Licha\u010dev diskutoval o situaci v obou elektr\u00e1rn\u00e1ch s \u0159editelem MAAE Rafaelem Grossim a pozval ho na n\u00e1v\u0161t\u011bvu Kurska, aby situaci osobn\u011b zhodnotil, uvedla rusk\u00e1 m\u00e9dia.<\/span><\/p>\n<p><span>Grossi pozv\u00e1n\u00ed p\u0159ijal a pl\u00e1nuje n\u00e1v\u0161t\u011bvu Kurska p\u0159\u00ed\u0161t\u00ed t\u00fdden, \u0159ekl agentu\u0159e AFP mluv\u010d\u00ed MAAE. Pot\u00e9 nav\u0161t\u00edv\u00ed Kyjev a promluv\u00ed si s ukrajinsk\u00fdm v\u016fdcem Vladimirem Zelensk\u00fdm.<\/span><\/p>\n<p><span>Podle Grossiho je MAAE velmi znepokojena bojov\u00fdmi operacemi v bl\u00edzkosti JE Kursk, proto\u017ee provozuje stejn\u00fd druh reaktor\u016f jako nechvaln\u011b zn\u00e1m\u00e1 JE \u010cernobyl.<\/span><\/p>\n<p><em><span>&#8222;Nemaj\u00ed kolem sebe ochrannou kopuli, jen norm\u00e1ln\u00ed st\u0159echu, co\u017e znamen\u00e1, \u017ee j\u00e1dro reaktoru je p\u011bkn\u011b odkryt\u00e9,&#8220;<\/span><\/em><span>\u00a0\u0159ekl Grossi. P\u0159\u00edtomnost voj\u00e1k\u016f na dost\u0159elu d\u011blost\u0159electva\u00a0<\/span><em><span>\u201eje zdrojem obrovsk\u00e9ho znepokojen\u00ed pro m\u011b a agenturu,\u201c<\/span><\/em><span>\u00a0dodal, ani\u017e by up\u0159esnil, kter\u00e9 s\u00edly m\u00e1 na mysli.<\/span><\/p>\n<p><span>Moskva opakovan\u011b kritizovala mezin\u00e1rodn\u00ed agenturu za to, \u017ee nikdy neidentifikovala pachatele \u00fatok\u016f na jadern\u00e1 za\u0159\u00edzen\u00ed, p\u0159esto\u017ee pracovn\u00edci MAAE velmi dob\u0159e v\u011bd\u011bli, \u017ee za to m\u016f\u017ee Kyjev.<\/span><\/p>\n<p><span>Minul\u00fd t\u00fdden rusk\u00fd vojensk\u00fd novin\u00e1\u0159 Marat Khairullin uvedl, \u017ee Ukrajina p\u0159ipravuje\u00a0<\/span><em><span>\u201e\u0161pinavou bombu\u201c<\/span><\/em><span>\u00a0pro \u00fatok pod fale\u0161nou vlajkou na JE Kursk nebo Z\u00e1poro\u017e\u00ed. Moskva uvedla, \u017ee bere zpr\u00e1vu v\u00e1\u017en\u011b a varovala, \u017ee ka\u017ed\u00fd takov\u00fd \u00fatok bude okam\u017eit\u011b \u010delit\u00a0<\/span><em><span>\u201etvrd\u00fdm vojensk\u00fdm a vojensko-technick\u00fdm protiopat\u0159en\u00edm\u201c.<\/span><\/em><\/p>\n<p><img decoding=\"async\" loading=\"lazy\" class=\"alignnone size-full wp-image-1185\" src=\"http:\/\/www.infokuryr.cz\/n\/wp-content\/uploads\/2021\/04\/kuryr-podpis.png\" alt=\"\" width=\"84\" height=\"24\" \/><\/p>\n<p>&nbsp;<\/p>\n","protected":false},"excerpt":{"rendered":"<p>MAAE byla informov\u00e1na o pokusu o \u00fader na za\u0159\u00edzen\u00ed v Kursk\u00e9 oblasti, \u0159ekl prezident Ukrajinsk\u00e9&#8230;<\/p>\n","protected":false},"author":2,"featured_media":60572,"comment_status":"closed","ping_status":"closed","sticky":false,"template":"","format":"standard","meta":[],"categories":[7],"tags":[2998,1431,102,26,723],"_links":{"self":[{"href":"https:\/\/www.infokuryr.cz\/n\/wp-json\/wp\/v2\/posts\/60571"}],"collection":[{"href":"https:\/\/www.infokuryr.cz\/n\/wp-json\/wp\/v2\/posts"}],"about":[{"href":"https:\/\/www.infokuryr.cz\/n\/wp-json\/wp\/v2\/types\/post"}],"author":[{"embeddable":true,"href":"https:\/\/www.infokuryr.cz\/n\/wp-json\/wp\/v2\/users\/2"}],"replies":[{"embeddable":true,"href":"https:\/\/www.infokuryr.cz\/n\/wp-json\/wp\/v2\/comments?post=60571"}],"version-history":[{"count":0,"href":"https:\/\/www.infokuryr.cz\/n\/wp-json\/wp\/v2\/posts\/60571\/revisions"}],"wp:featuredmedia":[{"embeddable":true,"href":"https:\/\/www.infokuryr.cz\/n\/wp-json\/wp\/v2\/media\/60572"}],"wp:attachment":[{"href":"https:\/\/www.infokuryr.cz\/n\/wp-json\/wp\/v2\/media?parent=60571"}],"wp:term":[{"taxonomy":"category","embeddable":true,"href":"https:\/\/www.infokuryr.cz\/n\/wp-json\/wp\/v2\/categories?post=60571"},{"taxonomy":"post_tag","embeddable":true,"href":"https:\/\/www.infokuryr.cz\/n\/wp-json\/wp\/v2\/tags?post=60571"}],"curies":[{"name":"wp","href":"https:\/\/api.w.org\/{rel}","templated":true}]}}