{"id":60570,"date":"2024-08-23T00:55:29","date_gmt":"2024-08-22T22:55:29","guid":{"rendered":"https:\/\/www.infokuryr.cz\/n\/?p=60570"},"modified":"2024-08-22T19:54:40","modified_gmt":"2024-08-22T17:54:40","slug":"dalsi-provokace-nato-rozmisti-novou-obrnenou-brigadu-na-hranicich-ruska","status":"publish","type":"post","link":"https:\/\/www.infokuryr.cz\/n\/2024\/08\/23\/dalsi-provokace-nato-rozmisti-novou-obrnenou-brigadu-na-hranicich-ruska\/","title":{"rendered":"Dal\u0161\u00ed provokace: NATO rozm\u00edst\u00ed novou obrn\u011bnou brig\u00e1du na hranic\u00edch Ruska"},"content":{"rendered":"<div id=\"fb-root\"><\/div>\n<p><span style=\"font-size: 18pt;\"><strong>Podle listu Iltalehti bude ve Finsku asi 90 mil od hranic mezi ob\u011bma zem\u011bmi rozm\u00edst\u011bno a\u017e 5000 voj\u00e1k\u016f<\/strong><\/span><\/p>\n<p><span>NATO pl\u00e1nuje rozm\u00edstit ve Finsku obrn\u011bnou brig\u00e1du, kter\u00e1 m\u00e1 slou\u017eit jako odstra\u0161uj\u00edc\u00ed prost\u0159edek proti Rusku, informoval ve \u010dtvrtek list Iltalehti s odkazem na zdroje z vojensk\u00e9ho bloku veden\u00e9m USA a vl\u00e1dy v Helsink\u00e1ch.<\/span><\/p>\n<p><span>Jednotka, kter\u00e1 by mohla m\u00edt velikost od 4000 do 5000 voj\u00e1k\u016f, bude podle den\u00edku dislokov\u00e1na v Mikkeli v jihov\u00fdchodn\u00ed \u010d\u00e1sti Finska. Mikkeli, kter\u00fd m\u00e1 51 000 obyvatel, je jen 87 mil (140 kilometr\u016f) od hranic s Ruskem.<\/span><\/p>\n<p><span>Podle zdroj\u016f den\u00edku bude brig\u00e1da zahrnovat jednotky NATO ze sousedn\u00edho \u0160v\u00e9dska a Norska.<\/span><\/p>\n<p><span>Finsk\u00e1 vl\u00e1da se podle \u010dl\u00e1nku\u00a0rozhodla nasadit voj\u00e1ky NATO z jin\u00fdch zem\u00ed k\u00a0<\/span><em><span>\u201epos\u00edlen\u00ed preventivn\u00edho odstra\u0161ov\u00e1n\u00ed\u201c proti Rusku.<\/span><\/em><\/p>\n<p><span>Rozhodnut\u00ed z\u0159\u00eddit vojensk\u00e9 velitelstv\u00ed NATO v Mikkeli bude ve\u0159ejnosti ofici\u00e1ln\u011b ozn\u00e1meno v n\u00e1sleduj\u00edc\u00edch t\u00fddnech, uv\u00e1d\u00ed Iltalehti.<\/span><\/p>\n<p><span>Finsko se vzdalo sv\u00e9 dlouhodob\u00e9 politiky neutrality a stalo se \u010dlenem NATO v dubnu 2023 s odvol\u00e1n\u00edm na obavy z rusko-ukrajinsk\u00e9ho konfliktu. Moskva na tento krok reagovala p\u0159\u00edslibem, \u017ee uprav\u00ed sv\u00e9 obrann\u00e9 postaven\u00ed v severoz\u00e1padn\u00ed \u010d\u00e1sti Ruska. P\u0159edstavitel\u00e9 v\u0161ak tak\u00e9 pouk\u00e1zali na to, \u017ee \u00fa\u010dast Helsinek v bloku nepova\u017euj\u00ed za existen\u010dn\u00ed hrozbu.<\/span><\/p>\n<p><span>Finsk\u00fd ministr obrany Antti Hakkanen ve st\u0159edu pro st\u00e1tn\u00ed televizi Yle \u0159ekl, \u017ee Helsinky jednaj\u00ed s n\u011bkolika st\u00e1ty NATO o rozm\u00edst\u011bn\u00ed sv\u00fdch voj\u00e1k\u016f ve Finsku, i kdy\u017e zem\u011b nebude \u010delit bezprost\u0159edn\u00ed vojensk\u00e9 hrozb\u011b. Kontingent bloku by m\u011bl b\u00fdt\u00a0<\/span><em><span>\u201ekomplexn\u00ed a dostate\u010dn\u011b velk\u00fd, aby tvo\u0159il dostate\u010dnou p\u0159\u00edtomnost v krizov\u00fdch situac\u00edch,\u201c<\/span><\/em><span>\u00a0zd\u016fraznil. Podle Hakkanena by voj\u00e1ci z jeho vlastn\u00edch i jin\u00fdch zem\u00ed NATO mohli mimo jin\u00e9 uspo\u0159\u00e1dat rozs\u00e1hl\u00e1 vojensk\u00e1 cvi\u010den\u00ed, pokud bude\u00a0<\/span><em><span>na hranic\u00edch<\/span><\/em><span>\u00a0s Ruskem \u201enapjat\u00e1 atmosf\u00e9ra\u201c.<\/span><\/p>\n<p><span>Mluv\u010d\u00ed rusk\u00e9ho ministerstva zahrani\u010d\u00ed Maria Zacharovov\u00e1 ve \u010dtvrtek uvedla, \u017ee Moskva\u00a0<\/span><em><span>\u201epo vstupu zem\u011b do NATO registruje ve Finsku znateln\u00fd n\u00e1r\u016fst vojensk\u00e9 aktivity\u201c.<\/span><\/em><span>\u00a0Helsinky nyn\u00ed jednaj\u00ed v souladu s politikou Z\u00e1padu, kter\u00fd se sna\u017e\u00ed Rusku u\u0161t\u011bd\u0159it strategickou por\u00e1\u017eku, dodala.<\/span><\/p>\n<p><img decoding=\"async\" loading=\"lazy\" class=\"alignnone size-full wp-image-1185\" src=\"http:\/\/www.infokuryr.cz\/n\/wp-content\/uploads\/2021\/04\/kuryr-podpis.png\" alt=\"\" width=\"84\" height=\"24\" \/><\/p>\n<p>&nbsp;<\/p>\n","protected":false},"excerpt":{"rendered":"<p>Podle listu Iltalehti bude ve Finsku asi 90 mil od hranic mezi ob\u011bma zem\u011bmi rozm\u00edst\u011bno&#8230;<\/p>\n","protected":false},"author":2,"featured_media":31716,"comment_status":"closed","ping_status":"closed","sticky":false,"template":"","format":"standard","meta":[],"categories":[7],"tags":[39,716,22],"_links":{"self":[{"href":"https:\/\/www.infokuryr.cz\/n\/wp-json\/wp\/v2\/posts\/60570"}],"collection":[{"href":"https:\/\/www.infokuryr.cz\/n\/wp-json\/wp\/v2\/posts"}],"about":[{"href":"https:\/\/www.infokuryr.cz\/n\/wp-json\/wp\/v2\/types\/post"}],"author":[{"embeddable":true,"href":"https:\/\/www.infokuryr.cz\/n\/wp-json\/wp\/v2\/users\/2"}],"replies":[{"embeddable":true,"href":"https:\/\/www.infokuryr.cz\/n\/wp-json\/wp\/v2\/comments?post=60570"}],"version-history":[{"count":0,"href":"https:\/\/www.infokuryr.cz\/n\/wp-json\/wp\/v2\/posts\/60570\/revisions"}],"wp:featuredmedia":[{"embeddable":true,"href":"https:\/\/www.infokuryr.cz\/n\/wp-json\/wp\/v2\/media\/31716"}],"wp:attachment":[{"href":"https:\/\/www.infokuryr.cz\/n\/wp-json\/wp\/v2\/media?parent=60570"}],"wp:term":[{"taxonomy":"category","embeddable":true,"href":"https:\/\/www.infokuryr.cz\/n\/wp-json\/wp\/v2\/categories?post=60570"},{"taxonomy":"post_tag","embeddable":true,"href":"https:\/\/www.infokuryr.cz\/n\/wp-json\/wp\/v2\/tags?post=60570"}],"curies":[{"name":"wp","href":"https:\/\/api.w.org\/{rel}","templated":true}]}}