{"id":60569,"date":"2024-08-23T00:54:05","date_gmt":"2024-08-22T22:54:05","guid":{"rendered":"https:\/\/www.infokuryr.cz\/n\/?p=60569"},"modified":"2024-08-22T19:48:29","modified_gmt":"2024-08-22T17:48:29","slug":"jiri-vyvadil-neni-v-ceskych-dejinach-horsiho-a-amoralnejsiho-prezidenta","status":"publish","type":"post","link":"https:\/\/www.infokuryr.cz\/n\/2024\/08\/23\/jiri-vyvadil-neni-v-ceskych-dejinach-horsiho-a-amoralnejsiho-prezidenta\/","title":{"rendered":"Ji\u0159\u00ed Vyvadil: Nen\u00ed v \u010desk\u00fdch d\u011bjin\u00e1ch hor\u0161\u00edho a amor\u00e1ln\u011bj\u0161\u00edho prezidenta"},"content":{"rendered":"<div id=\"fb-root\"><\/div>\n<p><strong>Kdysi jsem si myslil, \u017ee je to Emil H\u00e1cha. Ale tento neboh\u00fd mu\u017e pod v\u00fdhru\u017ekami na vybombardov\u00e1n\u00ed Prahy, kter\u00e9 mu sliboval \u0161\u00e9f Luftwaffe G\u00f6ring b\u011bhem n\u00e1tlakov\u00e9ho rozhovoru s Hitlerem o souhlasu s vyhl\u00e1\u0161en\u00edm Protektor\u00e1tu B\u00f6hmen und M\u00e4hren. Kdo z n\u00e1s by proboha odolal?<\/strong><\/p>\n<p>Ale kdykoliv\u00a0 se sou\u010dasn\u00fd\u00a0 Petr Pavel, mor\u00e1ln\u00ed hoch\u0161tapler\u00a0 par excellence, vyj\u00e1d\u0159\u00ed ke konfliktn\u00ed etap\u011b \u010desk\u00fdch d\u011bjin, kdy on se choval \u00a0zvl\u00e1\u0161\u0165\u00a0 odpudiv\u011b, kam v\u00edtr, tam pl\u00e1\u0161\u0165, ml\u010dky zvrac\u00edm. Byli samoz\u0159ejm\u011b i jin\u00e9 typy\u2026Takov\u00fd Klement Gottwald jist\u011b zavinil smrt mnoha stovek lid\u00ed a rozvr\u00e1til osudy statis\u00edc\u016f. Ale v\u00a0jednom byl\u00a0 rozhodn\u011b mor\u00e1ln\u011bj\u0161\u00ed ne\u017e Petr Pavel. On v\u011b\u0159il stalinsk\u00e9 verzi totalitn\u00edho socialismu spojen\u00e9ho s\u00a0n\u00e1sil\u00edm. A i setrval\u00fdm tlakem z\u00a0Moskvy byl k\u00a0n\u011bmu tla\u010den.<\/p>\n<p>To Petr \u00a0\u00a0Pavel za doby sv\u00e9ho mladistv\u00e9ho r\u016fstu rozhodn\u011b nebyl k\u00a0ni\u010demu tla\u010den. V\u00a0jeho dob\u011b jsme \u017eili my v\u0161ichni a m\u00e1lokdo byl tak fanatick\u00fd jako on, kter\u00fd z\u00e1\u0159iv\u011b stoupal a\u017e do kl\u00ed\u010dov\u00e9ho zlomu v\u00a0roce 1989 ve \u0161l\u00e9p\u011bj\u00edch budov\u00e1n\u00ed pevn\u00e9 marxisticko-leninsk\u00e9 spole\u010dnosti bojuj\u00edc\u00ed proti americk\u00e9mu imperialismu i sv\u011btov\u00e9mu kapitalismu. V\u0161ichni u\u017e jsme ch\u00e1pali, \u017ee je to jeden velk\u00fd omyl. Jen on do posledn\u00edch okam\u017eik\u016f byl v\u011brn\u00fdm stoupencem a bojovn\u00edkem proti kontrarevolu\u010dn\u00edm my\u0161lenk\u00e1m<\/p>\n<p>Co je ov\u0161em daleko odpudiv\u011bj\u0161\u00ed, \u017ee dnes p\u0159evzal slovn\u00edk nejfanati\u010dt\u011bj\u0161\u00edch sek\u00fdrn\u00edk\u016f typu Folt\u00fdna a spol.<\/p>\n<p>Ov\u0161em mnohem hor\u0161\u00ed je, \u017ee mu za to p\u0159es 55% n\u00e1roda \u00a0\u00a0tlesk\u00e1 a stejn\u011b tak tlesk\u00e1 t\u00e9to vl\u00e1d\u011b, kter\u00e1 vo\u0159e v\u0161echno na co s\u00e1hne, ale je pevn\u00e1 v\u00a0nen\u00e1visti k\u00a0Rusku a k\u00a0pln\u00e9mu p\u0159esv\u011bd\u010den\u00ed, \u017ee za v\u0161echny probl\u00e9my na\u0161\u00ed zem\u011b m\u016f\u017ee pr\u00e1v\u011b Rusko. Mimochodem tyto pocity zjevn\u011b nemaj\u00ed v\u00edce p\u0159em\u00fd\u0161liv\u00ed N\u011bmci \u010di Francouzi, ale \u010ce\u0161i \u2013 \u017eel se chovaj\u00ed jako tup\u00e9 st\u00e1do.<\/p>\n<p>Nemohl jsem si odpustit \u010d\u00e1st prohl\u00e1\u0161en\u00ed tohoto neblah\u00e9ho mu\u017ee k\u00a0v\u00fdro\u010d\u00ed 21. srpna.<\/p>\n<p>Prezident Petr Pavel p\u0159i t\u00e9 p\u0159\u00edle\u017eitosti vyzval k uct\u011bn\u00ed pam\u00e1tky ob\u011bt\u00ed a k vyj\u00e1d\u0159en\u00ed respektu v\u0161em, kte\u0159\u00ed tehdy mor\u00e1ln\u011b neuhnuli. Prezident z\u00e1rove\u0148 vyzval ke spole\u010dn\u00e9mu vylep\u0161ov\u00e1n\u00ed na\u0161\u00ed demokracie.<\/p>\n<p>Nejsem krve\u017e\u00edzniv\u00fd \u010dlov\u011bk a um\u011bl bych odpustit. Kdyby alespo\u0148 ten mizera dodal, \u017ee on bohu\u017eel a\u017e do roku 1989 st\u00e1l na p\u0159esn\u011b opa\u010dn\u00e9 stran\u011b barik\u00e1dy. Ale to on ne. A\u010dkoliv zcela jist\u011b jako\u00a0 vedouc\u00ed k\u00e1dr sv\u00e9ho odd\u00edlu a p\u0159edseda ZO KS\u010c dr\u017eel v\u00a0doty\u010dn\u00e9 dny slu\u017ebu proti naru\u0161en\u00ed nep\u0159\u00edtelem.<\/p>\n<p>\u201eMohlo by se zd\u00e1t, \u017ee k ud\u00e1lostem, kter\u00e9 se staly p\u0159ed \u0161estapades\u00e1ti lety, u\u017e bylo v\u0161e \u0159e\u010deno. Ale opak je pravdou. Je pot\u0159eba si je p\u0159ipom\u00ednat. A\u0165 u\u017e pro uct\u011bn\u00ed pam\u00e1tky ob\u011bt\u00ed nebo vyj\u00e1d\u0159en\u00ed respektu v\u0161em, kte\u0159\u00ed m\u011bli jasn\u011b nastaven\u00fd mor\u00e1ln\u00ed kompas a neuhnuli. Historie m\u00e1 toti\u017e tendenci se opakovat,\u201c uvedl Pavel s\u00a0t\u00edm, \u017ee dne\u0161n\u00ed Rusko se v ni\u010dem podstatn\u00e9m neli\u0161\u00ed od tehdej\u0161\u00edho Sov\u011btsk\u00e9ho svazu.<\/p>\n<p>Nu\u017ee tomu Sov\u011btsk\u00e9mu svazu p\u0159\u00edsahal v\u011brnost. A najednou zji\u0161\u0165uje, \u017ee jeho d\u0159\u00edve oce\u0148ovan\u00fd a jist\u011b vz\u00fdvan\u00fd Sov\u011btsk\u00fd svaz m\u00e1 tak\u00e9 \u00a0snahu ur\u010dovat suver\u00e9nn\u00edm zem\u00edm co se sm\u00ed a nesm\u00ed.<\/p>\n<p>Ale v\u017edy\u0165 pro tyto d\u016fvody jej jist\u011b podporoval\u2026<\/p>\n<p>Dnes zjistil, \u017ee jsou to mo\u017en\u00e1 USA\u2026<\/p>\n<p>Kdy\u017e n\u00e1hodou Rusko ten konflikt proti Z\u00e1padu vyhraje, po\u010dkejme si znovu na jeho veleto\u010d.<\/p>\n<p>R\u00e1d si prodlou\u017e\u00edm sv\u016fj \u017eivot o n\u011bkolik let, abych se ztrapn\u011bn\u00ed pana Pavla do\u017eil.<\/p>\n<p><a href=\"https:\/\/vasevec.info\/domaci-politika\/neni-v-ceskych-dejinach-horsiho-amoralnejsiho-prezidenta\">Ji\u0159\u00ed Vyvadil<\/a><\/p>\n<p><img decoding=\"async\" loading=\"lazy\" class=\"alignnone size-medium wp-image-16474\" src=\"http:\/\/www.infokuryr.cz\/n\/wp-content\/uploads\/2022\/10\/jiri-vyvadil-300x200.jpg\" alt=\"\" width=\"300\" height=\"200\" srcset=\"https:\/\/www.infokuryr.cz\/n\/wp-content\/uploads\/2022\/10\/jiri-vyvadil-300x200.jpg 300w, https:\/\/www.infokuryr.cz\/n\/wp-content\/uploads\/2022\/10\/jiri-vyvadil-768x512.jpg 768w, https:\/\/www.infokuryr.cz\/n\/wp-content\/uploads\/2022\/10\/jiri-vyvadil.jpg 800w\" sizes=\"(max-width: 300px) 100vw, 300px\" \/><\/p>\n<p>&nbsp;<\/p>\n","protected":false},"excerpt":{"rendered":"<p>Kdysi jsem si myslil, \u017ee je to Emil H\u00e1cha. Ale tento neboh\u00fd mu\u017e pod v\u00fdhru\u017ekami&#8230;<\/p>\n","protected":false},"author":2,"featured_media":57285,"comment_status":"closed","ping_status":"closed","sticky":false,"template":"","format":"standard","meta":[],"categories":[6],"tags":[1503,1173,165],"_links":{"self":[{"href":"https:\/\/www.infokuryr.cz\/n\/wp-json\/wp\/v2\/posts\/60569"}],"collection":[{"href":"https:\/\/www.infokuryr.cz\/n\/wp-json\/wp\/v2\/posts"}],"about":[{"href":"https:\/\/www.infokuryr.cz\/n\/wp-json\/wp\/v2\/types\/post"}],"author":[{"embeddable":true,"href":"https:\/\/www.infokuryr.cz\/n\/wp-json\/wp\/v2\/users\/2"}],"replies":[{"embeddable":true,"href":"https:\/\/www.infokuryr.cz\/n\/wp-json\/wp\/v2\/comments?post=60569"}],"version-history":[{"count":0,"href":"https:\/\/www.infokuryr.cz\/n\/wp-json\/wp\/v2\/posts\/60569\/revisions"}],"wp:featuredmedia":[{"embeddable":true,"href":"https:\/\/www.infokuryr.cz\/n\/wp-json\/wp\/v2\/media\/57285"}],"wp:attachment":[{"href":"https:\/\/www.infokuryr.cz\/n\/wp-json\/wp\/v2\/media?parent=60569"}],"wp:term":[{"taxonomy":"category","embeddable":true,"href":"https:\/\/www.infokuryr.cz\/n\/wp-json\/wp\/v2\/categories?post=60569"},{"taxonomy":"post_tag","embeddable":true,"href":"https:\/\/www.infokuryr.cz\/n\/wp-json\/wp\/v2\/tags?post=60569"}],"curies":[{"name":"wp","href":"https:\/\/api.w.org\/{rel}","templated":true}]}}