{"id":60567,"date":"2024-08-23T00:53:49","date_gmt":"2024-08-22T22:53:49","guid":{"rendered":"https:\/\/www.infokuryr.cz\/n\/?p=60567"},"modified":"2024-08-22T19:41:53","modified_gmt":"2024-08-22T17:41:53","slug":"andrew-korybko-plan-kyjeva-na-zakaz-ukrajinske-pravoslavne-cirkve-ukazuje-jak-nejista-je-narodni-identita","status":"publish","type":"post","link":"https:\/\/www.infokuryr.cz\/n\/2024\/08\/23\/andrew-korybko-plan-kyjeva-na-zakaz-ukrajinske-pravoslavne-cirkve-ukazuje-jak-nejista-je-narodni-identita\/","title":{"rendered":"Andrew Korybko: Pl\u00e1n Kyjeva na z\u00e1kaz ukrajinsk\u00e9 pravoslavn\u00e9 c\u00edrkve ukazuje, jak nejist\u00e1 je n\u00e1rodn\u00ed identita"},"content":{"rendered":"<div id=\"fb-root\"><\/div>\n<p><strong>Kyjevu se nel\u00edb\u00ed, \u017ee se zna\u010dn\u00e1 \u010d\u00e1st populace odm\u00edt\u00e1 pod\u0159\u00eddit \u201enegativn\u00edmu nacionalismu\u201c, kter\u00fd na nich agresivn\u011b vnucuj\u00ed od roku 2014 t\u00edm, \u017ee pokra\u010duj\u00ed v bohoslu\u017eb\u00e1ch na m\u00edstech ukrajinsk\u00fdch pravoslavn\u00fdch c\u00edrkv\u00ed nam\u00edsto vl\u00e1dou podporovan\u00e9 ukrajinsk\u00e9 pravoslavn\u00e9 c\u00edrkve.<\/strong><\/p>\n<p>Rada za\u010d\u00e1tkem tohoto t\u00fddne\u00a0<a href=\"https:\/\/www.rt.com\/russia\/602842-ukrainian-mps-uoc-ban\/\">schv\u00e1lila z\u00e1kon\u00a0<\/a>o z\u00e1kazu Ukrajinsk\u00e9 pravoslavn\u00e9 c\u00edrkve (UOC) do poloviny p\u0159\u00ed\u0161t\u00edho roku, pokud nep\u0159eru\u0161\u00ed v\u0161echny vazby s Ruskou pravoslavnou c\u00edrkv\u00ed (ROC). Kyjev obvinil UOC, \u017ee je pod vlivem ROC, i kdy\u017e UOC deklarovala plnou autonomii od ROC na za\u010d\u00e1tku roku 2022. \u00da\u0159ady p\u0159edpokl\u00e1daj\u00ed nahrazen\u00ed UOC Pravoslavnou c\u00edrkv\u00ed Ukrajiny (OCU), kter\u00e1 byla sporn\u011b uzn\u00e1na ekumenick\u00fdm patriarch\u00e1tem jako autokef\u00e1ln\u00ed. v roce 2019.<\/p>\n<p>\u010cten\u00e1\u0159i se o tomto komplikovan\u00e9m t\u00e9matu mohou dozv\u011bd\u011bt v\u00edce v podrobn\u00e9m \u010dl\u00e1nku RT z lo\u0148sk\u00e9ho srpna o \u201e\u00a0<a href=\"https:\/\/www.rt.com\/russia\/580316-constantinople-vs-moscow-conflict\/\">Posledn\u00ed k\u0159\u00ed\u017eov\u00e9 v\u00fdprav\u011b: Jak konflikt mezi Ruskem a Z\u00e1padem podn\u00edtil z\u00e1sadn\u00ed rozkol v ortodoxn\u00ed k\u0159es\u0165ansk\u00e9 c\u00edrkvi\u00a0<\/a>\u201c. V\u0161e, co pr\u016fm\u011brn\u00ed lid\u00e9 v\u011bd\u00ed, je, \u017ee OCU je sou\u010d\u00e1st\u00ed Z\u00e1padem podporovan\u00fdch snah Ukrajiny po roce 2014 vytvo\u0159it protiruskou n\u00e1rodn\u00ed identitu, kter\u00e1 zahrnuje omezov\u00e1n\u00ed pr\u00e1v v ru\u0161tin\u011b a sv\u00e9voln\u00e9 pron\u00e1sledov\u00e1n\u00ed t\u011bch, kte\u0159\u00ed j\u00ed st\u00e1le mluv\u00ed na ve\u0159ejnosti. .<\/p>\n<p>Putin\u016fv magnum opus z l\u00e9ta 2021 \u201e\u00a0<a href=\"http:\/\/en.kremlin.ru\/events\/president\/news\/66181\">O historick\u00e9 jednot\u011b Rus\u016f a Ukrajinc\u016f\u00a0<\/a>\u201c stoj\u00ed za p\u0159e\u010dten\u00ed pro ty, kte\u0159\u00ed cht\u011bj\u00ed pochopit, jak vznikla samostatn\u00e1, i kdy\u017e p\u016fvodn\u011b ne radik\u00e1ln\u011b protirusk\u00e1 identita Ukrajiny. Stru\u010dn\u011b \u0159e\u010deno, byl to z velk\u00e9 \u010d\u00e1sti d\u016fsledek n\u011bkdej\u0161\u00edho rozpadu Kyjevsk\u00e9 Rusi, po kter\u00e9m jej\u00ed srdce, dnes zn\u00e1m\u00e9 jako Ukrajina, padlo pod litevsk\u00fd a pot\u00e9 polsk\u00fd vliv. Pot\u00e9 n\u00e1sledovaly n\u011bkter\u00e9 rakousk\u00e9, imperi\u00e1ln\u00ed n\u011bmeck\u00e9, nacistick\u00e9 a nyn\u00ed i americk\u00e9 vlivy.<\/p>\n<p>V pr\u016fb\u011bhu stalet\u00ed se mezi p\u016fvodn\u00edmi obyvateli z t\u00e9to \u010d\u00e1sti b\u00fdval\u00e9ho civiliza\u010dn\u00edho st\u00e1tu a jeho severov\u00fdchodn\u00edch oblast\u00ed, odkud se zrodilo budouc\u00ed rusk\u00e9 imp\u00e9rium, vyv\u00edjely jazykov\u00e9 rozd\u00edly, kter\u00e9 se spojily s r\u016fzn\u00fdmi historick\u00fdmi zku\u0161enostmi a vytvo\u0159ily samostatnou ukrajinskou identitu. M\u00edsto toho, aby ultranacionalist\u00e9 oslavovali jeho bl\u00edzkost s Ruskem kv\u016fli jejich spole\u010dn\u00fdm ko\u0159en\u016fm, za\u010dali b\u00fdt odd\u00e1ni p\u0159eh\u00e1n\u011bn\u00ed a dokonce v\u00fdrobn\u00edch rozd\u00edl\u016f, aby vytvo\u0159ili \u201e\u00a0<a href=\"https:\/\/astutenews.com\/2021\/05\/negative-nationalism-is-a-potent-a-means-of-political-mobilization-in-parts-of-europe\/\">negativn\u00ed nacionalismus\u00a0<\/a>\u201c.<\/p>\n<p>T\u00edm je m\u00edn\u011bno, \u017ee ukrajinsk\u00e1 identita, jak sama o sob\u011b d\u00edky n\u011bkter\u00fdm m\u00edstn\u00edm demagog\u016fm, ale tak\u00e9 zejm\u00e9na v d\u016fsledku zm\u00edn\u011bn\u00fdch zahrani\u010dn\u00edch vliv\u016f, za\u010dala b\u00fdt definov\u00e1na t\u00edm, jak se \u00fadajn\u011b li\u0161\u00ed od rusk\u00e9. Tento trend prom\u011bnil Ukrajinu a jej\u00ed obyvatele, kte\u0159\u00ed se dr\u017eeli t\u00e9to konkr\u00e9tn\u00ed formy identity, v geopolitick\u00e9 z\u00e1stupce ciz\u00edch mocnost\u00ed proti Rusku, p\u0159i\u010dem\u017e souvisej\u00edc\u00ed proces se bezprecedentn\u011b zrychlil s americkou podporou v d\u016fsledku \u201eeuromajdanu\u201c.<\/p>\n<p>Aby bylo jasno, Putin nen\u00ed proti samostatn\u00e9 ukrajinsk\u00e9 identit\u011b jako takov\u00e9, jak dokazuje to, co o tom napsal ve sv\u00e9m velkolep\u00e9m opusu: \u201eV\u011bci se m\u011bn\u00ed: zem\u011b a komunity nejsou v\u00fdjimkou. Je samoz\u0159ejm\u00e9, \u017ee n\u011bkter\u00e1 \u010d\u00e1st lidu si v procesu sv\u00e9ho v\u00fdvoje, ovlivn\u011bn\u00e1 \u0159adou d\u016fvod\u016f a historick\u00fdch okolnost\u00ed, m\u016f\u017ee v ur\u010dit\u00e9 chv\u00edli uv\u011bdomit sebe sama jako samostatn\u00fd n\u00e1rod. Jak to m\u00e1me l\u00e9\u010dit? Existuje jen jedna odpov\u011b\u010f: s respektem!\u201d<\/p>\n<p>Okam\u017eit\u011b v\u0161ak dodal, \u017ee tato nov\u011b vytvo\u0159en\u00e1 identita nesm\u00ed b\u00fdt vyzbrojena proti Rusku, i kdy\u017e se to bohu\u017eel stalo s Ukrajinou. Posledn\u00edm p\u0159\u00edkladem toho je z\u00e1kon, kter\u00fd byl pops\u00e1n na za\u010d\u00e1tku t\u00e9to anal\u00fdzy o z\u00e1kazu UOC do poloviny p\u0159\u00ed\u0161t\u00edho roku pod fale\u0161nou z\u00e1minkou, \u017ee p\u016fsob\u00ed jako z\u00e1stupce ROC v zemi. Skute\u010dn\u00fdm d\u016fvodem, kter\u00fd nyn\u00ed \u010dten\u00e1\u0159 l\u00e9pe pochop\u00ed po pozad\u00ed p\u0159edchoz\u00edch odstavc\u016f, je nejistota Ukrajiny.<\/p>\n<p>Jej\u00edm v\u016fdc\u016fm se nel\u00edb\u00ed, \u017ee se zna\u010dn\u00e1 \u010d\u00e1st populace odm\u00edt\u00e1 pod\u0159\u00eddit \u201enegativn\u00edmu nacionalismu\u201c, kter\u00fd jim od roku 2014 s americkou podporou agresivn\u011b vnucuj\u00ed t\u00edm, \u017ee pokra\u010duj\u00ed v uct\u00edv\u00e1n\u00ed v kostelech UOC m\u00edsto v OCU. V souladu s t\u00edm maj\u00ed podez\u0159en\u00ed, \u017ee jejich ideologick\u00e1 mise nebyla zdaleka tak \u00fasp\u011b\u0161n\u00e1, jak ji ve\u0159ejn\u011b prezentovali, a ob\u00e1vaj\u00ed se, \u017ee v\u0161e, co ud\u011blali za posledn\u00ed desetilet\u00ed, by se dalo zvr\u00e1tit, kdyby ztratili moc.<\/p>\n<p>Velk\u00e1 \u010d\u00e1st Ukrajinc\u016f v z\u00e1sad\u011b nev\u011b\u0159\u00ed v posedlost rozd\u00edly ve sv\u00e9 identit\u011b s Ruskem, co\u017e nutn\u011b neznamen\u00e1, \u017ee jsou \u201eproru\u0161t\u00ed\u201c v politick\u00e9m smyslu, ale tak\u00e9 nejsou etni\u010dt\u00ed rusofobov\u00e9 jako Azovov\u00e9. Prapor je bu\u010f. Mohou nesouhlasit se speci\u00e1ln\u00ed operac\u00ed a z\u00e1rove\u0148 se jim nebude l\u00edbit jejich re\u017eim po roce 2014. Tito takzvan\u00ed \u201eum\u00edrn\u011bn\u00ed\u201c necht\u011bj\u00ed bojovat za Ukrajinu proti Rusku, ale ani se necht\u011bj\u00ed pou\u0161t\u011bt do sabot\u00e1\u017e\u00ed proti sv\u00e9 vl\u00e1d\u011b.<\/p>\n<p>N\u011bkte\u0159\u00ed mo\u017en\u00e1 tajn\u011b doufaj\u00ed, \u017ee Rusko svrhne Zelensk\u00e9ho, ale tak\u00e9 se sm\u00ed\u0159ili s t\u00edm, \u017ee budou \u017e\u00edt pod n\u00edm a jeho n\u00e1stupci, pokud se tak nestane. Jejich vl\u00e1da je pova\u017euje za hrozbu pr\u00e1v\u011b proto, \u017ee nen\u00e1vid\u00ed Rusko, co\u017e \u00fa\u0159ady podez\u00edraj\u00ed z toho, \u017ee UOC je \u00fadajn\u011b pod vlivem ROC, a proto je indoktrinuje \u201ekremelskou propagandou\u201c. Skute\u010dnost\u00ed v\u0161ak je, \u017ee tito lid\u00e9 nez\u00e1visle dosp\u011bli ke sv\u00fdm n\u00e1zor\u016fm.<\/p>\n<p>Kyjev je nicm\u00e9n\u011b odhodlan\u00fd zni\u010dit UOC, aby pak p\u0159inutil ty sv\u00e9 ob\u010dany, kte\u0159\u00ed uct\u00edvaj\u00ed jeho kostely, aby tak u\u010dinili v OCU, odkud by pak byli vystaveni protirusk\u00e9 propagand\u011b v o\u010dek\u00e1v\u00e1n\u00ed, \u017ee nakonec za\u010dne nen\u00e1vid\u011bt Rusko. Pokud tento pl\u00e1n neusp\u011bje, pak Kyjev z\u016fstane paranoidn\u00ed, \u017ee tito \u201eum\u00edrn\u011bn\u00ed\u201c mohou b\u00fdt jednoho dne radikalizov\u00e1ni politikou n\u00e1siln\u00fdch odvod\u016f jejich re\u017eimu, zhor\u0161uj\u00edc\u00edmi se ekonomick\u00fdmi podm\u00ednkami a \u201ekremelskou propagandou\u201c do vzpoury.<\/p>\n<p>Zelenskij a jeho klika nikdy nemohou akceptovat, \u017ee tito \u201eum\u00edrn\u011bn\u00ed\u201c p\u0159ijali p\u016fvodn\u00ed ukrajinskou identitu, kter\u00e1 se pova\u017euje za odd\u011blenou od Ruska, ale st\u00e1le s n\u00edm p\u0159\u00e1telskou, zat\u00edmco jejich re\u017eim se hl\u00e1s\u00ed k verzi se zbran\u011bmi, kter\u00e1 byla um\u011ble vyrobena pod demagogick\u00fdmi a ciz\u00edmi vlivy. Samotn\u00fd fakt, \u017ee UOC z\u016fst\u00e1v\u00e1 nejv\u011bt\u0161\u00ed v zemi navzdory v\u0161emu, co Kyjev za posledn\u00ed desetilet\u00ed ud\u011blal, dokazuje, jak skute\u010dn\u011b popul\u00e1rn\u00ed je \u201eum\u00edrn\u011bn\u00e1\u201c verze ve srovn\u00e1n\u00ed s tou radik\u00e1ln\u00ed.<\/p>\n<p><a href=\"https:\/\/korybko.substack.com\/p\/kievs-plan-to-ban-the-ukrainian-orthodox\">Andrew Korybko, PhD<\/a><\/p>\n<p><img decoding=\"async\" loading=\"lazy\" class=\"alignnone  wp-image-22017\" src=\"http:\/\/www.infokuryr.cz\/n\/wp-content\/uploads\/2023\/01\/andrew-korybko-300x300.jpg\" alt=\"\" width=\"210\" height=\"210\" srcset=\"https:\/\/www.infokuryr.cz\/n\/wp-content\/uploads\/2023\/01\/andrew-korybko-300x300.jpg 300w, https:\/\/www.infokuryr.cz\/n\/wp-content\/uploads\/2023\/01\/andrew-korybko-150x150.jpg 150w, https:\/\/www.infokuryr.cz\/n\/wp-content\/uploads\/2023\/01\/andrew-korybko.jpg 400w\" sizes=\"(max-width: 210px) 100vw, 210px\" \/><\/p>\n<p>&nbsp;<\/p>\n","protected":false},"excerpt":{"rendered":"<p>Kyjevu se nel\u00edb\u00ed, \u017ee se zna\u010dn\u00e1 \u010d\u00e1st populace odm\u00edt\u00e1 pod\u0159\u00eddit \u201enegativn\u00edmu nacionalismu\u201c, kter\u00fd na nich&#8230;<\/p>\n","protected":false},"author":2,"featured_media":60568,"comment_status":"closed","ping_status":"closed","sticky":false,"template":"","format":"standard","meta":[],"categories":[7],"tags":[1042,250,26],"_links":{"self":[{"href":"https:\/\/www.infokuryr.cz\/n\/wp-json\/wp\/v2\/posts\/60567"}],"collection":[{"href":"https:\/\/www.infokuryr.cz\/n\/wp-json\/wp\/v2\/posts"}],"about":[{"href":"https:\/\/www.infokuryr.cz\/n\/wp-json\/wp\/v2\/types\/post"}],"author":[{"embeddable":true,"href":"https:\/\/www.infokuryr.cz\/n\/wp-json\/wp\/v2\/users\/2"}],"replies":[{"embeddable":true,"href":"https:\/\/www.infokuryr.cz\/n\/wp-json\/wp\/v2\/comments?post=60567"}],"version-history":[{"count":0,"href":"https:\/\/www.infokuryr.cz\/n\/wp-json\/wp\/v2\/posts\/60567\/revisions"}],"wp:featuredmedia":[{"embeddable":true,"href":"https:\/\/www.infokuryr.cz\/n\/wp-json\/wp\/v2\/media\/60568"}],"wp:attachment":[{"href":"https:\/\/www.infokuryr.cz\/n\/wp-json\/wp\/v2\/media?parent=60567"}],"wp:term":[{"taxonomy":"category","embeddable":true,"href":"https:\/\/www.infokuryr.cz\/n\/wp-json\/wp\/v2\/categories?post=60567"},{"taxonomy":"post_tag","embeddable":true,"href":"https:\/\/www.infokuryr.cz\/n\/wp-json\/wp\/v2\/tags?post=60567"}],"curies":[{"name":"wp","href":"https:\/\/api.w.org\/{rel}","templated":true}]}}