{"id":60551,"date":"2024-08-23T00:46:22","date_gmt":"2024-08-22T22:46:22","guid":{"rendered":"https:\/\/www.infokuryr.cz\/n\/?p=60551"},"modified":"2024-08-22T12:48:43","modified_gmt":"2024-08-22T10:48:43","slug":"foltyna-chyta-amok-rusove-zabiraji-na-ukrajine-dalsi-uzemi-nato-a-blackrocku","status":"publish","type":"post","link":"https:\/\/www.infokuryr.cz\/n\/2024\/08\/23\/foltyna-chyta-amok-rusove-zabiraji-na-ukrajine-dalsi-uzemi-nato-a-blackrocku\/","title":{"rendered":"Folt\u00fdna chyt\u00e1 amok: Rusov\u00e9 zab\u00edraj\u00ed na Ukrajin\u011b dal\u0161\u00ed \u00fazem\u00ed NATO a BlackRocku!"},"content":{"rendered":"<div id=\"fb-root\"><\/div>\n<div class=\"introtext\">\n<p><span style=\"font-size: 14pt;\"><strong>Div\u00edte se, \u017ee plukovn\u00edk Folt\u00fdn je v del\u00edriu a ka\u017ed\u00e9ho s krasavic\u00ed Dr\u00e1bovou sprost\u011b ur\u00e1\u017e\u00ed, co jim s\u00edly sta\u010d\u00ed? Oni u\u017e velmi dob\u0159e v\u011bd\u00ed, \u017ee p\u0159es zmanipulovan\u00e9 volby by n\u00e1rod Folt\u00fdny, Fialy a Pekarov\u00e9 rad\u011bji vid\u011bl v krimin\u00e1lu, ne\u017e ve vl\u00e1d\u011b!<\/strong><\/span><\/p>\n<\/div>\n<div class=\"fulltext\">\n<p>Parta z Pentagonu, NATO, Bruselu a jejich ratl\u00edk\u016f jako je Fiala, si Ukrajinu porcovala a loupala jak Jen\u00ed\u010dek pern\u00edkovou chaloupku. A zl\u00e1 je\u017eibaba (Rusko v \u010dele s Putinem) je nachytala p\u0159i \u010dinu a nyn\u00ed jim to d\u00e1v\u00e1 se\u017erat.<\/p>\n<p>Ale Putin samoz\u0159ejm\u011b v\u00ed, \u017ee my, ob\u010dan\u00e9 v\u00fdchodn\u00ed Evropy, bychom nikdy Rusko na na\u0161ich \u00fazem\u00edch nep\u0159ijali. Stejn\u011b tak, jako americkou, zabij\u00e1ckou a \u00fato\u010dnou arm\u00e1du. Tak\u017ee zelen\u00fd mozek Folt\u00fdn pl\u00e1\u010de na neprav\u00e9m hrob\u011b. On toti\u017e nepochopil, \u017ee\u00a0<strong>nejsme ani ukrajinsk\u00e1, ani rusk\u00e1, nato\u017e americk\u00e1 republika, ale \u010desk\u00e1!<\/strong>\u00a0Ale p\u0159ece nechcete od zelen\u00fdch mozk\u016f my\u0161lenku. Takov\u00e1 drzost: v\u00e1\u017en\u011b chcete, aby zelen\u00fd mozek p\u0159em\u00fd\u0161lel?<\/p>\n<table>\n<tbody>\n<tr>\n<td>I vl\u00e1da samoz\u0159ejm\u011b v\u00ed, \u017ee my v\u00edme, \u017ee trochu retardovan\u00fd<strong>\u00a0Folt\u00fdn je jen v\u011bji\u010dka a n\u00e1vnada na odv\u00e1d\u011bn\u00ed pozornosti, aby zlo\u010diny a pr\u00e1vn\u00ed paskvily nap\u0159\u00edklad u volebn\u00edho pr\u00e1va mohla vl\u00e1da prosadit<\/strong>,\u00a0zat\u00edmco hromosvod Folt\u00fdn plive ur\u00e1\u017eky a schyt\u00e1v\u00e1 vztek lid\u00ed. Nev\u00edme, zda to Folt\u00fdn v\u00ed, ale vl\u00e1da ho m\u00e1 za u\u017eite\u010dn\u00e9ho idiota, kdy i n\u00e1vrh rozpo\u010dtu je v utajen\u00e9m, totalitn\u00edm re\u017eimu, co\u017e si dokonce ani totalita komunistick\u00e1 nedovolila.<\/td>\n<\/tr>\n<\/tbody>\n<\/table>\n<p><span style=\"font-size: 14pt;\"><strong>A co sprost\u00e9ho lotra Folt\u00fdna tak rozb\u011bsnilo? I \u010desk\u00e1 m\u00e9dia u\u017e za\u010dala o Ukrajin\u011b pochybovat a dokonce i takov\u00e1, jako propagandistick\u00e9 Aktu\u00e1ln\u011b.cz<\/strong><\/span><\/p>\n<p><img decoding=\"async\" loading=\"lazy\" class=\"aligncenter\" src=\"https:\/\/www.skrytapravda.cz\/images\/blogy\/805\/2024\/8srpen\/Sn%C3%ADmek_obrazovky_12366_f0c33.webp\" alt=\"Sn\u00edmek obrazovky 12366 f0c33\" width=\"501\" height=\"561\" \/><\/p>\n<p>Posledn\u00ed zpr\u00e1vy z Ukrajiny: ukrajinsk\u00e9 zdroje!<\/p>\n<h1 class=\"sm:mt-1 2xl:text-[32px]\/10 sm:text-2xl\/8 font-extrabold dark:text-black-font text-[1.2rem]\/[1.5rem] pb-[10px]\">Boje v Don\u011bck\u00e9 oblasti: Rusk\u00e1 arm\u00e1da dobyla dal\u0161\u00ed t\u0159i osady \u2013 DeepState<\/h1>\n<p>Od ukrajinsk\u00e9 novin\u00e1\u0159ky Julie Dudun<\/p>\n<p class=\"sm:mt-1 md:text-xl\/8 dark:text-black-font text-black-header text-base\">Rusov\u00e9 pokra\u010duj\u00ed v postupu a obsazuj\u00ed nov\u00e1 \u00fazem\u00ed Don\u011bck\u00e9 oblasti.<\/p>\n<p><img decoding=\"async\" class=\"aligncenter\" src=\"https:\/\/www.skrytapravda.cz\/images\/blogy\/805\/2024\/8srpen\/66c677ccaa33d7.44288575_79e13.webp\" alt=\"66c677ccaa33d7.44288575 79e13\" \/><\/p>\n<p>Ru\u0161t\u00ed \u00fato\u010dn\u00edci pokra\u010duj\u00ed v postupu v Don\u011bck\u00e9 oblasti . Poda\u0159ilo se jim zachytit \u0159adu osad v regionu. Komyshevka, Zavetnoye a Novozhelanie byly pod kontrolou okupant\u016f. Informoval o tom v noci na 22. srpna port\u00e1l DeepState a zve\u0159ejnil aktualizovanou mapu. Je t\u0159eba poznamenat, \u017ee krom\u011b dobyt\u00ed t\u011bchto vesnic m\u011bli Rusov\u00e9 tak\u00e9 \u00fasp\u011bchy u Nikolaevky ve sm\u011bru Pokrovsk\u00e9ho. Situace je st\u00e1le velmi obt\u00ed\u017en\u00e1.<\/p>\n<p><span style=\"font-size: 14pt;\"><em>&#8222;Nep\u0159\u00edtel dobyl Kamyshevku, Zavetnoe a Novozhelanie a postoupil pobl\u00ed\u017e Nikolaevky,&#8220; p\u00ed\u0161e se ve zpr\u00e1v\u011b.<\/em><\/span><\/p>\n<p>Je zde pr\u00fd jedna dobr\u00e1 zpr\u00e1va:<\/p>\n<p>Ukrajinci ovl\u00e1dli vesnici Vi\u0161n\u011bvka jihoz\u00e1padn\u011b od Korenevoy a 14 km od mezin\u00e1rodn\u00ed hranice. (To je tam, co jsou civilist\u00e9 od\u0159\u00edznuti od Ruska)<\/p>\n<h2>Bojuje o Donbas<\/h2>\n<div class=\"info_box leva_tretina jpalert\">\n<div class=\"explanationContent\"><em>BlackRock, Inc. je americk\u00e1 celosv\u011btov\u011b operuj\u00edc\u00ed investi\u010dn\u00ed korporace a spr\u00e1vce finan\u010dn\u00edch fond\u016f se s\u00eddlem v New Yorku.<\/em><\/div>\n<\/div>\n<p>Nej\u017ehav\u011bj\u0161\u00ed je nyn\u00ed sm\u011br Don\u011bck. \u00dato\u010dn\u00edci vynakl\u00e1daj\u00ed ve\u0161ker\u00e9 \u00fasil\u00ed, aby dos\u00e1hli administrativn\u00edch hranic regionu. V sou\u010dasn\u00e9 dob\u011b prob\u00edhaj\u00ed t\u011b\u017ek\u00e9 boje o New York. D\u0159\u00edve se objevily informace, \u017ee ho dobyli Rusov\u00e9, ale pozd\u011bji ozn\u00e1mili, \u017ee n\u011bkter\u00e9 boje ve m\u011bst\u011b pokra\u010duj\u00ed .<\/p>\n<p>Okupanti se p\u0159ibl\u00ed\u017eili k Toretsku a Pokrovsku. V sou\u010dasn\u00e9 dob\u011b prob\u00edh\u00e1 evakuace civilist\u016f z t\u011bchto m\u011bst. Nedostatek opevn\u011bn\u00ed a logistiky zpochyb\u0148uje schopnost ukrajinsk\u00fdch ozbrojen\u00fdch sil zastavit postup nep\u0159\u00edtele. Za zm\u00ednku stoj\u00ed, \u017ee Pokrovsk je posledn\u00edm m\u011bstem v Don\u011bck\u00e9 oblasti, po kter\u00e9m za\u010d\u00edn\u00e1 Dn\u011bpropetrovsk\u00e1 oblast.<\/p>\n<p>Odborn\u00edci tvrd\u00ed, \u017ee k \u00fatoku na m\u011bsto bude nep\u0159\u00edtel pot\u0159ebovat zna\u010dn\u00e9 zdroje, kter\u00fdch je v sou\u010dasn\u00e9 dob\u011b v rusk\u00e9 arm\u00e1d\u011b nedostate\u010dn\u00e1. \u00dasp\u011b\u0161n\u00fd sc\u00e9n\u00e1\u0159 by v\u0161ak nem\u011bl b\u00fdt vylou\u010den.<\/p>\n<p><strong>\u00a0Ale t\u0159eba z Ukrajinc\u016f ud\u011bl\u00e1 p\u0159i dal\u0161\u00edch volb\u00e1ch vl\u00e1da naturalizovan\u00e9 \u010cechy a za premi\u00e9ra do Strakovky zvol\u00ed Zelensk\u00e9ho. Podvodn\u00fd, nov\u00fd, antidatovan\u00fd volebn\u00ed z\u00e1kon je k tomu upraven.<\/strong><\/p>\n<div class=\"clauthor\">\n<div id=\"article_author\"><a href=\"https:\/\/www.skrytapravda.cz\/ze-zahranici\/2065-foltyna-chyta-amok-rusove-na-ukrajine-zabiraji-na-ukrajine-uzemi-nato-a-blackrocku\">Petr Pokorn\u00fd<\/a><\/div>\n<div><\/div>\n<\/div>\n<\/div>\n","protected":false},"excerpt":{"rendered":"<p>Div\u00edte se, \u017ee plukovn\u00edk Folt\u00fdn je v del\u00edriu a ka\u017ed\u00e9ho s krasavic\u00ed Dr\u00e1bovou sprost\u011b ur\u00e1\u017e\u00ed,&#8230;<\/p>\n","protected":false},"author":2,"featured_media":60552,"comment_status":"closed","ping_status":"closed","sticky":false,"template":"","format":"standard","meta":[],"categories":[6],"tags":[28,7505,1503,158,26],"_links":{"self":[{"href":"https:\/\/www.infokuryr.cz\/n\/wp-json\/wp\/v2\/posts\/60551"}],"collection":[{"href":"https:\/\/www.infokuryr.cz\/n\/wp-json\/wp\/v2\/posts"}],"about":[{"href":"https:\/\/www.infokuryr.cz\/n\/wp-json\/wp\/v2\/types\/post"}],"author":[{"embeddable":true,"href":"https:\/\/www.infokuryr.cz\/n\/wp-json\/wp\/v2\/users\/2"}],"replies":[{"embeddable":true,"href":"https:\/\/www.infokuryr.cz\/n\/wp-json\/wp\/v2\/comments?post=60551"}],"version-history":[{"count":1,"href":"https:\/\/www.infokuryr.cz\/n\/wp-json\/wp\/v2\/posts\/60551\/revisions"}],"predecessor-version":[{"id":60553,"href":"https:\/\/www.infokuryr.cz\/n\/wp-json\/wp\/v2\/posts\/60551\/revisions\/60553"}],"wp:featuredmedia":[{"embeddable":true,"href":"https:\/\/www.infokuryr.cz\/n\/wp-json\/wp\/v2\/media\/60552"}],"wp:attachment":[{"href":"https:\/\/www.infokuryr.cz\/n\/wp-json\/wp\/v2\/media?parent=60551"}],"wp:term":[{"taxonomy":"category","embeddable":true,"href":"https:\/\/www.infokuryr.cz\/n\/wp-json\/wp\/v2\/categories?post=60551"},{"taxonomy":"post_tag","embeddable":true,"href":"https:\/\/www.infokuryr.cz\/n\/wp-json\/wp\/v2\/tags?post=60551"}],"curies":[{"name":"wp","href":"https:\/\/api.w.org\/{rel}","templated":true}]}}