{"id":6055,"date":"2021-11-10T04:05:51","date_gmt":"2021-11-10T03:05:51","guid":{"rendered":"http:\/\/www.infokuryr.cz\/n\/?p=6055"},"modified":"2021-11-10T04:05:51","modified_gmt":"2021-11-10T03:05:51","slug":"imigranti-rozbili-tabor-v-kuznici-mimoradne-se-schazi-polsky-sejm","status":"publish","type":"post","link":"https:\/\/www.infokuryr.cz\/n\/2021\/11\/10\/imigranti-rozbili-tabor-v-kuznici-mimoradne-se-schazi-polsky-sejm\/","title":{"rendered":"Imigranti rozbili t\u00e1bor v Ku\u017anici: Mimo\u0159\u00e1dn\u011b se sch\u00e1z\u00ed polsk\u00fd Sejm"},"content":{"rendered":"<div id=\"fb-root\"><\/div>\n<p>Imigranti rozbili t\u00e1bor na hlavn\u00edm hrani\u010dn\u00edm p\u0159echodu v Ku\u017anici. Ke kritick\u00e9 situaci mimo\u0159\u00e1dn\u011b zased\u00e1 Sejm.<\/p>\n<p>Tlak na Polsko a EU nar\u016fst\u00e1. Ministr zahrani\u010d\u00ed RF Lavrov u\u017e vyb\u00eddl EU, a\u0165 plat\u00ed B\u011blorusku za zadr\u017eov\u00e1n\u00ed imigrant\u016f obdobn\u00fd bak\u0161i\u0161, jako plat\u00ed Turecku.<\/p>\n<p>Pol\u00e1k\u016fm a cel\u00e9 EU se vrac\u00ed to, co sami d\u011blali! Po \u0159\u00e1dn\u00fdch volb\u00e1ch v B\u011blorusku zavedli vm\u011b\u0161ov\u00e1n\u00ed do b\u011blorusk\u00fdch vnit\u0159n\u00edch z\u00e1le\u017eitost\u00ed a te\u010f f\u0148ukaj\u00ed nad rozlit\u00fdm ml\u00e9kem.<\/p>\n<p><a href=\"https:\/\/wiadomosci.gazeta.pl\/wiadomosci\/14,166794,27782631.html#s=BoxM\">ZDROJ<\/a><\/p>\n","protected":false},"excerpt":{"rendered":"<p>Imigranti rozbili t\u00e1bor na hlavn\u00edm hrani\u010dn\u00edm p\u0159echodu v Ku\u017anici. Ke kritick\u00e9 situaci mimo\u0159\u00e1dn\u011b zased\u00e1 Sejm&#8230;.<\/p>\n","protected":false},"author":2,"featured_media":3803,"comment_status":"closed","ping_status":"closed","sticky":false,"template":"","format":"standard","meta":[],"categories":[7],"tags":[41,31,148],"_links":{"self":[{"href":"https:\/\/www.infokuryr.cz\/n\/wp-json\/wp\/v2\/posts\/6055"}],"collection":[{"href":"https:\/\/www.infokuryr.cz\/n\/wp-json\/wp\/v2\/posts"}],"about":[{"href":"https:\/\/www.infokuryr.cz\/n\/wp-json\/wp\/v2\/types\/post"}],"author":[{"embeddable":true,"href":"https:\/\/www.infokuryr.cz\/n\/wp-json\/wp\/v2\/users\/2"}],"replies":[{"embeddable":true,"href":"https:\/\/www.infokuryr.cz\/n\/wp-json\/wp\/v2\/comments?post=6055"}],"version-history":[{"count":0,"href":"https:\/\/www.infokuryr.cz\/n\/wp-json\/wp\/v2\/posts\/6055\/revisions"}],"wp:featuredmedia":[{"embeddable":true,"href":"https:\/\/www.infokuryr.cz\/n\/wp-json\/wp\/v2\/media\/3803"}],"wp:attachment":[{"href":"https:\/\/www.infokuryr.cz\/n\/wp-json\/wp\/v2\/media?parent=6055"}],"wp:term":[{"taxonomy":"category","embeddable":true,"href":"https:\/\/www.infokuryr.cz\/n\/wp-json\/wp\/v2\/categories?post=6055"},{"taxonomy":"post_tag","embeddable":true,"href":"https:\/\/www.infokuryr.cz\/n\/wp-json\/wp\/v2\/tags?post=6055"}],"curies":[{"name":"wp","href":"https:\/\/api.w.org\/{rel}","templated":true}]}}