{"id":60548,"date":"2024-08-23T00:39:48","date_gmt":"2024-08-22T22:39:48","guid":{"rendered":"https:\/\/www.infokuryr.cz\/n\/?p=60548"},"modified":"2024-08-22T12:39:06","modified_gmt":"2024-08-22T10:39:06","slug":"jiri-vyvadil-to-jsem-v-nasem-tisku-nezaznamenal","status":"publish","type":"post","link":"https:\/\/www.infokuryr.cz\/n\/2024\/08\/23\/jiri-vyvadil-to-jsem-v-nasem-tisku-nezaznamenal\/","title":{"rendered":"Ji\u0159\u00ed Vyvadil: To jsem v na\u0161em tisku nezaznamenal\u2026"},"content":{"rendered":"<div id=\"fb-root\"><\/div>\n<p><strong>V\u00e1le\u010dn\u00e1 z\u00e1padn\u00ed propaganda ve prosp\u011bch v\u00edt\u011bzstv\u00ed ukrajinsk\u00fdch zbran\u00ed v Kursku jede na pln\u00e9 obr\u00e1tky, i kdy\u017e bohud\u00edk u\u017e se oz\u00fdvaj\u00ed i st\u0159\u00edzliv\u00e9 hlasy, \u017ee to s t\u00edm triumf\u00e1ln\u00edm v\u00edt\u011bzstv\u00edm nen\u00ed tak \u017ehav\u00e9 a dokonce (chv\u00e1la Bohu) ob\u010das zazn\u00ed, \u017ee ta cel\u00e1 bombastick\u00e1 akce m\u016f\u017ee skon\u010dit pro Ukrajinu- jak jinak \u2013 fiaskem.<\/strong><\/p>\n<p>M\u016fj obl\u00edben\u00fd \u2013 a st\u00e1le opakuji- nejv\u00edce objektivn\u00ed, nez\u00e1visl\u00fd ukrajinsk\u00fd\u00a0 port\u00e1l Strana.ua \u010derpaj\u00edc\u00ed informace ze v\u0161ech seri\u00f3zn\u00edch zdroj\u016f, kter\u00e1 d\u00e1l vyvrac\u00ed z\u00e1padn\u00ed mantru, jak je cel\u00e1 ta kursk\u00e1 operace fajn a v\u00a0po\u0159\u00e1dku.<\/p>\n<p>A t\u00fdk\u00e1 se to jmenovit\u011b jedn\u00e9 ot\u00e1zky: bezpe\u010dn\u00e9ho fungov\u00e1n\u00ed kursk\u00e9 jadern\u00e9 elektr\u00e1rny.<\/p>\n<p>\u2026 \u0160\u00e9f Mezin\u00e1rodn\u00ed agentury pro atomovou energii (MAAE) Rafael Grossi hodl\u00e1 p\u0159\u00ed\u0161t\u00ed t\u00fdden nav\u0161t\u00edvit jadernou elektr\u00e1rnu v Kursku.<\/p>\n<p>Rafael Grossi o tom informoval den\u00edk The Financial Times.<\/p>\n<p>Uvedl tak\u00e9, \u017ee \u201evelmi v\u00e1\u017en\u011b\u201c hodnot\u00ed riziko po\u0161kozen\u00ed jadern\u00e9 elektr\u00e1rny Kursk v d\u016fsledku ofenzivy ukrajinsk\u00fdch ozbrojen\u00fdch sil v oblasti Kursk.<\/p>\n<p>\u201eJadern\u00e1 elektr\u00e1rna je technicky v dosahu d\u011blost\u0159electva od ukrajinsk\u00fdch pozic, a proto\u017ee se tam bojuje, jsem velmi znepokojen,\u201c \u0159ekl Grossi.<\/p>\n<p>Dod\u00e1v\u00e1m:\u00a0 \u201eJednejte, pros\u00edm.\u201c<\/p>\n<p><a href=\"https:\/\/vasevec.info\/komentare\/jsem-v-nasem-tisku-nezaznamenal\">Ji\u0159\u00ed Vyvadil<\/a><\/p>\n<p><img decoding=\"async\" loading=\"lazy\" class=\"alignnone size-medium wp-image-16474\" src=\"http:\/\/www.infokuryr.cz\/n\/wp-content\/uploads\/2022\/10\/jiri-vyvadil-300x200.jpg\" alt=\"\" width=\"300\" height=\"200\" srcset=\"https:\/\/www.infokuryr.cz\/n\/wp-content\/uploads\/2022\/10\/jiri-vyvadil-300x200.jpg 300w, https:\/\/www.infokuryr.cz\/n\/wp-content\/uploads\/2022\/10\/jiri-vyvadil-768x512.jpg 768w, https:\/\/www.infokuryr.cz\/n\/wp-content\/uploads\/2022\/10\/jiri-vyvadil.jpg 800w\" sizes=\"(max-width: 300px) 100vw, 300px\" \/><\/p>\n<p>&nbsp;<\/p>\n","protected":false},"excerpt":{"rendered":"<p>V\u00e1le\u010dn\u00e1 z\u00e1padn\u00ed propaganda ve prosp\u011bch v\u00edt\u011bzstv\u00ed ukrajinsk\u00fdch zbran\u00ed v Kursku jede na pln\u00e9 obr\u00e1tky, i&#8230;<\/p>\n","protected":false},"author":2,"featured_media":22966,"comment_status":"closed","ping_status":"closed","sticky":false,"template":"","format":"standard","meta":[],"categories":[6],"tags":[1503,264,26],"_links":{"self":[{"href":"https:\/\/www.infokuryr.cz\/n\/wp-json\/wp\/v2\/posts\/60548"}],"collection":[{"href":"https:\/\/www.infokuryr.cz\/n\/wp-json\/wp\/v2\/posts"}],"about":[{"href":"https:\/\/www.infokuryr.cz\/n\/wp-json\/wp\/v2\/types\/post"}],"author":[{"embeddable":true,"href":"https:\/\/www.infokuryr.cz\/n\/wp-json\/wp\/v2\/users\/2"}],"replies":[{"embeddable":true,"href":"https:\/\/www.infokuryr.cz\/n\/wp-json\/wp\/v2\/comments?post=60548"}],"version-history":[{"count":0,"href":"https:\/\/www.infokuryr.cz\/n\/wp-json\/wp\/v2\/posts\/60548\/revisions"}],"wp:featuredmedia":[{"embeddable":true,"href":"https:\/\/www.infokuryr.cz\/n\/wp-json\/wp\/v2\/media\/22966"}],"wp:attachment":[{"href":"https:\/\/www.infokuryr.cz\/n\/wp-json\/wp\/v2\/media?parent=60548"}],"wp:term":[{"taxonomy":"category","embeddable":true,"href":"https:\/\/www.infokuryr.cz\/n\/wp-json\/wp\/v2\/categories?post=60548"},{"taxonomy":"post_tag","embeddable":true,"href":"https:\/\/www.infokuryr.cz\/n\/wp-json\/wp\/v2\/tags?post=60548"}],"curies":[{"name":"wp","href":"https:\/\/api.w.org\/{rel}","templated":true}]}}