{"id":60547,"date":"2024-08-23T00:36:38","date_gmt":"2024-08-22T22:36:38","guid":{"rendered":"https:\/\/www.infokuryr.cz\/n\/?p=60547"},"modified":"2024-08-22T12:35:11","modified_gmt":"2024-08-22T10:35:11","slug":"foltyn-pritvrdil-po-svinich-prirovnal-lidi-k-pedofilum","status":"publish","type":"post","link":"https:\/\/www.infokuryr.cz\/n\/2024\/08\/23\/foltyn-pritvrdil-po-svinich-prirovnal-lidi-k-pedofilum\/","title":{"rendered":"Folt\u00fdn p\u0159itvrdil. Po svin\u00edch p\u0159irovnal lidi k pedofil\u016fm"},"content":{"rendered":"<div id=\"fb-root\"><\/div>\n<p><strong>Dal\u0161\u00ed bl\u00e1boly plukovn\u00edka Folt\u00fdna, kter\u00fd zjevn\u011b nech\u00e1pe, co je ps\u00e1no v\u00a0\u00dastav\u011b \u010cR a\u00a0sv\u00e9 vzory nach\u00e1z\u00ed v\u00a0nejhor\u0161\u00edch totalitn\u00edch re\u017eimech sv\u011bta. Bravo, Fialo, bravo vl\u00e1dn\u00ed \u00b4demokrat\u00e9\u00b4, Folt\u00fdnov\u00fdm jmenov\u00e1n\u00edm do funkce jste se demaskovali!<\/strong><\/p>\n<p class=\"description\"><b>Iniciativa Zbran\u011b pro Ukrajinu uspo\u0159\u00e1dala mezin\u00e1rodn\u00ed sb\u00edrku na IFSK l\u00e9k\u00e1rni\u010dky pro Ukrajinu. Jedn\u00edm z\u00a0host\u016f byl i\u00a0vl\u00e1dn\u00ed koordin\u00e1tor strategick\u00e9 komunikace Folt\u00fdn, kter\u00fd p\u0159irovnal lidi s\u00a0jin\u00fdm n\u00e1zorem k\u00a0pedofil\u016fm.<\/b><\/p>\n<p>B\u011bhem akce seznamoval vl\u00e1dn\u00ed zmocn\u011bnec pro strategickou komunikaci Otakar Folt\u00fdn hosty s\u00a0t\u00edm, jak jeho nov\u00fd \u00fa\u0159ad funguje a\u00a0co je jeho z\u00e1m\u011brem. Ten sam\u00fd plukovn\u00edk Folt\u00fdn, kter\u00fd ned\u00e1vno nazval \u010d\u00e1st n\u00e1roda svin\u011bmi.<\/p>\n<p>\u201eFungujeme od 15.\u00a0\u010dervence, do t\u00e9 doby to byla jen takov\u00e1 p\u0159\u00edprava, takov\u00e1 improvizace,\u201c \u0159ekl Otakar Folt\u00fdn s\u00a0t\u00edm, \u017ee n\u011bkter\u00e9 sv\u00e9 hodnotov\u00e9 postoje u\u017e prezentoval.<\/p>\n<p>Folt\u00fdn d\u00e1le prohl\u00e1sil, \u017ee byl z\u00e1m\u011brn\u011b explicitn\u00ed, i\u00a0kdy\u017e z\u00e1rove\u0148 dodal, \u017ee to je oblast, kam d\u00e1le nechce j\u00edt, proto\u017ee tam nen\u00ed diskuse mo\u017en\u00e1.<\/p>\n<p>\u201eStrategick\u00e1 komunikace m\u00e1 b\u00fdt spojuj\u00edc\u00ed,\u201c vysv\u011btloval d\u00e1l Folt\u00fdn a\u00a0uk\u00e1zal na Spole\u010dnost pro obranu svobody projevu, kter\u00e1 se v\u016f\u010di Folt\u00fdnovi ji\u017e n\u011bkolikr\u00e1t velmi siln\u011b vymezila.<br \/>\n\u201ePak ta diskuse m\u016f\u017ee doj\u00edt tak daleko, \u017ee v\u00e1m no\u0161en\u00ed tri\u010dka m\u016f\u017ee vy\u010d\u00edtat Spole\u010dnost pro obranu svobody projevu, kter\u00e1 v\u00e1m vy\u010d\u00edt\u00e1, \u017ee jsem se projevil sv\u00fdm tri\u010dkem, co\u017e u\u017e je absurdn\u00ed,\u201c nam\u00edtl Folt\u00fdn a\u00a0pokra\u010doval t\u00edm proti komu bude jeho \u00fa\u0159ad c\u00edlit.<\/p>\n<p>\u201eExistuje mal\u00e1 \u010d\u00e1st extr\u00e9mn\u00edch n\u00e1zor\u016f, kter\u00e9 si jejich nositel\u00e9 mohou \u0159\u00edkat, to spad\u00e1 pod svobodu slova, ale rozhodn\u011b nepat\u0159\u00ed do ve\u0159ejn\u00e9 debaty. Schvalov\u00e1n\u00ed agrese nepat\u0159\u00ed do debaty. M\u016f\u017ee si to \u0159\u00edkat, ale nem\u016f\u017ee se dovol\u00e1vat pr\u00e1va, aby to bylo \u0161\u00ed\u0159en\u00e9 ve ve\u0159ejn\u00e9 debat\u011b,\u201c prohl\u00e1sil r\u00e1zn\u011b Folt\u00fdn.<\/p>\n<p>A podle n\u011bj pr\u00e1v\u011b u\u00a0radik\u00e1ln\u00edch n\u00e1zor\u016f mus\u00ed spole\u010dnost \u0159\u00edct, \u017ee je nechce.<\/p>\n<p>\u201eU radik\u00e1ln\u00edch n\u00e1zor\u016f mus\u00edme \u0159\u00edct, \u017ee tohle nechceme, to jsem \u0159ekl a\u00a0za t\u00edm si stoj\u00edm,\u201c \u0159ekl Folt\u00fdn.<\/p>\n<p>N\u00e1sledn\u011b Folt\u00fdn vysv\u011btloval a\u00a0uv\u00e1d\u011bl, jak\u00e9 jsou hodnoty v\u011bt\u0161inov\u00e9 spole\u010dnosti, kter\u00e9 chce jeho \u00fa\u0159ad vyzdvihovat. V\u00a0jeho v\u00fd\u010dtu nechyb\u011bla \u201esvoboda, d\u016fstojnost, spravedlnosti, suverenita, soucitu \u010di\u00a0toleranci.\u201c<br \/>\nPot\u00e9 se ale op\u011bt vr\u00e1til k\u00a0t\u011bm lidem, kter\u00e9 je pot\u0159eba od v\u011bt\u0161inov\u00e9 spole\u010dnosti odd\u011blit p\u0159\u00edkopem.<br \/>\n<ins class=\"adsbygoogle adsbygoogle-noablate\" data-ad-format=\"auto\" data-ad-client=\"ca-pub-7600221500005189\" data-adsbygoogle-status=\"done\" data-ad-status=\"filled\"><\/ins><\/p>\n<p>\u201eJe pot\u0159eba vykopat p\u0159\u00edkop mezi v\u011bt\u0161inovou spole\u010dnost\u00ed a\u00a0t\u011bmi, kte\u0159\u00ed \u0159\u00edkaj\u00ed, \u017ee Rus\u00e1ci nem\u011bli odj\u00ed\u017ed\u011bt, \u017ee tu m\u011bli z\u016fstat, \u017ee to bylo v\u00a0roce 1968 dob\u0159e a\u00a0podobn\u011b. To je v\u00a0takov\u00e9m rozporu se z\u00e1jmy \u010cesk\u00e9 republiky, \u017ee to nelze tolerovat,\u201c vychrlil ze sebe Folt\u00fdn.<\/p>\n<p>A kolik takov\u00fdch lid\u00ed podle plukovn\u00edka je? \u201cOdpojen\u00fdch\u201d od syst\u00e9mu je podle n\u011bj p\u0159ibli\u017en\u011b 4,5\u00a0% a\u00a0v\u011bt\u0161ina z\u00a0nich jde vr\u00e1tit do hodnotov\u00e9 spole\u010dnosti, ve sv\u00e9 radik\u00e1lnosti jsou podle Folt\u00fdna jen proto, \u017ee jsou zklaman\u00ed, ne\u0161\u0165astn\u00ed. Pak ale dodal, \u017ee jsou v\u00a0\u010cR des\u00edtky tis\u00edc lid\u00ed, kte\u0159\u00ed jsou nen\u00e1vratn\u011b ztracen\u00ed a\u00a0proti syst\u00e9mu \u010cesk\u00e9 republiky.<\/p>\n<p>\u201eJsou tu des\u00edtky tis\u00edc lid\u00ed, kter\u00e9 by v\u00edtaly, kdyby tu skute\u010dn\u011b jezdily rusk\u00e9 tanky a\u00a0v\u016f\u010di t\u011bm \u017e\u00e1dn\u00e1 tolerance neplat\u00ed,\u201c \u0159ekl s\u00a0bojov\u00fdm nasazen\u00edm plukovn\u00edk.<\/p>\n<p>No a\u00a0co znamenaj\u00ed p\u0159\u00edkopy, kter\u00e9 kolem takov\u00fdch lid\u00ed maj\u00ed vyr\u016fst?<\/p>\n<p>\u201eTo, co hl\u00e1s\u00e1te, je natolik odporn\u00e9, \u017ee se s\u00a0v\u00e1mi v\u016fbec nebudeme bavit,\u201c pokra\u010doval Folt\u00fdn a\u00a0n\u00e1sledn\u011b p\u0159irovnal takov\u00e9 lidi k\u00a0pedofil\u016fm.<\/p>\n<p>\u201ePedofily tak\u00e9 nezav\u00edr\u00e1me, ale nechceme, aby chodili do debaty a\u00a0\u0159\u00edkali, jak\u00e9 je to super m\u00edt takovou \u00fachylku. A\u00a0\u00fachylka na to, \u017ee byste kolaborovali s\u00a0okupantem, je p\u0159inejmen\u0161\u00edm stejn\u011b odporn\u00e1,\u201c prohl\u00e1sil Folt\u00fdn.<\/p>\n<p><em><a href=\"https:\/\/www.prvnizpravy.cz\/zpravy\/politika\/foltyn-pritvrdil-po-svinich-prirovnal-lidi-k-pedofilum\/\">ZDROJ<\/a><\/em><\/p>\n<p>&nbsp;<\/p>\n","protected":false},"excerpt":{"rendered":"<p>Dal\u0161\u00ed bl\u00e1boly plukovn\u00edka Folt\u00fdna, kter\u00fd zjevn\u011b nech\u00e1pe, co je ps\u00e1no v\u00a0\u00dastav\u011b \u010cR a\u00a0sv\u00e9 vzory nach\u00e1z\u00ed&#8230;<\/p>\n","protected":false},"author":2,"featured_media":60304,"comment_status":"closed","ping_status":"closed","sticky":false,"template":"","format":"standard","meta":[],"categories":[6],"tags":[7505,3891,7760],"_links":{"self":[{"href":"https:\/\/www.infokuryr.cz\/n\/wp-json\/wp\/v2\/posts\/60547"}],"collection":[{"href":"https:\/\/www.infokuryr.cz\/n\/wp-json\/wp\/v2\/posts"}],"about":[{"href":"https:\/\/www.infokuryr.cz\/n\/wp-json\/wp\/v2\/types\/post"}],"author":[{"embeddable":true,"href":"https:\/\/www.infokuryr.cz\/n\/wp-json\/wp\/v2\/users\/2"}],"replies":[{"embeddable":true,"href":"https:\/\/www.infokuryr.cz\/n\/wp-json\/wp\/v2\/comments?post=60547"}],"version-history":[{"count":0,"href":"https:\/\/www.infokuryr.cz\/n\/wp-json\/wp\/v2\/posts\/60547\/revisions"}],"wp:featuredmedia":[{"embeddable":true,"href":"https:\/\/www.infokuryr.cz\/n\/wp-json\/wp\/v2\/media\/60304"}],"wp:attachment":[{"href":"https:\/\/www.infokuryr.cz\/n\/wp-json\/wp\/v2\/media?parent=60547"}],"wp:term":[{"taxonomy":"category","embeddable":true,"href":"https:\/\/www.infokuryr.cz\/n\/wp-json\/wp\/v2\/categories?post=60547"},{"taxonomy":"post_tag","embeddable":true,"href":"https:\/\/www.infokuryr.cz\/n\/wp-json\/wp\/v2\/tags?post=60547"}],"curies":[{"name":"wp","href":"https:\/\/api.w.org\/{rel}","templated":true}]}}